{"id":16580,"date":"2014-04-03T00:00:00","date_gmt":"2014-04-02T22:00:00","guid":{"rendered":"https:\/\/www.guineediversite.com\/index.php\/2014\/04\/03\/030414-frontiere-guinee-senegal-les-precisions-du-ministre-de-la-cooperation-internationale-2\/"},"modified":"2014-04-03T00:00:00","modified_gmt":"2014-04-02T22:00:00","slug":"030414-frontiere-guinee-senegal-les-precisions-du-ministre-de-la-cooperation-internationale-2","status":"publish","type":"post","link":"https:\/\/guineediversite.com\/index.php\/2014\/04\/03\/030414-frontiere-guinee-senegal-les-precisions-du-ministre-de-la-cooperation-internationale-2\/","title":{"rendered":"03\/04\/14 Fronti\u00e8re Guin\u00e9e-S\u00e9n\u00e9gal : les pr\u00e9cisions du ministre de la coop\u00e9ration internationale"},"content":{"rendered":"<p>Le ministre de la coop\u00e9ration internationale s\u2019est exprim\u00e9 ce mercredi au micro de guin\u00e9ediversite.com sur la fermeture de la fronti\u00e8re entre la Guin\u00e9e et le S\u00e9n\u00e9gal et les affrontements qui ont \u00e9t\u00e9 signal\u00e9 \u00e0 ce niveau entre guin\u00e9ens bloqu\u00e9s  de part et d\u2019autre de la fronti\u00e8re et des citoyens S\u00e9n\u00e9galais.<br \/>\n Selon le ministre guin\u00e9en Koutoub Moustapha Sano, le probl\u00e8me a \u00e9t\u00e9 partiellement r\u00e9solu. Au cours de notre entretient, le ministre de la coop\u00e9ration a indiqu\u00e9 que jusque tard hier,  qu\u2019il \u00e9tait en contact avec l\u2019ambassadeur du S\u00e9n\u00e9gal en Guin\u00e9e pour  trouver comment sensibiliser les deux parties pour permettre aux guin\u00e9ens de rentrer chez eux et permettre aux s\u00e9n\u00e9galais de rentrer chez eux et de mettre fin \u00e0 \u00ab cette situation non confortable \u00bb. Koutoub Moustapha Sano annonce qu\u2019\u00e0 ce jour, la rentr\u00e9e des guin\u00e9ens  dans leurs pays et le d\u00e9placement des s\u00e9n\u00e9galais pour la Guin\u00e9e n\u2019est plus bloqu\u00e9. \u00ab Ce qui reste maintenant c\u2019est de l\u2019autre cot\u00e9, permettre aux guin\u00e9ens qui veulent se rendre au S\u00e9n\u00e9gal  ou de permettre au S\u00e9n\u00e9galais qui veulent se retourner  dans leur pays de le faire librement \u00bb ajoute le ministre guin\u00e9en de la coop\u00e9ration internationale.<br \/>\nToute fois, Koutoub Moustapha  Sano estime la r\u00e9solution totale de ce probl\u00e8me est une question de temps. \u00ab Le S\u00e9n\u00e9gal \u00e9tant un pays  fr\u00e8re et ami, une solution ad\u00e9quate et rapide sera trouv\u00e9 dans les prochains jours  pour permettre de soulager nos deux populations \u00bb soutient-il.<br \/>\nBah Kour\u00e9<\/p>\n","protected":false},"excerpt":{"rendered":"<p>Le ministre de la coop\u00e9ration internationale s\u2019est exprim\u00e9 ce mercredi au micro de guin\u00e9ediversite.com sur la fermeture de la fronti\u00e8re entre la Guin\u00e9e et le S\u00e9n\u00e9gal et les affrontements qui ont \u00e9t\u00e9 signal\u00e9 \u00e0 ce niveau entre guin\u00e9ens bloqu\u00e9s de part et d\u2019autre de la fronti\u00e8re et des citoyens S\u00e9n\u00e9galais. Selon le ministre guin\u00e9en Koutoub [&hellip;]<\/p>\n","protected":false},"author":12,"featured_media":0,"comment_status":"open","ping_status":"open","sticky":false,"template":"","format":"standard","meta":{"_exactmetrics_skip_tracking":false,"_exactmetrics_sitenote_active":false,"_exactmetrics_sitenote_note":"","_exactmetrics_sitenote_category":0,"tdm_status":"","tdm_grid_status":"","footnotes":""},"categories":[28],"tags":[],"class_list":{"0":"post-16580","1":"post","2":"type-post","3":"status-publish","4":"format-standard","6":"category-archives"},"yoast_head":"<!-- This site is optimized with the Yoast SEO plugin v24.2 - https:\/\/yoast.com\/wordpress\/plugins\/seo\/ -->\n<title>03\/04\/14 Fronti\u00e8re Guin\u00e9e-S\u00e9n\u00e9gal : les pr\u00e9cisions du ministre de la coop\u00e9ration internationale | Guin\u00e9e Diversit\u00e9<\/title>\n<meta name=\"robots\" content=\"index, follow, max-snippet:-1, max-image-preview:large, max-video-preview:-1\" \/>\n<link rel=\"canonical\" href=\"https:\/\/guineediversite.com\/index.php\/2014\/04\/03\/030414-frontiere-guinee-senegal-les-precisions-du-ministre-de-la-cooperation-internationale-2\/\" \/>\n<meta property=\"og:locale\" content=\"fr_FR\" \/>\n<meta property=\"og:type\" content=\"article\" \/>\n<meta property=\"og:title\" content=\"03\/04\/14 Fronti\u00e8re Guin\u00e9e-S\u00e9n\u00e9gal : les pr\u00e9cisions du ministre de la coop\u00e9ration internationale | Guin\u00e9e Diversit\u00e9\" \/>\n<meta property=\"og:description\" content=\"Le ministre de la coop\u00e9ration internationale s\u2019est exprim\u00e9 ce mercredi au micro de guin\u00e9ediversite.com sur la fermeture de la fronti\u00e8re entre la Guin\u00e9e et le S\u00e9n\u00e9gal et les affrontements qui ont \u00e9t\u00e9 signal\u00e9 \u00e0 ce niveau entre guin\u00e9ens bloqu\u00e9s de part et d\u2019autre de la fronti\u00e8re et des citoyens S\u00e9n\u00e9galais. Selon le ministre guin\u00e9en Koutoub [&hellip;]\" \/>\n<meta property=\"og:url\" content=\"https:\/\/guineediversite.com\/index.php\/2014\/04\/03\/030414-frontiere-guinee-senegal-les-precisions-du-ministre-de-la-cooperation-internationale-2\/\" \/>\n<meta property=\"og:site_name\" content=\"Guin\u00e9e Diversit\u00e9\" \/>\n<meta property=\"article:publisher\" content=\"https:\/\/www.facebook.com\/guineediversite\/\" \/>\n<meta property=\"article:published_time\" content=\"2014-04-02T22:00:00+00:00\" \/>\n<meta name=\"author\" content=\"Guin\u00e9e Diversit\u00e9\" \/>\n<meta name=\"twitter:card\" content=\"summary_large_image\" \/>\n<meta name=\"twitter:creator\" content=\"@GuineeDiversite\" \/>\n<meta name=\"twitter:site\" content=\"@GuineeDiversite\" \/>\n<meta name=\"twitter:label1\" content=\"\u00c9crit par\" \/>\n\t<meta name=\"twitter:data1\" content=\"Guin\u00e9e Diversit\u00e9\" \/>\n\t<meta name=\"twitter:label2\" content=\"Dur\u00e9e de lecture estim\u00e9e\" \/>\n\t<meta name=\"twitter:data2\" content=\"1 minute\" \/>\n<script type=\"application\/ld+json\" class=\"yoast-schema-graph\">{\"@context\":\"https:\/\/schema.org\",\"@graph\":[{\"@type\":\"Article\",\"@id\":\"https:\/\/guineediversite.com\/index.php\/2014\/04\/03\/030414-frontiere-guinee-senegal-les-precisions-du-ministre-de-la-cooperation-internationale-2\/#article\",\"isPartOf\":{\"@id\":\"https:\/\/guineediversite.com\/index.php\/2014\/04\/03\/030414-frontiere-guinee-senegal-les-precisions-du-ministre-de-la-cooperation-internationale-2\/\"},\"author\":{\"name\":\"Guin\u00e9e Diversit\u00e9\",\"@id\":\"https:\/\/guineediversite.com\/#\/schema\/person\/afa08fb34e7fc6e1feafc892612bc836\"},\"headline\":\"03\/04\/14 Fronti\u00e8re Guin\u00e9e-S\u00e9n\u00e9gal : les pr\u00e9cisions du ministre de la coop\u00e9ration internationale\",\"datePublished\":\"2014-04-02T22:00:00+00:00\",\"dateModified\":\"2014-04-02T22:00:00+00:00\",\"mainEntityOfPage\":{\"@id\":\"https:\/\/guineediversite.com\/index.php\/2014\/04\/03\/030414-frontiere-guinee-senegal-les-precisions-du-ministre-de-la-cooperation-internationale-2\/\"},\"wordCount\":295,\"commentCount\":0,\"publisher\":{\"@id\":\"https:\/\/guineediversite.com\/#organization\"},\"articleSection\":[\"Archives\"],\"inLanguage\":\"fr-FR\",\"potentialAction\":[{\"@type\":\"CommentAction\",\"name\":\"Comment\",\"target\":[\"https:\/\/guineediversite.com\/index.php\/2014\/04\/03\/030414-frontiere-guinee-senegal-les-precisions-du-ministre-de-la-cooperation-internationale-2\/#respond\"]}]},{\"@type\":\"WebPage\",\"@id\":\"https:\/\/guineediversite.com\/index.php\/2014\/04\/03\/030414-frontiere-guinee-senegal-les-precisions-du-ministre-de-la-cooperation-internationale-2\/\",\"url\":\"https:\/\/guineediversite.com\/index.php\/2014\/04\/03\/030414-frontiere-guinee-senegal-les-precisions-du-ministre-de-la-cooperation-internationale-2\/\",\"name\":\"03\/04\/14 Fronti\u00e8re Guin\u00e9e-S\u00e9n\u00e9gal : les pr\u00e9cisions du ministre de la coop\u00e9ration internationale | Guin\u00e9e Diversit\u00e9\",\"isPartOf\":{\"@id\":\"https:\/\/guineediversite.com\/#website\"},\"datePublished\":\"2014-04-02T22:00:00+00:00\",\"dateModified\":\"2014-04-02T22:00:00+00:00\",\"breadcrumb\":{\"@id\":\"https:\/\/guineediversite.com\/index.php\/2014\/04\/03\/030414-frontiere-guinee-senegal-les-precisions-du-ministre-de-la-cooperation-internationale-2\/#breadcrumb\"},\"inLanguage\":\"fr-FR\",\"potentialAction\":[{\"@type\":\"ReadAction\",\"target\":[\"https:\/\/guineediversite.com\/index.php\/2014\/04\/03\/030414-frontiere-guinee-senegal-les-precisions-du-ministre-de-la-cooperation-internationale-2\/\"]}]},{\"@type\":\"BreadcrumbList\",\"@id\":\"https:\/\/guineediversite.com\/index.php\/2014\/04\/03\/030414-frontiere-guinee-senegal-les-precisions-du-ministre-de-la-cooperation-internationale-2\/#breadcrumb\",\"itemListElement\":[{\"@type\":\"ListItem\",\"position\":1,\"name\":\"Accueil\",\"item\":\"https:\/\/guineediversite.com\/\"},{\"@type\":\"ListItem\",\"position\":2,\"name\":\"03\/04\/14 Fronti\u00e8re Guin\u00e9e-S\u00e9n\u00e9gal : les pr\u00e9cisions du ministre de la coop\u00e9ration internationale\"}]},{\"@type\":\"WebSite\",\"@id\":\"https:\/\/guineediversite.com\/#website\",\"url\":\"https:\/\/guineediversite.com\/\",\"name\":\"Guin\u00e9e Diversit\u00e9\",\"description\":\"L&#039;Info dans toute sa diversit\u00e9\",\"publisher\":{\"@id\":\"https:\/\/guineediversite.com\/#organization\"},\"potentialAction\":[{\"@type\":\"SearchAction\",\"target\":{\"@type\":\"EntryPoint\",\"urlTemplate\":\"https:\/\/guineediversite.com\/?s={search_term_string}\"},\"query-input\":{\"@type\":\"PropertyValueSpecification\",\"valueRequired\":true,\"valueName\":\"search_term_string\"}}],\"inLanguage\":\"fr-FR\"},{\"@type\":\"Organization\",\"@id\":\"https:\/\/guineediversite.com\/#organization\",\"name\":\"Guin\u00e9e Diversit\u00e9\",\"url\":\"https:\/\/guineediversite.com\/\",\"logo\":{\"@type\":\"ImageObject\",\"inLanguage\":\"fr-FR\",\"@id\":\"https:\/\/guineediversite.com\/#\/schema\/logo\/image\/\",\"url\":\"https:\/\/guineediversite.com\/wp-content\/uploads\/2017\/04\/cropped-1jojlxEOMkX9Wyqfhe43D6kjPOGqBBKmx3EwWJqZ0cMrFF54yM49.png\",\"contentUrl\":\"https:\/\/guineediversite.com\/wp-content\/uploads\/2017\/04\/cropped-1jojlxEOMkX9Wyqfhe43D6kjPOGqBBKmx3EwWJqZ0cMrFF54yM49.png\",\"width\":186,\"height\":112,\"caption\":\"Guin\u00e9e Diversit\u00e9\"},\"image\":{\"@id\":\"https:\/\/guineediversite.com\/#\/schema\/logo\/image\/\"},\"sameAs\":[\"https:\/\/www.facebook.com\/guineediversite\/\",\"https:\/\/x.com\/GuineeDiversite\",\"https:\/\/www.youtube.com\/channel\/UC8sUY16qelG5ge6_D5SB83g\"]},{\"@type\":\"Person\",\"@id\":\"https:\/\/guineediversite.com\/#\/schema\/person\/afa08fb34e7fc6e1feafc892612bc836\",\"name\":\"Guin\u00e9e Diversit\u00e9\",\"image\":{\"@type\":\"ImageObject\",\"inLanguage\":\"fr-FR\",\"@id\":\"https:\/\/guineediversite.com\/#\/schema\/person\/image\/\",\"url\":\"https:\/\/secure.gravatar.com\/avatar\/50d5eb5b390f8b65ac30ac6f898eb83a?s=96&d=mm&r=g\",\"contentUrl\":\"https:\/\/secure.gravatar.com\/avatar\/50d5eb5b390f8b65ac30ac6f898eb83a?s=96&d=mm&r=g\",\"caption\":\"Guin\u00e9e Diversit\u00e9\"},\"url\":\"https:\/\/guineediversite.com\/index.php\/author\/guineediversite\/\"}]}<\/script>\n<!-- \/ Yoast SEO plugin. -->","yoast_head_json":{"title":"03\/04\/14 Fronti\u00e8re Guin\u00e9e-S\u00e9n\u00e9gal : les pr\u00e9cisions du ministre de la coop\u00e9ration internationale | Guin\u00e9e Diversit\u00e9","robots":{"index":"index","follow":"follow","max-snippet":"max-snippet:-1","max-image-preview":"max-image-preview:large","max-video-preview":"max-video-preview:-1"},"canonical":"https:\/\/guineediversite.com\/index.php\/2014\/04\/03\/030414-frontiere-guinee-senegal-les-precisions-du-ministre-de-la-cooperation-internationale-2\/","og_locale":"fr_FR","og_type":"article","og_title":"03\/04\/14 Fronti\u00e8re Guin\u00e9e-S\u00e9n\u00e9gal : les pr\u00e9cisions du ministre de la coop\u00e9ration internationale | Guin\u00e9e Diversit\u00e9","og_description":"Le ministre de la coop\u00e9ration internationale s\u2019est exprim\u00e9 ce mercredi au micro de guin\u00e9ediversite.com sur la fermeture de la fronti\u00e8re entre la Guin\u00e9e et le S\u00e9n\u00e9gal et les affrontements qui ont \u00e9t\u00e9 signal\u00e9 \u00e0 ce niveau entre guin\u00e9ens bloqu\u00e9s de part et d\u2019autre de la fronti\u00e8re et des citoyens S\u00e9n\u00e9galais. Selon le ministre guin\u00e9en Koutoub [&hellip;]","og_url":"https:\/\/guineediversite.com\/index.php\/2014\/04\/03\/030414-frontiere-guinee-senegal-les-precisions-du-ministre-de-la-cooperation-internationale-2\/","og_site_name":"Guin\u00e9e Diversit\u00e9","article_publisher":"https:\/\/www.facebook.com\/guineediversite\/","article_published_time":"2014-04-02T22:00:00+00:00","author":"Guin\u00e9e Diversit\u00e9","twitter_card":"summary_large_image","twitter_creator":"@GuineeDiversite","twitter_site":"@GuineeDiversite","twitter_misc":{"\u00c9crit par":"Guin\u00e9e Diversit\u00e9","Dur\u00e9e de lecture estim\u00e9e":"1 minute"},"schema":{"@context":"https:\/\/schema.org","@graph":[{"@type":"Article","@id":"https:\/\/guineediversite.com\/index.php\/2014\/04\/03\/030414-frontiere-guinee-senegal-les-precisions-du-ministre-de-la-cooperation-internationale-2\/#article","isPartOf":{"@id":"https:\/\/guineediversite.com\/index.php\/2014\/04\/03\/030414-frontiere-guinee-senegal-les-precisions-du-ministre-de-la-cooperation-internationale-2\/"},"author":{"name":"Guin\u00e9e Diversit\u00e9","@id":"https:\/\/guineediversite.com\/#\/schema\/person\/afa08fb34e7fc6e1feafc892612bc836"},"headline":"03\/04\/14 Fronti\u00e8re Guin\u00e9e-S\u00e9n\u00e9gal : les pr\u00e9cisions du ministre de la coop\u00e9ration internationale","datePublished":"2014-04-02T22:00:00+00:00","dateModified":"2014-04-02T22:00:00+00:00","mainEntityOfPage":{"@id":"https:\/\/guineediversite.com\/index.php\/2014\/04\/03\/030414-frontiere-guinee-senegal-les-precisions-du-ministre-de-la-cooperation-internationale-2\/"},"wordCount":295,"commentCount":0,"publisher":{"@id":"https:\/\/guineediversite.com\/#organization"},"articleSection":["Archives"],"inLanguage":"fr-FR","potentialAction":[{"@type":"CommentAction","name":"Comment","target":["https:\/\/guineediversite.com\/index.php\/2014\/04\/03\/030414-frontiere-guinee-senegal-les-precisions-du-ministre-de-la-cooperation-internationale-2\/#respond"]}]},{"@type":"WebPage","@id":"https:\/\/guineediversite.com\/index.php\/2014\/04\/03\/030414-frontiere-guinee-senegal-les-precisions-du-ministre-de-la-cooperation-internationale-2\/","url":"https:\/\/guineediversite.com\/index.php\/2014\/04\/03\/030414-frontiere-guinee-senegal-les-precisions-du-ministre-de-la-cooperation-internationale-2\/","name":"03\/04\/14 Fronti\u00e8re Guin\u00e9e-S\u00e9n\u00e9gal : les pr\u00e9cisions du ministre de la coop\u00e9ration internationale | Guin\u00e9e Diversit\u00e9","isPartOf":{"@id":"https:\/\/guineediversite.com\/#website"},"datePublished":"2014-04-02T22:00:00+00:00","dateModified":"2014-04-02T22:00:00+00:00","breadcrumb":{"@id":"https:\/\/guineediversite.com\/index.php\/2014\/04\/03\/030414-frontiere-guinee-senegal-les-precisions-du-ministre-de-la-cooperation-internationale-2\/#breadcrumb"},"inLanguage":"fr-FR","potentialAction":[{"@type":"ReadAction","target":["https:\/\/guineediversite.com\/index.php\/2014\/04\/03\/030414-frontiere-guinee-senegal-les-precisions-du-ministre-de-la-cooperation-internationale-2\/"]}]},{"@type":"BreadcrumbList","@id":"https:\/\/guineediversite.com\/index.php\/2014\/04\/03\/030414-frontiere-guinee-senegal-les-precisions-du-ministre-de-la-cooperation-internationale-2\/#breadcrumb","itemListElement":[{"@type":"ListItem","position":1,"name":"Accueil","item":"https:\/\/guineediversite.com\/"},{"@type":"ListItem","position":2,"name":"03\/04\/14 Fronti\u00e8re Guin\u00e9e-S\u00e9n\u00e9gal : les pr\u00e9cisions du ministre de la coop\u00e9ration internationale"}]},{"@type":"WebSite","@id":"https:\/\/guineediversite.com\/#website","url":"https:\/\/guineediversite.com\/","name":"Guin\u00e9e Diversit\u00e9","description":"L&#039;Info dans toute sa diversit\u00e9","publisher":{"@id":"https:\/\/guineediversite.com\/#organization"},"potentialAction":[{"@type":"SearchAction","target":{"@type":"EntryPoint","urlTemplate":"https:\/\/guineediversite.com\/?s={search_term_string}"},"query-input":{"@type":"PropertyValueSpecification","valueRequired":true,"valueName":"search_term_string"}}],"inLanguage":"fr-FR"},{"@type":"Organization","@id":"https:\/\/guineediversite.com\/#organization","name":"Guin\u00e9e Diversit\u00e9","url":"https:\/\/guineediversite.com\/","logo":{"@type":"ImageObject","inLanguage":"fr-FR","@id":"https:\/\/guineediversite.com\/#\/schema\/logo\/image\/","url":"https:\/\/guineediversite.com\/wp-content\/uploads\/2017\/04\/cropped-1jojlxEOMkX9Wyqfhe43D6kjPOGqBBKmx3EwWJqZ0cMrFF54yM49.png","contentUrl":"https:\/\/guineediversite.com\/wp-content\/uploads\/2017\/04\/cropped-1jojlxEOMkX9Wyqfhe43D6kjPOGqBBKmx3EwWJqZ0cMrFF54yM49.png","width":186,"height":112,"caption":"Guin\u00e9e Diversit\u00e9"},"image":{"@id":"https:\/\/guineediversite.com\/#\/schema\/logo\/image\/"},"sameAs":["https:\/\/www.facebook.com\/guineediversite\/","https:\/\/x.com\/GuineeDiversite","https:\/\/www.youtube.com\/channel\/UC8sUY16qelG5ge6_D5SB83g"]},{"@type":"Person","@id":"https:\/\/guineediversite.com\/#\/schema\/person\/afa08fb34e7fc6e1feafc892612bc836","name":"Guin\u00e9e Diversit\u00e9","image":{"@type":"ImageObject","inLanguage":"fr-FR","@id":"https:\/\/guineediversite.com\/#\/schema\/person\/image\/","url":"https:\/\/secure.gravatar.com\/avatar\/50d5eb5b390f8b65ac30ac6f898eb83a?s=96&d=mm&r=g","contentUrl":"https:\/\/secure.gravatar.com\/avatar\/50d5eb5b390f8b65ac30ac6f898eb83a?s=96&d=mm&r=g","caption":"Guin\u00e9e Diversit\u00e9"},"url":"https:\/\/guineediversite.com\/index.php\/author\/guineediversite\/"}]}},"_links":{"self":[{"href":"https:\/\/guineediversite.com\/index.php\/wp-json\/wp\/v2\/posts\/16580"}],"collection":[{"href":"https:\/\/guineediversite.com\/index.php\/wp-json\/wp\/v2\/posts"}],"about":[{"href":"https:\/\/guineediversite.com\/index.php\/wp-json\/wp\/v2\/types\/post"}],"author":[{"embeddable":true,"href":"https:\/\/guineediversite.com\/index.php\/wp-json\/wp\/v2\/users\/12"}],"replies":[{"embeddable":true,"href":"https:\/\/guineediversite.com\/index.php\/wp-json\/wp\/v2\/comments?post=16580"}],"version-history":[{"count":0,"href":"https:\/\/guineediversite.com\/index.php\/wp-json\/wp\/v2\/posts\/16580\/revisions"}],"wp:attachment":[{"href":"https:\/\/guineediversite.com\/index.php\/wp-json\/wp\/v2\/media?parent=16580"}],"wp:term":[{"taxonomy":"category","embeddable":true,"href":"https:\/\/guineediversite.com\/index.php\/wp-json\/wp\/v2\/categories?post=16580"},{"taxonomy":"post_tag","embeddable":true,"href":"https:\/\/guineediversite.com\/index.php\/wp-json\/wp\/v2\/tags?post=16580"}],"curies":[{"name":"wp","href":"https:\/\/api.w.org\/{rel}","templated":true}]}}