{"id":16579,"date":"2014-04-02T00:00:00","date_gmt":"2014-04-01T22:00:00","guid":{"rendered":"https:\/\/www.guineediversite.com\/index.php\/2014\/04\/02\/020414-guinee-a-gueckedou-le-virus-ebola-est-dans-tous-les-esprits-2\/"},"modified":"2014-04-02T00:00:00","modified_gmt":"2014-04-01T22:00:00","slug":"020414-guinee-a-gueckedou-le-virus-ebola-est-dans-tous-les-esprits-2","status":"publish","type":"post","link":"https:\/\/guineediversite.com\/index.php\/2014\/04\/02\/020414-guinee-a-gueckedou-le-virus-ebola-est-dans-tous-les-esprits-2\/","title":{"rendered":"02\/04\/14 Guin\u00e9e: \u00e0 Gueck\u00e9dou, le virus Ebola est dans tous les esprits"},"content":{"rendered":"<p>La Guin\u00e9e est confront\u00e9e \u00e0 une \u00e9pid\u00e9mie de fi\u00e8vre Ebola depuis plusieurs semaines. A Gueck\u00e9dou, dans le sud du pays o\u00f9 l&rsquo;on recense des dizaines de morts, la population est inqui\u00e8te. Reportage.<br \/>\n\u00ab Ebola \u00bb. Rien qu\u2019en \u00e9voquant son nom, les enfants des \u00e9coles primaires cherchent autour d\u2019eux s\u2019il n\u2019est pas pr\u00e9sent. Il hante les esprits et brise les c\u0153urs.<br \/>\nC\u2019est le cas du jeune Etienne de l\u2019\u00e9cole primaire publique Patrice Lumumba : \u00ab Ebola, ici, a tu\u00e9 beaucoup de personnes. Moi j\u2019ai peur de \u00e7a, il y a beaucoup de personnes qui sont mortes \u00e0 c\u00f4t\u00e9 de nous. Au moins 25. Un de mes camarades a perdu sa m\u00e8re et son p\u00e8re. Apr\u00e8s, il ne faut pas se rendre sur place, car avec la main, si tu touches, il va t\u2018attaquer, c\u2019est pour cela que moi j\u2019ai peur de cette maladie. \u00bb<br \/>\nA d\u00e9faut de pouvoir manger le singe, les chauves-souris et les petits rongeurs tels que le rat, ce jeune \u00e9l\u00e8ve de Macenta Koura demande l\u2019aide du gouvernement : \u00ab Actuellement, on voit nos parents souffrir de la maladie. On nous dit toujours d\u2019\u00e9viter de manger le singe, le rat et la souris. Je pense qu\u2019il faut que le gouvernement vienne nous aider, pour ne pas que la maladie le d\u00e9passe. \u00bb<br \/>\nAvec RFI<\/p>\n","protected":false},"excerpt":{"rendered":"<p>La Guin\u00e9e est confront\u00e9e \u00e0 une \u00e9pid\u00e9mie de fi\u00e8vre Ebola depuis plusieurs semaines. A Gueck\u00e9dou, dans le sud du pays o\u00f9 l&rsquo;on recense des dizaines de morts, la population est inqui\u00e8te. Reportage. \u00ab Ebola \u00bb. Rien qu\u2019en \u00e9voquant son nom, les enfants des \u00e9coles primaires cherchent autour d\u2019eux s\u2019il n\u2019est pas pr\u00e9sent. Il hante les [&hellip;]<\/p>\n","protected":false},"author":12,"featured_media":0,"comment_status":"open","ping_status":"open","sticky":false,"template":"","format":"standard","meta":{"_exactmetrics_skip_tracking":false,"_exactmetrics_sitenote_active":false,"_exactmetrics_sitenote_note":"","_exactmetrics_sitenote_category":0,"tdm_status":"","tdm_grid_status":"","footnotes":""},"categories":[28],"tags":[],"class_list":{"0":"post-16579","1":"post","2":"type-post","3":"status-publish","4":"format-standard","6":"category-archives"},"yoast_head":"<!-- This site is optimized with the Yoast SEO plugin v24.2 - https:\/\/yoast.com\/wordpress\/plugins\/seo\/ -->\n<title>02\/04\/14 Guin\u00e9e: \u00e0 Gueck\u00e9dou, le virus Ebola est dans tous les esprits | Guin\u00e9e Diversit\u00e9<\/title>\n<meta name=\"robots\" content=\"index, follow, max-snippet:-1, max-image-preview:large, max-video-preview:-1\" \/>\n<link rel=\"canonical\" href=\"https:\/\/guineediversite.com\/index.php\/2014\/04\/02\/020414-guinee-a-gueckedou-le-virus-ebola-est-dans-tous-les-esprits-2\/\" \/>\n<meta property=\"og:locale\" content=\"fr_FR\" \/>\n<meta property=\"og:type\" content=\"article\" \/>\n<meta property=\"og:title\" content=\"02\/04\/14 Guin\u00e9e: \u00e0 Gueck\u00e9dou, le virus Ebola est dans tous les esprits | Guin\u00e9e Diversit\u00e9\" \/>\n<meta property=\"og:description\" content=\"La Guin\u00e9e est confront\u00e9e \u00e0 une \u00e9pid\u00e9mie de fi\u00e8vre Ebola depuis plusieurs semaines. A Gueck\u00e9dou, dans le sud du pays o\u00f9 l&rsquo;on recense des dizaines de morts, la population est inqui\u00e8te. Reportage. \u00ab Ebola \u00bb. Rien qu\u2019en \u00e9voquant son nom, les enfants des \u00e9coles primaires cherchent autour d\u2019eux s\u2019il n\u2019est pas pr\u00e9sent. Il hante les [&hellip;]\" \/>\n<meta property=\"og:url\" content=\"https:\/\/guineediversite.com\/index.php\/2014\/04\/02\/020414-guinee-a-gueckedou-le-virus-ebola-est-dans-tous-les-esprits-2\/\" \/>\n<meta property=\"og:site_name\" content=\"Guin\u00e9e Diversit\u00e9\" \/>\n<meta property=\"article:publisher\" content=\"https:\/\/www.facebook.com\/guineediversite\/\" \/>\n<meta property=\"article:published_time\" content=\"2014-04-01T22:00:00+00:00\" \/>\n<meta name=\"author\" content=\"Guin\u00e9e Diversit\u00e9\" \/>\n<meta name=\"twitter:card\" content=\"summary_large_image\" \/>\n<meta name=\"twitter:creator\" content=\"@GuineeDiversite\" \/>\n<meta name=\"twitter:site\" content=\"@GuineeDiversite\" \/>\n<meta name=\"twitter:label1\" content=\"\u00c9crit par\" \/>\n\t<meta name=\"twitter:data1\" content=\"Guin\u00e9e Diversit\u00e9\" \/>\n\t<meta name=\"twitter:label2\" content=\"Dur\u00e9e de lecture estim\u00e9e\" \/>\n\t<meta name=\"twitter:data2\" content=\"1 minute\" \/>\n<script type=\"application\/ld+json\" class=\"yoast-schema-graph\">{\"@context\":\"https:\/\/schema.org\",\"@graph\":[{\"@type\":\"Article\",\"@id\":\"https:\/\/guineediversite.com\/index.php\/2014\/04\/02\/020414-guinee-a-gueckedou-le-virus-ebola-est-dans-tous-les-esprits-2\/#article\",\"isPartOf\":{\"@id\":\"https:\/\/guineediversite.com\/index.php\/2014\/04\/02\/020414-guinee-a-gueckedou-le-virus-ebola-est-dans-tous-les-esprits-2\/\"},\"author\":{\"name\":\"Guin\u00e9e Diversit\u00e9\",\"@id\":\"https:\/\/guineediversite.com\/#\/schema\/person\/afa08fb34e7fc6e1feafc892612bc836\"},\"headline\":\"02\/04\/14 Guin\u00e9e: \u00e0 Gueck\u00e9dou, le virus Ebola est dans tous les esprits\",\"datePublished\":\"2014-04-01T22:00:00+00:00\",\"dateModified\":\"2014-04-01T22:00:00+00:00\",\"mainEntityOfPage\":{\"@id\":\"https:\/\/guineediversite.com\/index.php\/2014\/04\/02\/020414-guinee-a-gueckedou-le-virus-ebola-est-dans-tous-les-esprits-2\/\"},\"wordCount\":246,\"commentCount\":0,\"publisher\":{\"@id\":\"https:\/\/guineediversite.com\/#organization\"},\"articleSection\":[\"Archives\"],\"inLanguage\":\"fr-FR\",\"potentialAction\":[{\"@type\":\"CommentAction\",\"name\":\"Comment\",\"target\":[\"https:\/\/guineediversite.com\/index.php\/2014\/04\/02\/020414-guinee-a-gueckedou-le-virus-ebola-est-dans-tous-les-esprits-2\/#respond\"]}]},{\"@type\":\"WebPage\",\"@id\":\"https:\/\/guineediversite.com\/index.php\/2014\/04\/02\/020414-guinee-a-gueckedou-le-virus-ebola-est-dans-tous-les-esprits-2\/\",\"url\":\"https:\/\/guineediversite.com\/index.php\/2014\/04\/02\/020414-guinee-a-gueckedou-le-virus-ebola-est-dans-tous-les-esprits-2\/\",\"name\":\"02\/04\/14 Guin\u00e9e: \u00e0 Gueck\u00e9dou, le virus Ebola est dans tous les esprits | Guin\u00e9e Diversit\u00e9\",\"isPartOf\":{\"@id\":\"https:\/\/guineediversite.com\/#website\"},\"datePublished\":\"2014-04-01T22:00:00+00:00\",\"dateModified\":\"2014-04-01T22:00:00+00:00\",\"breadcrumb\":{\"@id\":\"https:\/\/guineediversite.com\/index.php\/2014\/04\/02\/020414-guinee-a-gueckedou-le-virus-ebola-est-dans-tous-les-esprits-2\/#breadcrumb\"},\"inLanguage\":\"fr-FR\",\"potentialAction\":[{\"@type\":\"ReadAction\",\"target\":[\"https:\/\/guineediversite.com\/index.php\/2014\/04\/02\/020414-guinee-a-gueckedou-le-virus-ebola-est-dans-tous-les-esprits-2\/\"]}]},{\"@type\":\"BreadcrumbList\",\"@id\":\"https:\/\/guineediversite.com\/index.php\/2014\/04\/02\/020414-guinee-a-gueckedou-le-virus-ebola-est-dans-tous-les-esprits-2\/#breadcrumb\",\"itemListElement\":[{\"@type\":\"ListItem\",\"position\":1,\"name\":\"Accueil\",\"item\":\"https:\/\/guineediversite.com\/\"},{\"@type\":\"ListItem\",\"position\":2,\"name\":\"02\/04\/14 Guin\u00e9e: \u00e0 Gueck\u00e9dou, le virus Ebola est dans tous les esprits\"}]},{\"@type\":\"WebSite\",\"@id\":\"https:\/\/guineediversite.com\/#website\",\"url\":\"https:\/\/guineediversite.com\/\",\"name\":\"Guin\u00e9e Diversit\u00e9\",\"description\":\"L&#039;Info dans toute sa diversit\u00e9\",\"publisher\":{\"@id\":\"https:\/\/guineediversite.com\/#organization\"},\"potentialAction\":[{\"@type\":\"SearchAction\",\"target\":{\"@type\":\"EntryPoint\",\"urlTemplate\":\"https:\/\/guineediversite.com\/?s={search_term_string}\"},\"query-input\":{\"@type\":\"PropertyValueSpecification\",\"valueRequired\":true,\"valueName\":\"search_term_string\"}}],\"inLanguage\":\"fr-FR\"},{\"@type\":\"Organization\",\"@id\":\"https:\/\/guineediversite.com\/#organization\",\"name\":\"Guin\u00e9e Diversit\u00e9\",\"url\":\"https:\/\/guineediversite.com\/\",\"logo\":{\"@type\":\"ImageObject\",\"inLanguage\":\"fr-FR\",\"@id\":\"https:\/\/guineediversite.com\/#\/schema\/logo\/image\/\",\"url\":\"https:\/\/guineediversite.com\/wp-content\/uploads\/2017\/04\/cropped-1jojlxEOMkX9Wyqfhe43D6kjPOGqBBKmx3EwWJqZ0cMrFF54yM49.png\",\"contentUrl\":\"https:\/\/guineediversite.com\/wp-content\/uploads\/2017\/04\/cropped-1jojlxEOMkX9Wyqfhe43D6kjPOGqBBKmx3EwWJqZ0cMrFF54yM49.png\",\"width\":186,\"height\":112,\"caption\":\"Guin\u00e9e Diversit\u00e9\"},\"image\":{\"@id\":\"https:\/\/guineediversite.com\/#\/schema\/logo\/image\/\"},\"sameAs\":[\"https:\/\/www.facebook.com\/guineediversite\/\",\"https:\/\/x.com\/GuineeDiversite\",\"https:\/\/www.youtube.com\/channel\/UC8sUY16qelG5ge6_D5SB83g\"]},{\"@type\":\"Person\",\"@id\":\"https:\/\/guineediversite.com\/#\/schema\/person\/afa08fb34e7fc6e1feafc892612bc836\",\"name\":\"Guin\u00e9e Diversit\u00e9\",\"image\":{\"@type\":\"ImageObject\",\"inLanguage\":\"fr-FR\",\"@id\":\"https:\/\/guineediversite.com\/#\/schema\/person\/image\/\",\"url\":\"https:\/\/secure.gravatar.com\/avatar\/50d5eb5b390f8b65ac30ac6f898eb83a?s=96&d=mm&r=g\",\"contentUrl\":\"https:\/\/secure.gravatar.com\/avatar\/50d5eb5b390f8b65ac30ac6f898eb83a?s=96&d=mm&r=g\",\"caption\":\"Guin\u00e9e Diversit\u00e9\"},\"url\":\"https:\/\/guineediversite.com\/index.php\/author\/guineediversite\/\"}]}<\/script>\n<!-- \/ Yoast SEO plugin. -->","yoast_head_json":{"title":"02\/04\/14 Guin\u00e9e: \u00e0 Gueck\u00e9dou, le virus Ebola est dans tous les esprits | Guin\u00e9e Diversit\u00e9","robots":{"index":"index","follow":"follow","max-snippet":"max-snippet:-1","max-image-preview":"max-image-preview:large","max-video-preview":"max-video-preview:-1"},"canonical":"https:\/\/guineediversite.com\/index.php\/2014\/04\/02\/020414-guinee-a-gueckedou-le-virus-ebola-est-dans-tous-les-esprits-2\/","og_locale":"fr_FR","og_type":"article","og_title":"02\/04\/14 Guin\u00e9e: \u00e0 Gueck\u00e9dou, le virus Ebola est dans tous les esprits | Guin\u00e9e Diversit\u00e9","og_description":"La Guin\u00e9e est confront\u00e9e \u00e0 une \u00e9pid\u00e9mie de fi\u00e8vre Ebola depuis plusieurs semaines. A Gueck\u00e9dou, dans le sud du pays o\u00f9 l&rsquo;on recense des dizaines de morts, la population est inqui\u00e8te. Reportage. \u00ab Ebola \u00bb. Rien qu\u2019en \u00e9voquant son nom, les enfants des \u00e9coles primaires cherchent autour d\u2019eux s\u2019il n\u2019est pas pr\u00e9sent. Il hante les [&hellip;]","og_url":"https:\/\/guineediversite.com\/index.php\/2014\/04\/02\/020414-guinee-a-gueckedou-le-virus-ebola-est-dans-tous-les-esprits-2\/","og_site_name":"Guin\u00e9e Diversit\u00e9","article_publisher":"https:\/\/www.facebook.com\/guineediversite\/","article_published_time":"2014-04-01T22:00:00+00:00","author":"Guin\u00e9e Diversit\u00e9","twitter_card":"summary_large_image","twitter_creator":"@GuineeDiversite","twitter_site":"@GuineeDiversite","twitter_misc":{"\u00c9crit par":"Guin\u00e9e Diversit\u00e9","Dur\u00e9e de lecture estim\u00e9e":"1 minute"},"schema":{"@context":"https:\/\/schema.org","@graph":[{"@type":"Article","@id":"https:\/\/guineediversite.com\/index.php\/2014\/04\/02\/020414-guinee-a-gueckedou-le-virus-ebola-est-dans-tous-les-esprits-2\/#article","isPartOf":{"@id":"https:\/\/guineediversite.com\/index.php\/2014\/04\/02\/020414-guinee-a-gueckedou-le-virus-ebola-est-dans-tous-les-esprits-2\/"},"author":{"name":"Guin\u00e9e Diversit\u00e9","@id":"https:\/\/guineediversite.com\/#\/schema\/person\/afa08fb34e7fc6e1feafc892612bc836"},"headline":"02\/04\/14 Guin\u00e9e: \u00e0 Gueck\u00e9dou, le virus Ebola est dans tous les esprits","datePublished":"2014-04-01T22:00:00+00:00","dateModified":"2014-04-01T22:00:00+00:00","mainEntityOfPage":{"@id":"https:\/\/guineediversite.com\/index.php\/2014\/04\/02\/020414-guinee-a-gueckedou-le-virus-ebola-est-dans-tous-les-esprits-2\/"},"wordCount":246,"commentCount":0,"publisher":{"@id":"https:\/\/guineediversite.com\/#organization"},"articleSection":["Archives"],"inLanguage":"fr-FR","potentialAction":[{"@type":"CommentAction","name":"Comment","target":["https:\/\/guineediversite.com\/index.php\/2014\/04\/02\/020414-guinee-a-gueckedou-le-virus-ebola-est-dans-tous-les-esprits-2\/#respond"]}]},{"@type":"WebPage","@id":"https:\/\/guineediversite.com\/index.php\/2014\/04\/02\/020414-guinee-a-gueckedou-le-virus-ebola-est-dans-tous-les-esprits-2\/","url":"https:\/\/guineediversite.com\/index.php\/2014\/04\/02\/020414-guinee-a-gueckedou-le-virus-ebola-est-dans-tous-les-esprits-2\/","name":"02\/04\/14 Guin\u00e9e: \u00e0 Gueck\u00e9dou, le virus Ebola est dans tous les esprits | Guin\u00e9e Diversit\u00e9","isPartOf":{"@id":"https:\/\/guineediversite.com\/#website"},"datePublished":"2014-04-01T22:00:00+00:00","dateModified":"2014-04-01T22:00:00+00:00","breadcrumb":{"@id":"https:\/\/guineediversite.com\/index.php\/2014\/04\/02\/020414-guinee-a-gueckedou-le-virus-ebola-est-dans-tous-les-esprits-2\/#breadcrumb"},"inLanguage":"fr-FR","potentialAction":[{"@type":"ReadAction","target":["https:\/\/guineediversite.com\/index.php\/2014\/04\/02\/020414-guinee-a-gueckedou-le-virus-ebola-est-dans-tous-les-esprits-2\/"]}]},{"@type":"BreadcrumbList","@id":"https:\/\/guineediversite.com\/index.php\/2014\/04\/02\/020414-guinee-a-gueckedou-le-virus-ebola-est-dans-tous-les-esprits-2\/#breadcrumb","itemListElement":[{"@type":"ListItem","position":1,"name":"Accueil","item":"https:\/\/guineediversite.com\/"},{"@type":"ListItem","position":2,"name":"02\/04\/14 Guin\u00e9e: \u00e0 Gueck\u00e9dou, le virus Ebola est dans tous les esprits"}]},{"@type":"WebSite","@id":"https:\/\/guineediversite.com\/#website","url":"https:\/\/guineediversite.com\/","name":"Guin\u00e9e Diversit\u00e9","description":"L&#039;Info dans toute sa diversit\u00e9","publisher":{"@id":"https:\/\/guineediversite.com\/#organization"},"potentialAction":[{"@type":"SearchAction","target":{"@type":"EntryPoint","urlTemplate":"https:\/\/guineediversite.com\/?s={search_term_string}"},"query-input":{"@type":"PropertyValueSpecification","valueRequired":true,"valueName":"search_term_string"}}],"inLanguage":"fr-FR"},{"@type":"Organization","@id":"https:\/\/guineediversite.com\/#organization","name":"Guin\u00e9e Diversit\u00e9","url":"https:\/\/guineediversite.com\/","logo":{"@type":"ImageObject","inLanguage":"fr-FR","@id":"https:\/\/guineediversite.com\/#\/schema\/logo\/image\/","url":"https:\/\/guineediversite.com\/wp-content\/uploads\/2017\/04\/cropped-1jojlxEOMkX9Wyqfhe43D6kjPOGqBBKmx3EwWJqZ0cMrFF54yM49.png","contentUrl":"https:\/\/guineediversite.com\/wp-content\/uploads\/2017\/04\/cropped-1jojlxEOMkX9Wyqfhe43D6kjPOGqBBKmx3EwWJqZ0cMrFF54yM49.png","width":186,"height":112,"caption":"Guin\u00e9e Diversit\u00e9"},"image":{"@id":"https:\/\/guineediversite.com\/#\/schema\/logo\/image\/"},"sameAs":["https:\/\/www.facebook.com\/guineediversite\/","https:\/\/x.com\/GuineeDiversite","https:\/\/www.youtube.com\/channel\/UC8sUY16qelG5ge6_D5SB83g"]},{"@type":"Person","@id":"https:\/\/guineediversite.com\/#\/schema\/person\/afa08fb34e7fc6e1feafc892612bc836","name":"Guin\u00e9e Diversit\u00e9","image":{"@type":"ImageObject","inLanguage":"fr-FR","@id":"https:\/\/guineediversite.com\/#\/schema\/person\/image\/","url":"https:\/\/secure.gravatar.com\/avatar\/50d5eb5b390f8b65ac30ac6f898eb83a?s=96&d=mm&r=g","contentUrl":"https:\/\/secure.gravatar.com\/avatar\/50d5eb5b390f8b65ac30ac6f898eb83a?s=96&d=mm&r=g","caption":"Guin\u00e9e Diversit\u00e9"},"url":"https:\/\/guineediversite.com\/index.php\/author\/guineediversite\/"}]}},"_links":{"self":[{"href":"https:\/\/guineediversite.com\/index.php\/wp-json\/wp\/v2\/posts\/16579"}],"collection":[{"href":"https:\/\/guineediversite.com\/index.php\/wp-json\/wp\/v2\/posts"}],"about":[{"href":"https:\/\/guineediversite.com\/index.php\/wp-json\/wp\/v2\/types\/post"}],"author":[{"embeddable":true,"href":"https:\/\/guineediversite.com\/index.php\/wp-json\/wp\/v2\/users\/12"}],"replies":[{"embeddable":true,"href":"https:\/\/guineediversite.com\/index.php\/wp-json\/wp\/v2\/comments?post=16579"}],"version-history":[{"count":0,"href":"https:\/\/guineediversite.com\/index.php\/wp-json\/wp\/v2\/posts\/16579\/revisions"}],"wp:attachment":[{"href":"https:\/\/guineediversite.com\/index.php\/wp-json\/wp\/v2\/media?parent=16579"}],"wp:term":[{"taxonomy":"category","embeddable":true,"href":"https:\/\/guineediversite.com\/index.php\/wp-json\/wp\/v2\/categories?post=16579"},{"taxonomy":"post_tag","embeddable":true,"href":"https:\/\/guineediversite.com\/index.php\/wp-json\/wp\/v2\/tags?post=16579"}],"curies":[{"name":"wp","href":"https:\/\/api.w.org\/{rel}","templated":true}]}}