{"id":16575,"date":"2014-04-01T00:00:00","date_gmt":"2014-03-31T22:00:00","guid":{"rendered":"https:\/\/www.guineediversite.com\/index.php\/2014\/04\/01\/010414les-consequences-economiques-de-la-fermeture-de-la-frontiere-senegalaise-commencent-a-se-faire-sentir-2\/"},"modified":"2014-04-01T00:00:00","modified_gmt":"2014-03-31T22:00:00","slug":"010414les-consequences-economiques-de-la-fermeture-de-la-frontiere-senegalaise-commencent-a-se-faire-sentir-2","status":"publish","type":"post","link":"https:\/\/guineediversite.com\/index.php\/2014\/04\/01\/010414les-consequences-economiques-de-la-fermeture-de-la-frontiere-senegalaise-commencent-a-se-faire-sentir-2\/","title":{"rendered":"01\/04\/14\nLes cons\u00e9quences \u00e9conomiques de la fermeture de la fronti\u00e8re s\u00e9n\u00e9galaise commencent \u00e0 se faire sentir"},"content":{"rendered":"<p>Depuis l\u2019annonce de la fermeture de la fronti\u00e8re entre la Guin\u00e9e et le S\u00e9n\u00e9gal, aucun v\u00e9hicule ne quitte Conakry pour se rendre \u00e0 Dakar. Il suffit de se rendre dans les diff\u00e9rentes gares routi\u00e8res pour s\u2019enqu\u00e9rir des r\u00e9alit\u00e9s. A la gare routi\u00e8re de Matam par exemple, l\u2019affluence n\u2019est pas remarquable. Tr\u00e8s peu de v\u00e9hicules sont visibles sans aucun passager \u00e0 bord.<br \/>\n En effet, cette fermeture ne reste pas sans cons\u00e9quence \u00e9conomique pour les deux pays. Un grand manque \u00e0 gagner s\u2019instaure \u00e9galement, au niveau de transporteurs. Thierno Souleymane Diallo, chauffeur que nous avons rencontr\u00e9 se dit inquiet : \u00ab Cette d\u00e9cision de fermeture qui reste sans d\u00e9lais pr\u00e9cis nous pr\u00e9occupe franchement. Quelque part aussi, on comprend que le S\u00e9n\u00e9gal anticipe pour faire la pr\u00e9vention. Ce n\u2019est pas par m\u00e9chancet\u00e9, qu\u2019ils ont ferm\u00e9s leurs fronti\u00e8res. C\u2019est pourquoi, nous demandons \u00e0 nos autorit\u00e9s de prendre toutes les mesures pour emp\u00eacher l\u2019\u00e9volution de cette maladie. Voyez ! M\u00eame dans les autres pr\u00e9fectures concern\u00e9es par cette maladie, les chauffeurs ont peur de se rendre \u00bb.<br \/>\nPendant ce temps, la fermeture de la fronti\u00e8re a surpris les chauffeurs Guin\u00e9ens. Certains \u00e9taient d\u00e9j\u00e0 en cours de route, avec plus de 400 km de parcourus. De retour \u00e0 Conakry, un s\u00e9rieux diff\u00e9rend a surgit entre chauffeurs et passagers. Des passagers qui exigent la restitution de frais de transport. Mais Ibrahima Konat\u00e9 conducteur trouve cela insens\u00e9 : \u00ab Lorsqu\u2019on a rebrouss\u00e9 chemin, on avait fini d\u2019effectuer toutes les d\u00e9penses. Nous avons carbur\u00e9 les v\u00e9hicules pour l\u2019all\u00e9 et le retour. Certains passagers demandent \u00e0 ce qu\u2019on vide m\u00eame les r\u00e9servoirs de nos v\u00e9hicules pour revendre le carburant et leur restituer l\u2019argent. On leur a demand\u00e9, d\u2019accepter de garder patience, une fois que la voie sera libre, on voyage. A d\u00e9faut, apr\u00e8s l\u2019embarquement d\u2019autres passagers, on va rembourser leurs  frais de transport \u00bb.<br \/>\nAjoutons que la crise \u00e9conomique commence  \u00e0 affecter le panier de la m\u00e9nag\u00e8re c\u00f4t\u00e9 S\u00e9n\u00e9galais. Des voix s\u2019\u00e9l\u00e8vent d\u00e9j\u00e0  pour exiger la r\u00e9ouverture de la fronti\u00e8re a-t-on appris.<\/p>\n<p>Gomboya Bald\u00e9<\/p>\n","protected":false},"excerpt":{"rendered":"<p>Depuis l\u2019annonce de la fermeture de la fronti\u00e8re entre la Guin\u00e9e et le S\u00e9n\u00e9gal, aucun v\u00e9hicule ne quitte Conakry pour se rendre \u00e0 Dakar. Il suffit de se rendre dans les diff\u00e9rentes gares routi\u00e8res pour s\u2019enqu\u00e9rir des r\u00e9alit\u00e9s. A la gare routi\u00e8re de Matam par exemple, l\u2019affluence n\u2019est pas remarquable. Tr\u00e8s peu de v\u00e9hicules sont [&hellip;]<\/p>\n","protected":false},"author":12,"featured_media":0,"comment_status":"open","ping_status":"open","sticky":false,"template":"","format":"standard","meta":{"_exactmetrics_skip_tracking":false,"_exactmetrics_sitenote_active":false,"_exactmetrics_sitenote_note":"","_exactmetrics_sitenote_category":0,"tdm_status":"","tdm_grid_status":"","footnotes":""},"categories":[28],"tags":[],"class_list":{"0":"post-16575","1":"post","2":"type-post","3":"status-publish","4":"format-standard","6":"category-archives"},"yoast_head":"<!-- This site is optimized with the Yoast SEO plugin v24.2 - https:\/\/yoast.com\/wordpress\/plugins\/seo\/ -->\n<title>01\/04\/14 Les cons\u00e9quences \u00e9conomiques de la fermeture de la fronti\u00e8re s\u00e9n\u00e9galaise commencent \u00e0 se faire sentir | Guin\u00e9e Diversit\u00e9<\/title>\n<meta name=\"robots\" content=\"index, follow, max-snippet:-1, max-image-preview:large, max-video-preview:-1\" \/>\n<link rel=\"canonical\" href=\"https:\/\/guineediversite.com\/index.php\/2014\/04\/01\/010414les-consequences-economiques-de-la-fermeture-de-la-frontiere-senegalaise-commencent-a-se-faire-sentir-2\/\" \/>\n<meta property=\"og:locale\" content=\"fr_FR\" \/>\n<meta property=\"og:type\" content=\"article\" \/>\n<meta property=\"og:title\" content=\"01\/04\/14 Les cons\u00e9quences \u00e9conomiques de la fermeture de la fronti\u00e8re s\u00e9n\u00e9galaise commencent \u00e0 se faire sentir | Guin\u00e9e Diversit\u00e9\" \/>\n<meta property=\"og:description\" content=\"Depuis l\u2019annonce de la fermeture de la fronti\u00e8re entre la Guin\u00e9e et le S\u00e9n\u00e9gal, aucun v\u00e9hicule ne quitte Conakry pour se rendre \u00e0 Dakar. Il suffit de se rendre dans les diff\u00e9rentes gares routi\u00e8res pour s\u2019enqu\u00e9rir des r\u00e9alit\u00e9s. A la gare routi\u00e8re de Matam par exemple, l\u2019affluence n\u2019est pas remarquable. Tr\u00e8s peu de v\u00e9hicules sont [&hellip;]\" \/>\n<meta property=\"og:url\" content=\"https:\/\/guineediversite.com\/index.php\/2014\/04\/01\/010414les-consequences-economiques-de-la-fermeture-de-la-frontiere-senegalaise-commencent-a-se-faire-sentir-2\/\" \/>\n<meta property=\"og:site_name\" content=\"Guin\u00e9e Diversit\u00e9\" \/>\n<meta property=\"article:publisher\" content=\"https:\/\/www.facebook.com\/guineediversite\/\" \/>\n<meta property=\"article:published_time\" content=\"2014-03-31T22:00:00+00:00\" \/>\n<meta name=\"author\" content=\"Guin\u00e9e Diversit\u00e9\" \/>\n<meta name=\"twitter:card\" content=\"summary_large_image\" \/>\n<meta name=\"twitter:creator\" content=\"@GuineeDiversite\" \/>\n<meta name=\"twitter:site\" content=\"@GuineeDiversite\" \/>\n<meta name=\"twitter:label1\" content=\"\u00c9crit par\" \/>\n\t<meta name=\"twitter:data1\" content=\"Guin\u00e9e Diversit\u00e9\" \/>\n\t<meta name=\"twitter:label2\" content=\"Dur\u00e9e de lecture estim\u00e9e\" \/>\n\t<meta name=\"twitter:data2\" content=\"2 minutes\" \/>\n<script type=\"application\/ld+json\" class=\"yoast-schema-graph\">{\"@context\":\"https:\/\/schema.org\",\"@graph\":[{\"@type\":\"Article\",\"@id\":\"https:\/\/guineediversite.com\/index.php\/2014\/04\/01\/010414les-consequences-economiques-de-la-fermeture-de-la-frontiere-senegalaise-commencent-a-se-faire-sentir-2\/#article\",\"isPartOf\":{\"@id\":\"https:\/\/guineediversite.com\/index.php\/2014\/04\/01\/010414les-consequences-economiques-de-la-fermeture-de-la-frontiere-senegalaise-commencent-a-se-faire-sentir-2\/\"},\"author\":{\"name\":\"Guin\u00e9e Diversit\u00e9\",\"@id\":\"https:\/\/guineediversite.com\/#\/schema\/person\/afa08fb34e7fc6e1feafc892612bc836\"},\"headline\":\"01\/04\/14 Les cons\u00e9quences \u00e9conomiques de la fermeture de la fronti\u00e8re s\u00e9n\u00e9galaise commencent \u00e0 se faire sentir\",\"datePublished\":\"2014-03-31T22:00:00+00:00\",\"dateModified\":\"2014-03-31T22:00:00+00:00\",\"mainEntityOfPage\":{\"@id\":\"https:\/\/guineediversite.com\/index.php\/2014\/04\/01\/010414les-consequences-economiques-de-la-fermeture-de-la-frontiere-senegalaise-commencent-a-se-faire-sentir-2\/\"},\"wordCount\":404,\"commentCount\":0,\"publisher\":{\"@id\":\"https:\/\/guineediversite.com\/#organization\"},\"articleSection\":[\"Archives\"],\"inLanguage\":\"fr-FR\",\"potentialAction\":[{\"@type\":\"CommentAction\",\"name\":\"Comment\",\"target\":[\"https:\/\/guineediversite.com\/index.php\/2014\/04\/01\/010414les-consequences-economiques-de-la-fermeture-de-la-frontiere-senegalaise-commencent-a-se-faire-sentir-2\/#respond\"]}]},{\"@type\":\"WebPage\",\"@id\":\"https:\/\/guineediversite.com\/index.php\/2014\/04\/01\/010414les-consequences-economiques-de-la-fermeture-de-la-frontiere-senegalaise-commencent-a-se-faire-sentir-2\/\",\"url\":\"https:\/\/guineediversite.com\/index.php\/2014\/04\/01\/010414les-consequences-economiques-de-la-fermeture-de-la-frontiere-senegalaise-commencent-a-se-faire-sentir-2\/\",\"name\":\"01\/04\/14 Les cons\u00e9quences \u00e9conomiques de la fermeture de la fronti\u00e8re s\u00e9n\u00e9galaise commencent \u00e0 se faire sentir | Guin\u00e9e Diversit\u00e9\",\"isPartOf\":{\"@id\":\"https:\/\/guineediversite.com\/#website\"},\"datePublished\":\"2014-03-31T22:00:00+00:00\",\"dateModified\":\"2014-03-31T22:00:00+00:00\",\"breadcrumb\":{\"@id\":\"https:\/\/guineediversite.com\/index.php\/2014\/04\/01\/010414les-consequences-economiques-de-la-fermeture-de-la-frontiere-senegalaise-commencent-a-se-faire-sentir-2\/#breadcrumb\"},\"inLanguage\":\"fr-FR\",\"potentialAction\":[{\"@type\":\"ReadAction\",\"target\":[\"https:\/\/guineediversite.com\/index.php\/2014\/04\/01\/010414les-consequences-economiques-de-la-fermeture-de-la-frontiere-senegalaise-commencent-a-se-faire-sentir-2\/\"]}]},{\"@type\":\"BreadcrumbList\",\"@id\":\"https:\/\/guineediversite.com\/index.php\/2014\/04\/01\/010414les-consequences-economiques-de-la-fermeture-de-la-frontiere-senegalaise-commencent-a-se-faire-sentir-2\/#breadcrumb\",\"itemListElement\":[{\"@type\":\"ListItem\",\"position\":1,\"name\":\"Accueil\",\"item\":\"https:\/\/guineediversite.com\/\"},{\"@type\":\"ListItem\",\"position\":2,\"name\":\"01\/04\/14 Les cons\u00e9quences \u00e9conomiques de la fermeture de la fronti\u00e8re s\u00e9n\u00e9galaise commencent \u00e0 se faire sentir\"}]},{\"@type\":\"WebSite\",\"@id\":\"https:\/\/guineediversite.com\/#website\",\"url\":\"https:\/\/guineediversite.com\/\",\"name\":\"Guin\u00e9e Diversit\u00e9\",\"description\":\"L&#039;Info dans toute sa diversit\u00e9\",\"publisher\":{\"@id\":\"https:\/\/guineediversite.com\/#organization\"},\"potentialAction\":[{\"@type\":\"SearchAction\",\"target\":{\"@type\":\"EntryPoint\",\"urlTemplate\":\"https:\/\/guineediversite.com\/?s={search_term_string}\"},\"query-input\":{\"@type\":\"PropertyValueSpecification\",\"valueRequired\":true,\"valueName\":\"search_term_string\"}}],\"inLanguage\":\"fr-FR\"},{\"@type\":\"Organization\",\"@id\":\"https:\/\/guineediversite.com\/#organization\",\"name\":\"Guin\u00e9e Diversit\u00e9\",\"url\":\"https:\/\/guineediversite.com\/\",\"logo\":{\"@type\":\"ImageObject\",\"inLanguage\":\"fr-FR\",\"@id\":\"https:\/\/guineediversite.com\/#\/schema\/logo\/image\/\",\"url\":\"https:\/\/guineediversite.com\/wp-content\/uploads\/2017\/04\/cropped-1jojlxEOMkX9Wyqfhe43D6kjPOGqBBKmx3EwWJqZ0cMrFF54yM49.png\",\"contentUrl\":\"https:\/\/guineediversite.com\/wp-content\/uploads\/2017\/04\/cropped-1jojlxEOMkX9Wyqfhe43D6kjPOGqBBKmx3EwWJqZ0cMrFF54yM49.png\",\"width\":186,\"height\":112,\"caption\":\"Guin\u00e9e Diversit\u00e9\"},\"image\":{\"@id\":\"https:\/\/guineediversite.com\/#\/schema\/logo\/image\/\"},\"sameAs\":[\"https:\/\/www.facebook.com\/guineediversite\/\",\"https:\/\/x.com\/GuineeDiversite\",\"https:\/\/www.youtube.com\/channel\/UC8sUY16qelG5ge6_D5SB83g\"]},{\"@type\":\"Person\",\"@id\":\"https:\/\/guineediversite.com\/#\/schema\/person\/afa08fb34e7fc6e1feafc892612bc836\",\"name\":\"Guin\u00e9e Diversit\u00e9\",\"image\":{\"@type\":\"ImageObject\",\"inLanguage\":\"fr-FR\",\"@id\":\"https:\/\/guineediversite.com\/#\/schema\/person\/image\/\",\"url\":\"https:\/\/secure.gravatar.com\/avatar\/50d5eb5b390f8b65ac30ac6f898eb83a?s=96&d=mm&r=g\",\"contentUrl\":\"https:\/\/secure.gravatar.com\/avatar\/50d5eb5b390f8b65ac30ac6f898eb83a?s=96&d=mm&r=g\",\"caption\":\"Guin\u00e9e Diversit\u00e9\"},\"url\":\"https:\/\/guineediversite.com\/index.php\/author\/guineediversite\/\"}]}<\/script>\n<!-- \/ Yoast SEO plugin. -->","yoast_head_json":{"title":"01\/04\/14 Les cons\u00e9quences \u00e9conomiques de la fermeture de la fronti\u00e8re s\u00e9n\u00e9galaise commencent \u00e0 se faire sentir | Guin\u00e9e Diversit\u00e9","robots":{"index":"index","follow":"follow","max-snippet":"max-snippet:-1","max-image-preview":"max-image-preview:large","max-video-preview":"max-video-preview:-1"},"canonical":"https:\/\/guineediversite.com\/index.php\/2014\/04\/01\/010414les-consequences-economiques-de-la-fermeture-de-la-frontiere-senegalaise-commencent-a-se-faire-sentir-2\/","og_locale":"fr_FR","og_type":"article","og_title":"01\/04\/14 Les cons\u00e9quences \u00e9conomiques de la fermeture de la fronti\u00e8re s\u00e9n\u00e9galaise commencent \u00e0 se faire sentir | Guin\u00e9e Diversit\u00e9","og_description":"Depuis l\u2019annonce de la fermeture de la fronti\u00e8re entre la Guin\u00e9e et le S\u00e9n\u00e9gal, aucun v\u00e9hicule ne quitte Conakry pour se rendre \u00e0 Dakar. Il suffit de se rendre dans les diff\u00e9rentes gares routi\u00e8res pour s\u2019enqu\u00e9rir des r\u00e9alit\u00e9s. A la gare routi\u00e8re de Matam par exemple, l\u2019affluence n\u2019est pas remarquable. Tr\u00e8s peu de v\u00e9hicules sont [&hellip;]","og_url":"https:\/\/guineediversite.com\/index.php\/2014\/04\/01\/010414les-consequences-economiques-de-la-fermeture-de-la-frontiere-senegalaise-commencent-a-se-faire-sentir-2\/","og_site_name":"Guin\u00e9e Diversit\u00e9","article_publisher":"https:\/\/www.facebook.com\/guineediversite\/","article_published_time":"2014-03-31T22:00:00+00:00","author":"Guin\u00e9e Diversit\u00e9","twitter_card":"summary_large_image","twitter_creator":"@GuineeDiversite","twitter_site":"@GuineeDiversite","twitter_misc":{"\u00c9crit par":"Guin\u00e9e Diversit\u00e9","Dur\u00e9e de lecture estim\u00e9e":"2 minutes"},"schema":{"@context":"https:\/\/schema.org","@graph":[{"@type":"Article","@id":"https:\/\/guineediversite.com\/index.php\/2014\/04\/01\/010414les-consequences-economiques-de-la-fermeture-de-la-frontiere-senegalaise-commencent-a-se-faire-sentir-2\/#article","isPartOf":{"@id":"https:\/\/guineediversite.com\/index.php\/2014\/04\/01\/010414les-consequences-economiques-de-la-fermeture-de-la-frontiere-senegalaise-commencent-a-se-faire-sentir-2\/"},"author":{"name":"Guin\u00e9e Diversit\u00e9","@id":"https:\/\/guineediversite.com\/#\/schema\/person\/afa08fb34e7fc6e1feafc892612bc836"},"headline":"01\/04\/14 Les cons\u00e9quences \u00e9conomiques de la fermeture de la fronti\u00e8re s\u00e9n\u00e9galaise commencent \u00e0 se faire sentir","datePublished":"2014-03-31T22:00:00+00:00","dateModified":"2014-03-31T22:00:00+00:00","mainEntityOfPage":{"@id":"https:\/\/guineediversite.com\/index.php\/2014\/04\/01\/010414les-consequences-economiques-de-la-fermeture-de-la-frontiere-senegalaise-commencent-a-se-faire-sentir-2\/"},"wordCount":404,"commentCount":0,"publisher":{"@id":"https:\/\/guineediversite.com\/#organization"},"articleSection":["Archives"],"inLanguage":"fr-FR","potentialAction":[{"@type":"CommentAction","name":"Comment","target":["https:\/\/guineediversite.com\/index.php\/2014\/04\/01\/010414les-consequences-economiques-de-la-fermeture-de-la-frontiere-senegalaise-commencent-a-se-faire-sentir-2\/#respond"]}]},{"@type":"WebPage","@id":"https:\/\/guineediversite.com\/index.php\/2014\/04\/01\/010414les-consequences-economiques-de-la-fermeture-de-la-frontiere-senegalaise-commencent-a-se-faire-sentir-2\/","url":"https:\/\/guineediversite.com\/index.php\/2014\/04\/01\/010414les-consequences-economiques-de-la-fermeture-de-la-frontiere-senegalaise-commencent-a-se-faire-sentir-2\/","name":"01\/04\/14 Les cons\u00e9quences \u00e9conomiques de la fermeture de la fronti\u00e8re s\u00e9n\u00e9galaise commencent \u00e0 se faire sentir | Guin\u00e9e Diversit\u00e9","isPartOf":{"@id":"https:\/\/guineediversite.com\/#website"},"datePublished":"2014-03-31T22:00:00+00:00","dateModified":"2014-03-31T22:00:00+00:00","breadcrumb":{"@id":"https:\/\/guineediversite.com\/index.php\/2014\/04\/01\/010414les-consequences-economiques-de-la-fermeture-de-la-frontiere-senegalaise-commencent-a-se-faire-sentir-2\/#breadcrumb"},"inLanguage":"fr-FR","potentialAction":[{"@type":"ReadAction","target":["https:\/\/guineediversite.com\/index.php\/2014\/04\/01\/010414les-consequences-economiques-de-la-fermeture-de-la-frontiere-senegalaise-commencent-a-se-faire-sentir-2\/"]}]},{"@type":"BreadcrumbList","@id":"https:\/\/guineediversite.com\/index.php\/2014\/04\/01\/010414les-consequences-economiques-de-la-fermeture-de-la-frontiere-senegalaise-commencent-a-se-faire-sentir-2\/#breadcrumb","itemListElement":[{"@type":"ListItem","position":1,"name":"Accueil","item":"https:\/\/guineediversite.com\/"},{"@type":"ListItem","position":2,"name":"01\/04\/14 Les cons\u00e9quences \u00e9conomiques de la fermeture de la fronti\u00e8re s\u00e9n\u00e9galaise commencent \u00e0 se faire sentir"}]},{"@type":"WebSite","@id":"https:\/\/guineediversite.com\/#website","url":"https:\/\/guineediversite.com\/","name":"Guin\u00e9e Diversit\u00e9","description":"L&#039;Info dans toute sa diversit\u00e9","publisher":{"@id":"https:\/\/guineediversite.com\/#organization"},"potentialAction":[{"@type":"SearchAction","target":{"@type":"EntryPoint","urlTemplate":"https:\/\/guineediversite.com\/?s={search_term_string}"},"query-input":{"@type":"PropertyValueSpecification","valueRequired":true,"valueName":"search_term_string"}}],"inLanguage":"fr-FR"},{"@type":"Organization","@id":"https:\/\/guineediversite.com\/#organization","name":"Guin\u00e9e Diversit\u00e9","url":"https:\/\/guineediversite.com\/","logo":{"@type":"ImageObject","inLanguage":"fr-FR","@id":"https:\/\/guineediversite.com\/#\/schema\/logo\/image\/","url":"https:\/\/guineediversite.com\/wp-content\/uploads\/2017\/04\/cropped-1jojlxEOMkX9Wyqfhe43D6kjPOGqBBKmx3EwWJqZ0cMrFF54yM49.png","contentUrl":"https:\/\/guineediversite.com\/wp-content\/uploads\/2017\/04\/cropped-1jojlxEOMkX9Wyqfhe43D6kjPOGqBBKmx3EwWJqZ0cMrFF54yM49.png","width":186,"height":112,"caption":"Guin\u00e9e Diversit\u00e9"},"image":{"@id":"https:\/\/guineediversite.com\/#\/schema\/logo\/image\/"},"sameAs":["https:\/\/www.facebook.com\/guineediversite\/","https:\/\/x.com\/GuineeDiversite","https:\/\/www.youtube.com\/channel\/UC8sUY16qelG5ge6_D5SB83g"]},{"@type":"Person","@id":"https:\/\/guineediversite.com\/#\/schema\/person\/afa08fb34e7fc6e1feafc892612bc836","name":"Guin\u00e9e Diversit\u00e9","image":{"@type":"ImageObject","inLanguage":"fr-FR","@id":"https:\/\/guineediversite.com\/#\/schema\/person\/image\/","url":"https:\/\/secure.gravatar.com\/avatar\/50d5eb5b390f8b65ac30ac6f898eb83a?s=96&d=mm&r=g","contentUrl":"https:\/\/secure.gravatar.com\/avatar\/50d5eb5b390f8b65ac30ac6f898eb83a?s=96&d=mm&r=g","caption":"Guin\u00e9e Diversit\u00e9"},"url":"https:\/\/guineediversite.com\/index.php\/author\/guineediversite\/"}]}},"_links":{"self":[{"href":"https:\/\/guineediversite.com\/index.php\/wp-json\/wp\/v2\/posts\/16575"}],"collection":[{"href":"https:\/\/guineediversite.com\/index.php\/wp-json\/wp\/v2\/posts"}],"about":[{"href":"https:\/\/guineediversite.com\/index.php\/wp-json\/wp\/v2\/types\/post"}],"author":[{"embeddable":true,"href":"https:\/\/guineediversite.com\/index.php\/wp-json\/wp\/v2\/users\/12"}],"replies":[{"embeddable":true,"href":"https:\/\/guineediversite.com\/index.php\/wp-json\/wp\/v2\/comments?post=16575"}],"version-history":[{"count":0,"href":"https:\/\/guineediversite.com\/index.php\/wp-json\/wp\/v2\/posts\/16575\/revisions"}],"wp:attachment":[{"href":"https:\/\/guineediversite.com\/index.php\/wp-json\/wp\/v2\/media?parent=16575"}],"wp:term":[{"taxonomy":"category","embeddable":true,"href":"https:\/\/guineediversite.com\/index.php\/wp-json\/wp\/v2\/categories?post=16575"},{"taxonomy":"post_tag","embeddable":true,"href":"https:\/\/guineediversite.com\/index.php\/wp-json\/wp\/v2\/tags?post=16575"}],"curies":[{"name":"wp","href":"https:\/\/api.w.org\/{rel}","templated":true}]}}