{"id":16569,"date":"2014-03-31T00:00:00","date_gmt":"2014-03-30T22:00:00","guid":{"rendered":"https:\/\/www.guineediversite.com\/index.php\/2014\/03\/31\/310314frontiere-guineo-senegalaise-vive-tension-entre-voyageurs-guineen-et-senegalais-2\/"},"modified":"2014-03-31T00:00:00","modified_gmt":"2014-03-30T22:00:00","slug":"310314frontiere-guineo-senegalaise-vive-tension-entre-voyageurs-guineen-et-senegalais-2","status":"publish","type":"post","link":"https:\/\/guineediversite.com\/index.php\/2014\/03\/31\/310314frontiere-guineo-senegalaise-vive-tension-entre-voyageurs-guineen-et-senegalais-2\/","title":{"rendered":"31\/03\/14\nFronti\u00e8re guin\u00e9o-s\u00e9n\u00e9galaise : vive tension entre voyageurs  guin\u00e9en et s\u00e9n\u00e9galais"},"content":{"rendered":"<p>Des affrontements ont \u00e9t\u00e9 signal\u00e9s ce lundi 31 mars 2014 \u00e0 la fronti\u00e8re guin\u00e9o-s\u00e9n\u00e9galaise, \u00e0 30 km de Koundara cot\u00e9 s\u00e9n\u00e9galais. <\/p>\n<p>Selon nos informations, ces affrontements ont \u00e9clat\u00e9s entre des voyageurs guin\u00e9ens pour la plupart des commer\u00e7ants et des citoyens s\u00e9n\u00e9galais. Depuis que Dakar a annonc\u00e9 la fermeture de sa fronti\u00e8re avec la Guin\u00e9e pour dit-on emp\u00eacher la propagation de la fi\u00e8vre h\u00e9morragique Ebola dans leurs pays, des centaines de personnes sont mass\u00e9s de part et d\u2019autres de la fronti\u00e8re. <\/p>\n<p>Des camions charg\u00e9s de mangues et d\u2019autres fruits en provenance de la Guin\u00e9e sont immobilis\u00e9s. Le risque de voir la marchandise pourrir a oblig\u00e9 certains transporteurs \u00e0 prendre des pistes  rurales en passant par des villages s\u00e9n\u00e9galais. Mais les s\u00e9n\u00e9galais habitants ces villages ont alors barricad\u00e9 ces pistes estimant que les guin\u00e9ens n\u2019ont pas le droit de franchir la fronti\u00e8re. <\/p>\n<p>Il y aurait m\u00eame des corps des guin\u00e9ens d\u00e9c\u00e9d\u00e9 \u00e0 Dakar qui devait \u00eatre enterr\u00e9 en Guin\u00e9e qui sont bloqu\u00e9 selon une source que nous avons jointe par t\u00e9l\u00e9phone. \u00ab  Ici il est difficile de trouver la nourriture ou l\u2019eau, les s\u00e9n\u00e9galais se m\u00e9fieraient de leurs fr\u00e8res guin\u00e9ens les soup\u00e7onnant d\u2019avoir le virus d\u2019Ebola \u00bb indique notre source.<br \/>\nNous y reviendrons !<\/p>\n","protected":false},"excerpt":{"rendered":"<p>Des affrontements ont \u00e9t\u00e9 signal\u00e9s ce lundi 31 mars 2014 \u00e0 la fronti\u00e8re guin\u00e9o-s\u00e9n\u00e9galaise, \u00e0 30 km de Koundara cot\u00e9 s\u00e9n\u00e9galais. Selon nos informations, ces affrontements ont \u00e9clat\u00e9s entre des voyageurs guin\u00e9ens pour la plupart des commer\u00e7ants et des citoyens s\u00e9n\u00e9galais. Depuis que Dakar a annonc\u00e9 la fermeture de sa fronti\u00e8re avec la Guin\u00e9e pour [&hellip;]<\/p>\n","protected":false},"author":12,"featured_media":0,"comment_status":"open","ping_status":"open","sticky":false,"template":"","format":"standard","meta":{"_exactmetrics_skip_tracking":false,"_exactmetrics_sitenote_active":false,"_exactmetrics_sitenote_note":"","_exactmetrics_sitenote_category":0,"tdm_status":"","tdm_grid_status":"","footnotes":""},"categories":[28],"tags":[],"class_list":{"0":"post-16569","1":"post","2":"type-post","3":"status-publish","4":"format-standard","6":"category-archives"},"yoast_head":"<!-- This site is optimized with the Yoast SEO plugin v24.2 - https:\/\/yoast.com\/wordpress\/plugins\/seo\/ -->\n<title>31\/03\/14 Fronti\u00e8re guin\u00e9o-s\u00e9n\u00e9galaise : vive tension entre voyageurs guin\u00e9en et s\u00e9n\u00e9galais | Guin\u00e9e Diversit\u00e9<\/title>\n<meta name=\"robots\" content=\"index, follow, max-snippet:-1, max-image-preview:large, max-video-preview:-1\" \/>\n<link rel=\"canonical\" href=\"https:\/\/guineediversite.com\/index.php\/2014\/03\/31\/310314frontiere-guineo-senegalaise-vive-tension-entre-voyageurs-guineen-et-senegalais-2\/\" \/>\n<meta property=\"og:locale\" content=\"fr_FR\" \/>\n<meta property=\"og:type\" content=\"article\" \/>\n<meta property=\"og:title\" content=\"31\/03\/14 Fronti\u00e8re guin\u00e9o-s\u00e9n\u00e9galaise : vive tension entre voyageurs guin\u00e9en et s\u00e9n\u00e9galais | Guin\u00e9e Diversit\u00e9\" \/>\n<meta property=\"og:description\" content=\"Des affrontements ont \u00e9t\u00e9 signal\u00e9s ce lundi 31 mars 2014 \u00e0 la fronti\u00e8re guin\u00e9o-s\u00e9n\u00e9galaise, \u00e0 30 km de Koundara cot\u00e9 s\u00e9n\u00e9galais. Selon nos informations, ces affrontements ont \u00e9clat\u00e9s entre des voyageurs guin\u00e9ens pour la plupart des commer\u00e7ants et des citoyens s\u00e9n\u00e9galais. Depuis que Dakar a annonc\u00e9 la fermeture de sa fronti\u00e8re avec la Guin\u00e9e pour [&hellip;]\" \/>\n<meta property=\"og:url\" content=\"https:\/\/guineediversite.com\/index.php\/2014\/03\/31\/310314frontiere-guineo-senegalaise-vive-tension-entre-voyageurs-guineen-et-senegalais-2\/\" \/>\n<meta property=\"og:site_name\" content=\"Guin\u00e9e Diversit\u00e9\" \/>\n<meta property=\"article:publisher\" content=\"https:\/\/www.facebook.com\/guineediversite\/\" \/>\n<meta property=\"article:published_time\" content=\"2014-03-30T22:00:00+00:00\" \/>\n<meta name=\"author\" content=\"Guin\u00e9e Diversit\u00e9\" \/>\n<meta name=\"twitter:card\" content=\"summary_large_image\" \/>\n<meta name=\"twitter:creator\" content=\"@GuineeDiversite\" \/>\n<meta name=\"twitter:site\" content=\"@GuineeDiversite\" \/>\n<meta name=\"twitter:label1\" content=\"\u00c9crit par\" \/>\n\t<meta name=\"twitter:data1\" content=\"Guin\u00e9e Diversit\u00e9\" \/>\n\t<meta name=\"twitter:label2\" content=\"Dur\u00e9e de lecture estim\u00e9e\" \/>\n\t<meta name=\"twitter:data2\" content=\"1 minute\" \/>\n<script type=\"application\/ld+json\" class=\"yoast-schema-graph\">{\"@context\":\"https:\/\/schema.org\",\"@graph\":[{\"@type\":\"Article\",\"@id\":\"https:\/\/guineediversite.com\/index.php\/2014\/03\/31\/310314frontiere-guineo-senegalaise-vive-tension-entre-voyageurs-guineen-et-senegalais-2\/#article\",\"isPartOf\":{\"@id\":\"https:\/\/guineediversite.com\/index.php\/2014\/03\/31\/310314frontiere-guineo-senegalaise-vive-tension-entre-voyageurs-guineen-et-senegalais-2\/\"},\"author\":{\"name\":\"Guin\u00e9e Diversit\u00e9\",\"@id\":\"https:\/\/guineediversite.com\/#\/schema\/person\/afa08fb34e7fc6e1feafc892612bc836\"},\"headline\":\"31\/03\/14 Fronti\u00e8re guin\u00e9o-s\u00e9n\u00e9galaise : vive tension entre voyageurs guin\u00e9en et s\u00e9n\u00e9galais\",\"datePublished\":\"2014-03-30T22:00:00+00:00\",\"dateModified\":\"2014-03-30T22:00:00+00:00\",\"mainEntityOfPage\":{\"@id\":\"https:\/\/guineediversite.com\/index.php\/2014\/03\/31\/310314frontiere-guineo-senegalaise-vive-tension-entre-voyageurs-guineen-et-senegalais-2\/\"},\"wordCount\":255,\"commentCount\":0,\"publisher\":{\"@id\":\"https:\/\/guineediversite.com\/#organization\"},\"articleSection\":[\"Archives\"],\"inLanguage\":\"fr-FR\",\"potentialAction\":[{\"@type\":\"CommentAction\",\"name\":\"Comment\",\"target\":[\"https:\/\/guineediversite.com\/index.php\/2014\/03\/31\/310314frontiere-guineo-senegalaise-vive-tension-entre-voyageurs-guineen-et-senegalais-2\/#respond\"]}]},{\"@type\":\"WebPage\",\"@id\":\"https:\/\/guineediversite.com\/index.php\/2014\/03\/31\/310314frontiere-guineo-senegalaise-vive-tension-entre-voyageurs-guineen-et-senegalais-2\/\",\"url\":\"https:\/\/guineediversite.com\/index.php\/2014\/03\/31\/310314frontiere-guineo-senegalaise-vive-tension-entre-voyageurs-guineen-et-senegalais-2\/\",\"name\":\"31\/03\/14 Fronti\u00e8re guin\u00e9o-s\u00e9n\u00e9galaise : vive tension entre voyageurs guin\u00e9en et s\u00e9n\u00e9galais | Guin\u00e9e Diversit\u00e9\",\"isPartOf\":{\"@id\":\"https:\/\/guineediversite.com\/#website\"},\"datePublished\":\"2014-03-30T22:00:00+00:00\",\"dateModified\":\"2014-03-30T22:00:00+00:00\",\"breadcrumb\":{\"@id\":\"https:\/\/guineediversite.com\/index.php\/2014\/03\/31\/310314frontiere-guineo-senegalaise-vive-tension-entre-voyageurs-guineen-et-senegalais-2\/#breadcrumb\"},\"inLanguage\":\"fr-FR\",\"potentialAction\":[{\"@type\":\"ReadAction\",\"target\":[\"https:\/\/guineediversite.com\/index.php\/2014\/03\/31\/310314frontiere-guineo-senegalaise-vive-tension-entre-voyageurs-guineen-et-senegalais-2\/\"]}]},{\"@type\":\"BreadcrumbList\",\"@id\":\"https:\/\/guineediversite.com\/index.php\/2014\/03\/31\/310314frontiere-guineo-senegalaise-vive-tension-entre-voyageurs-guineen-et-senegalais-2\/#breadcrumb\",\"itemListElement\":[{\"@type\":\"ListItem\",\"position\":1,\"name\":\"Accueil\",\"item\":\"https:\/\/guineediversite.com\/\"},{\"@type\":\"ListItem\",\"position\":2,\"name\":\"31\/03\/14 Fronti\u00e8re guin\u00e9o-s\u00e9n\u00e9galaise : vive tension entre voyageurs guin\u00e9en et s\u00e9n\u00e9galais\"}]},{\"@type\":\"WebSite\",\"@id\":\"https:\/\/guineediversite.com\/#website\",\"url\":\"https:\/\/guineediversite.com\/\",\"name\":\"Guin\u00e9e Diversit\u00e9\",\"description\":\"L&#039;Info dans toute sa diversit\u00e9\",\"publisher\":{\"@id\":\"https:\/\/guineediversite.com\/#organization\"},\"potentialAction\":[{\"@type\":\"SearchAction\",\"target\":{\"@type\":\"EntryPoint\",\"urlTemplate\":\"https:\/\/guineediversite.com\/?s={search_term_string}\"},\"query-input\":{\"@type\":\"PropertyValueSpecification\",\"valueRequired\":true,\"valueName\":\"search_term_string\"}}],\"inLanguage\":\"fr-FR\"},{\"@type\":\"Organization\",\"@id\":\"https:\/\/guineediversite.com\/#organization\",\"name\":\"Guin\u00e9e Diversit\u00e9\",\"url\":\"https:\/\/guineediversite.com\/\",\"logo\":{\"@type\":\"ImageObject\",\"inLanguage\":\"fr-FR\",\"@id\":\"https:\/\/guineediversite.com\/#\/schema\/logo\/image\/\",\"url\":\"https:\/\/guineediversite.com\/wp-content\/uploads\/2017\/04\/cropped-1jojlxEOMkX9Wyqfhe43D6kjPOGqBBKmx3EwWJqZ0cMrFF54yM49.png\",\"contentUrl\":\"https:\/\/guineediversite.com\/wp-content\/uploads\/2017\/04\/cropped-1jojlxEOMkX9Wyqfhe43D6kjPOGqBBKmx3EwWJqZ0cMrFF54yM49.png\",\"width\":186,\"height\":112,\"caption\":\"Guin\u00e9e Diversit\u00e9\"},\"image\":{\"@id\":\"https:\/\/guineediversite.com\/#\/schema\/logo\/image\/\"},\"sameAs\":[\"https:\/\/www.facebook.com\/guineediversite\/\",\"https:\/\/x.com\/GuineeDiversite\",\"https:\/\/www.youtube.com\/channel\/UC8sUY16qelG5ge6_D5SB83g\"]},{\"@type\":\"Person\",\"@id\":\"https:\/\/guineediversite.com\/#\/schema\/person\/afa08fb34e7fc6e1feafc892612bc836\",\"name\":\"Guin\u00e9e Diversit\u00e9\",\"image\":{\"@type\":\"ImageObject\",\"inLanguage\":\"fr-FR\",\"@id\":\"https:\/\/guineediversite.com\/#\/schema\/person\/image\/\",\"url\":\"https:\/\/secure.gravatar.com\/avatar\/50d5eb5b390f8b65ac30ac6f898eb83a?s=96&d=mm&r=g\",\"contentUrl\":\"https:\/\/secure.gravatar.com\/avatar\/50d5eb5b390f8b65ac30ac6f898eb83a?s=96&d=mm&r=g\",\"caption\":\"Guin\u00e9e Diversit\u00e9\"},\"url\":\"https:\/\/guineediversite.com\/index.php\/author\/guineediversite\/\"}]}<\/script>\n<!-- \/ Yoast SEO plugin. -->","yoast_head_json":{"title":"31\/03\/14 Fronti\u00e8re guin\u00e9o-s\u00e9n\u00e9galaise : vive tension entre voyageurs guin\u00e9en et s\u00e9n\u00e9galais | Guin\u00e9e Diversit\u00e9","robots":{"index":"index","follow":"follow","max-snippet":"max-snippet:-1","max-image-preview":"max-image-preview:large","max-video-preview":"max-video-preview:-1"},"canonical":"https:\/\/guineediversite.com\/index.php\/2014\/03\/31\/310314frontiere-guineo-senegalaise-vive-tension-entre-voyageurs-guineen-et-senegalais-2\/","og_locale":"fr_FR","og_type":"article","og_title":"31\/03\/14 Fronti\u00e8re guin\u00e9o-s\u00e9n\u00e9galaise : vive tension entre voyageurs guin\u00e9en et s\u00e9n\u00e9galais | Guin\u00e9e Diversit\u00e9","og_description":"Des affrontements ont \u00e9t\u00e9 signal\u00e9s ce lundi 31 mars 2014 \u00e0 la fronti\u00e8re guin\u00e9o-s\u00e9n\u00e9galaise, \u00e0 30 km de Koundara cot\u00e9 s\u00e9n\u00e9galais. Selon nos informations, ces affrontements ont \u00e9clat\u00e9s entre des voyageurs guin\u00e9ens pour la plupart des commer\u00e7ants et des citoyens s\u00e9n\u00e9galais. Depuis que Dakar a annonc\u00e9 la fermeture de sa fronti\u00e8re avec la Guin\u00e9e pour [&hellip;]","og_url":"https:\/\/guineediversite.com\/index.php\/2014\/03\/31\/310314frontiere-guineo-senegalaise-vive-tension-entre-voyageurs-guineen-et-senegalais-2\/","og_site_name":"Guin\u00e9e Diversit\u00e9","article_publisher":"https:\/\/www.facebook.com\/guineediversite\/","article_published_time":"2014-03-30T22:00:00+00:00","author":"Guin\u00e9e Diversit\u00e9","twitter_card":"summary_large_image","twitter_creator":"@GuineeDiversite","twitter_site":"@GuineeDiversite","twitter_misc":{"\u00c9crit par":"Guin\u00e9e Diversit\u00e9","Dur\u00e9e de lecture estim\u00e9e":"1 minute"},"schema":{"@context":"https:\/\/schema.org","@graph":[{"@type":"Article","@id":"https:\/\/guineediversite.com\/index.php\/2014\/03\/31\/310314frontiere-guineo-senegalaise-vive-tension-entre-voyageurs-guineen-et-senegalais-2\/#article","isPartOf":{"@id":"https:\/\/guineediversite.com\/index.php\/2014\/03\/31\/310314frontiere-guineo-senegalaise-vive-tension-entre-voyageurs-guineen-et-senegalais-2\/"},"author":{"name":"Guin\u00e9e Diversit\u00e9","@id":"https:\/\/guineediversite.com\/#\/schema\/person\/afa08fb34e7fc6e1feafc892612bc836"},"headline":"31\/03\/14 Fronti\u00e8re guin\u00e9o-s\u00e9n\u00e9galaise : vive tension entre voyageurs guin\u00e9en et s\u00e9n\u00e9galais","datePublished":"2014-03-30T22:00:00+00:00","dateModified":"2014-03-30T22:00:00+00:00","mainEntityOfPage":{"@id":"https:\/\/guineediversite.com\/index.php\/2014\/03\/31\/310314frontiere-guineo-senegalaise-vive-tension-entre-voyageurs-guineen-et-senegalais-2\/"},"wordCount":255,"commentCount":0,"publisher":{"@id":"https:\/\/guineediversite.com\/#organization"},"articleSection":["Archives"],"inLanguage":"fr-FR","potentialAction":[{"@type":"CommentAction","name":"Comment","target":["https:\/\/guineediversite.com\/index.php\/2014\/03\/31\/310314frontiere-guineo-senegalaise-vive-tension-entre-voyageurs-guineen-et-senegalais-2\/#respond"]}]},{"@type":"WebPage","@id":"https:\/\/guineediversite.com\/index.php\/2014\/03\/31\/310314frontiere-guineo-senegalaise-vive-tension-entre-voyageurs-guineen-et-senegalais-2\/","url":"https:\/\/guineediversite.com\/index.php\/2014\/03\/31\/310314frontiere-guineo-senegalaise-vive-tension-entre-voyageurs-guineen-et-senegalais-2\/","name":"31\/03\/14 Fronti\u00e8re guin\u00e9o-s\u00e9n\u00e9galaise : vive tension entre voyageurs guin\u00e9en et s\u00e9n\u00e9galais | Guin\u00e9e Diversit\u00e9","isPartOf":{"@id":"https:\/\/guineediversite.com\/#website"},"datePublished":"2014-03-30T22:00:00+00:00","dateModified":"2014-03-30T22:00:00+00:00","breadcrumb":{"@id":"https:\/\/guineediversite.com\/index.php\/2014\/03\/31\/310314frontiere-guineo-senegalaise-vive-tension-entre-voyageurs-guineen-et-senegalais-2\/#breadcrumb"},"inLanguage":"fr-FR","potentialAction":[{"@type":"ReadAction","target":["https:\/\/guineediversite.com\/index.php\/2014\/03\/31\/310314frontiere-guineo-senegalaise-vive-tension-entre-voyageurs-guineen-et-senegalais-2\/"]}]},{"@type":"BreadcrumbList","@id":"https:\/\/guineediversite.com\/index.php\/2014\/03\/31\/310314frontiere-guineo-senegalaise-vive-tension-entre-voyageurs-guineen-et-senegalais-2\/#breadcrumb","itemListElement":[{"@type":"ListItem","position":1,"name":"Accueil","item":"https:\/\/guineediversite.com\/"},{"@type":"ListItem","position":2,"name":"31\/03\/14 Fronti\u00e8re guin\u00e9o-s\u00e9n\u00e9galaise : vive tension entre voyageurs guin\u00e9en et s\u00e9n\u00e9galais"}]},{"@type":"WebSite","@id":"https:\/\/guineediversite.com\/#website","url":"https:\/\/guineediversite.com\/","name":"Guin\u00e9e Diversit\u00e9","description":"L&#039;Info dans toute sa diversit\u00e9","publisher":{"@id":"https:\/\/guineediversite.com\/#organization"},"potentialAction":[{"@type":"SearchAction","target":{"@type":"EntryPoint","urlTemplate":"https:\/\/guineediversite.com\/?s={search_term_string}"},"query-input":{"@type":"PropertyValueSpecification","valueRequired":true,"valueName":"search_term_string"}}],"inLanguage":"fr-FR"},{"@type":"Organization","@id":"https:\/\/guineediversite.com\/#organization","name":"Guin\u00e9e Diversit\u00e9","url":"https:\/\/guineediversite.com\/","logo":{"@type":"ImageObject","inLanguage":"fr-FR","@id":"https:\/\/guineediversite.com\/#\/schema\/logo\/image\/","url":"https:\/\/guineediversite.com\/wp-content\/uploads\/2017\/04\/cropped-1jojlxEOMkX9Wyqfhe43D6kjPOGqBBKmx3EwWJqZ0cMrFF54yM49.png","contentUrl":"https:\/\/guineediversite.com\/wp-content\/uploads\/2017\/04\/cropped-1jojlxEOMkX9Wyqfhe43D6kjPOGqBBKmx3EwWJqZ0cMrFF54yM49.png","width":186,"height":112,"caption":"Guin\u00e9e Diversit\u00e9"},"image":{"@id":"https:\/\/guineediversite.com\/#\/schema\/logo\/image\/"},"sameAs":["https:\/\/www.facebook.com\/guineediversite\/","https:\/\/x.com\/GuineeDiversite","https:\/\/www.youtube.com\/channel\/UC8sUY16qelG5ge6_D5SB83g"]},{"@type":"Person","@id":"https:\/\/guineediversite.com\/#\/schema\/person\/afa08fb34e7fc6e1feafc892612bc836","name":"Guin\u00e9e Diversit\u00e9","image":{"@type":"ImageObject","inLanguage":"fr-FR","@id":"https:\/\/guineediversite.com\/#\/schema\/person\/image\/","url":"https:\/\/secure.gravatar.com\/avatar\/50d5eb5b390f8b65ac30ac6f898eb83a?s=96&d=mm&r=g","contentUrl":"https:\/\/secure.gravatar.com\/avatar\/50d5eb5b390f8b65ac30ac6f898eb83a?s=96&d=mm&r=g","caption":"Guin\u00e9e Diversit\u00e9"},"url":"https:\/\/guineediversite.com\/index.php\/author\/guineediversite\/"}]}},"_links":{"self":[{"href":"https:\/\/guineediversite.com\/index.php\/wp-json\/wp\/v2\/posts\/16569"}],"collection":[{"href":"https:\/\/guineediversite.com\/index.php\/wp-json\/wp\/v2\/posts"}],"about":[{"href":"https:\/\/guineediversite.com\/index.php\/wp-json\/wp\/v2\/types\/post"}],"author":[{"embeddable":true,"href":"https:\/\/guineediversite.com\/index.php\/wp-json\/wp\/v2\/users\/12"}],"replies":[{"embeddable":true,"href":"https:\/\/guineediversite.com\/index.php\/wp-json\/wp\/v2\/comments?post=16569"}],"version-history":[{"count":0,"href":"https:\/\/guineediversite.com\/index.php\/wp-json\/wp\/v2\/posts\/16569\/revisions"}],"wp:attachment":[{"href":"https:\/\/guineediversite.com\/index.php\/wp-json\/wp\/v2\/media?parent=16569"}],"wp:term":[{"taxonomy":"category","embeddable":true,"href":"https:\/\/guineediversite.com\/index.php\/wp-json\/wp\/v2\/categories?post=16569"},{"taxonomy":"post_tag","embeddable":true,"href":"https:\/\/guineediversite.com\/index.php\/wp-json\/wp\/v2\/tags?post=16569"}],"curies":[{"name":"wp","href":"https:\/\/api.w.org\/{rel}","templated":true}]}}