{"id":16558,"date":"2014-03-29T00:00:00","date_gmt":"2014-03-28T23:00:00","guid":{"rendered":"https:\/\/www.guineediversite.com\/index.php\/2014\/03\/29\/290314le-senegal-ferme-ses-frontieres-terrestres-avec-la-guinee-jusqua-nouvel-ordre-2\/"},"modified":"2014-03-29T00:00:00","modified_gmt":"2014-03-28T23:00:00","slug":"290314le-senegal-ferme-ses-frontieres-terrestres-avec-la-guinee-jusqua-nouvel-ordre-2","status":"publish","type":"post","link":"https:\/\/guineediversite.com\/index.php\/2014\/03\/29\/290314le-senegal-ferme-ses-frontieres-terrestres-avec-la-guinee-jusqua-nouvel-ordre-2\/","title":{"rendered":"29\/03\/14\nLe S\u00e9n\u00e9gal ferme ses fronti\u00e8res terrestres avec la Guin\u00e9e jusqu\u2019\u00e0 nouvel ordre"},"content":{"rendered":"<p>Le S\u00e9n\u00e9gal a annonc\u00e9 ce samedi, la fermeture de ses fronti\u00e8res terrestres avec la R\u00e9publique de Guin\u00e9e. L\u2019annonce a \u00e9t\u00e9 faite par le ministre s\u00e9n\u00e9galais de l\u2019int\u00e9rieur  Abdoulaye Daouda Diallo sur le site officiel de l\u2019agence de presse s\u00e9n\u00e9galaise (APS).<br \/>\n Cette  d\u00e9cision pr\u00e9ventive de Dakar s\u2019explique par la propagation de la fi\u00e8vre h\u00e9morragique Ebola dans plusieurs pr\u00e9fectures de la Guin\u00e9e.<br \/>\nDepuis son apparition en guin\u00e9e au mois de janvier, les autorit\u00e9s m\u00e9dicales  ont d\u00e9nombr\u00e9  112 cas dont 70 d\u00e9c\u00e8s.<br \/>\nLa capitale guin\u00e9enne \u00e0 elle seule,  a enregistr\u00e9 8 cas ces  deux derniers jours dont un  mortel. <\/p>\n<p>Rappelons que S\u00e9n\u00e9gal est le premier pays voisin de la Guin\u00e9e \u00e0 fermer ses fronti\u00e8res. <\/p>\n<p>Guineediversite.com<\/p>\n","protected":false},"excerpt":{"rendered":"<p>Le S\u00e9n\u00e9gal a annonc\u00e9 ce samedi, la fermeture de ses fronti\u00e8res terrestres avec la R\u00e9publique de Guin\u00e9e. L\u2019annonce a \u00e9t\u00e9 faite par le ministre s\u00e9n\u00e9galais de l\u2019int\u00e9rieur Abdoulaye Daouda Diallo sur le site officiel de l\u2019agence de presse s\u00e9n\u00e9galaise (APS). Cette d\u00e9cision pr\u00e9ventive de Dakar s\u2019explique par la propagation de la fi\u00e8vre h\u00e9morragique Ebola dans [&hellip;]<\/p>\n","protected":false},"author":12,"featured_media":0,"comment_status":"open","ping_status":"open","sticky":false,"template":"","format":"standard","meta":{"_exactmetrics_skip_tracking":false,"_exactmetrics_sitenote_active":false,"_exactmetrics_sitenote_note":"","_exactmetrics_sitenote_category":0,"tdm_status":"","tdm_grid_status":"","footnotes":""},"categories":[28],"tags":[],"class_list":{"0":"post-16558","1":"post","2":"type-post","3":"status-publish","4":"format-standard","6":"category-archives"},"yoast_head":"<!-- This site is optimized with the Yoast SEO plugin v24.2 - https:\/\/yoast.com\/wordpress\/plugins\/seo\/ -->\n<title>29\/03\/14 Le S\u00e9n\u00e9gal ferme ses fronti\u00e8res terrestres avec la Guin\u00e9e jusqu\u2019\u00e0 nouvel ordre | Guin\u00e9e Diversit\u00e9<\/title>\n<meta name=\"robots\" content=\"index, follow, max-snippet:-1, max-image-preview:large, max-video-preview:-1\" \/>\n<link rel=\"canonical\" href=\"https:\/\/guineediversite.com\/index.php\/2014\/03\/29\/290314le-senegal-ferme-ses-frontieres-terrestres-avec-la-guinee-jusqua-nouvel-ordre-2\/\" \/>\n<meta property=\"og:locale\" content=\"fr_FR\" \/>\n<meta property=\"og:type\" content=\"article\" \/>\n<meta property=\"og:title\" content=\"29\/03\/14 Le S\u00e9n\u00e9gal ferme ses fronti\u00e8res terrestres avec la Guin\u00e9e jusqu\u2019\u00e0 nouvel ordre | Guin\u00e9e Diversit\u00e9\" \/>\n<meta property=\"og:description\" content=\"Le S\u00e9n\u00e9gal a annonc\u00e9 ce samedi, la fermeture de ses fronti\u00e8res terrestres avec la R\u00e9publique de Guin\u00e9e. L\u2019annonce a \u00e9t\u00e9 faite par le ministre s\u00e9n\u00e9galais de l\u2019int\u00e9rieur Abdoulaye Daouda Diallo sur le site officiel de l\u2019agence de presse s\u00e9n\u00e9galaise (APS). Cette d\u00e9cision pr\u00e9ventive de Dakar s\u2019explique par la propagation de la fi\u00e8vre h\u00e9morragique Ebola dans [&hellip;]\" \/>\n<meta property=\"og:url\" content=\"https:\/\/guineediversite.com\/index.php\/2014\/03\/29\/290314le-senegal-ferme-ses-frontieres-terrestres-avec-la-guinee-jusqua-nouvel-ordre-2\/\" \/>\n<meta property=\"og:site_name\" content=\"Guin\u00e9e Diversit\u00e9\" \/>\n<meta property=\"article:publisher\" content=\"https:\/\/www.facebook.com\/guineediversite\/\" \/>\n<meta property=\"article:published_time\" content=\"2014-03-28T23:00:00+00:00\" \/>\n<meta name=\"author\" content=\"Guin\u00e9e Diversit\u00e9\" \/>\n<meta name=\"twitter:card\" content=\"summary_large_image\" \/>\n<meta name=\"twitter:creator\" content=\"@GuineeDiversite\" \/>\n<meta name=\"twitter:site\" content=\"@GuineeDiversite\" \/>\n<meta name=\"twitter:label1\" content=\"\u00c9crit par\" \/>\n\t<meta name=\"twitter:data1\" content=\"Guin\u00e9e Diversit\u00e9\" \/>\n\t<meta name=\"twitter:label2\" content=\"Dur\u00e9e de lecture estim\u00e9e\" \/>\n\t<meta name=\"twitter:data2\" content=\"1 minute\" \/>\n<script type=\"application\/ld+json\" class=\"yoast-schema-graph\">{\"@context\":\"https:\/\/schema.org\",\"@graph\":[{\"@type\":\"Article\",\"@id\":\"https:\/\/guineediversite.com\/index.php\/2014\/03\/29\/290314le-senegal-ferme-ses-frontieres-terrestres-avec-la-guinee-jusqua-nouvel-ordre-2\/#article\",\"isPartOf\":{\"@id\":\"https:\/\/guineediversite.com\/index.php\/2014\/03\/29\/290314le-senegal-ferme-ses-frontieres-terrestres-avec-la-guinee-jusqua-nouvel-ordre-2\/\"},\"author\":{\"name\":\"Guin\u00e9e Diversit\u00e9\",\"@id\":\"https:\/\/guineediversite.com\/#\/schema\/person\/afa08fb34e7fc6e1feafc892612bc836\"},\"headline\":\"29\/03\/14 Le S\u00e9n\u00e9gal ferme ses fronti\u00e8res terrestres avec la Guin\u00e9e jusqu\u2019\u00e0 nouvel ordre\",\"datePublished\":\"2014-03-28T23:00:00+00:00\",\"dateModified\":\"2014-03-28T23:00:00+00:00\",\"mainEntityOfPage\":{\"@id\":\"https:\/\/guineediversite.com\/index.php\/2014\/03\/29\/290314le-senegal-ferme-ses-frontieres-terrestres-avec-la-guinee-jusqua-nouvel-ordre-2\/\"},\"wordCount\":155,\"commentCount\":0,\"publisher\":{\"@id\":\"https:\/\/guineediversite.com\/#organization\"},\"articleSection\":[\"Archives\"],\"inLanguage\":\"fr-FR\",\"potentialAction\":[{\"@type\":\"CommentAction\",\"name\":\"Comment\",\"target\":[\"https:\/\/guineediversite.com\/index.php\/2014\/03\/29\/290314le-senegal-ferme-ses-frontieres-terrestres-avec-la-guinee-jusqua-nouvel-ordre-2\/#respond\"]}]},{\"@type\":\"WebPage\",\"@id\":\"https:\/\/guineediversite.com\/index.php\/2014\/03\/29\/290314le-senegal-ferme-ses-frontieres-terrestres-avec-la-guinee-jusqua-nouvel-ordre-2\/\",\"url\":\"https:\/\/guineediversite.com\/index.php\/2014\/03\/29\/290314le-senegal-ferme-ses-frontieres-terrestres-avec-la-guinee-jusqua-nouvel-ordre-2\/\",\"name\":\"29\/03\/14 Le S\u00e9n\u00e9gal ferme ses fronti\u00e8res terrestres avec la Guin\u00e9e jusqu\u2019\u00e0 nouvel ordre | Guin\u00e9e Diversit\u00e9\",\"isPartOf\":{\"@id\":\"https:\/\/guineediversite.com\/#website\"},\"datePublished\":\"2014-03-28T23:00:00+00:00\",\"dateModified\":\"2014-03-28T23:00:00+00:00\",\"breadcrumb\":{\"@id\":\"https:\/\/guineediversite.com\/index.php\/2014\/03\/29\/290314le-senegal-ferme-ses-frontieres-terrestres-avec-la-guinee-jusqua-nouvel-ordre-2\/#breadcrumb\"},\"inLanguage\":\"fr-FR\",\"potentialAction\":[{\"@type\":\"ReadAction\",\"target\":[\"https:\/\/guineediversite.com\/index.php\/2014\/03\/29\/290314le-senegal-ferme-ses-frontieres-terrestres-avec-la-guinee-jusqua-nouvel-ordre-2\/\"]}]},{\"@type\":\"BreadcrumbList\",\"@id\":\"https:\/\/guineediversite.com\/index.php\/2014\/03\/29\/290314le-senegal-ferme-ses-frontieres-terrestres-avec-la-guinee-jusqua-nouvel-ordre-2\/#breadcrumb\",\"itemListElement\":[{\"@type\":\"ListItem\",\"position\":1,\"name\":\"Accueil\",\"item\":\"https:\/\/guineediversite.com\/\"},{\"@type\":\"ListItem\",\"position\":2,\"name\":\"29\/03\/14 Le S\u00e9n\u00e9gal ferme ses fronti\u00e8res terrestres avec la Guin\u00e9e jusqu\u2019\u00e0 nouvel ordre\"}]},{\"@type\":\"WebSite\",\"@id\":\"https:\/\/guineediversite.com\/#website\",\"url\":\"https:\/\/guineediversite.com\/\",\"name\":\"Guin\u00e9e Diversit\u00e9\",\"description\":\"L&#039;Info dans toute sa diversit\u00e9\",\"publisher\":{\"@id\":\"https:\/\/guineediversite.com\/#organization\"},\"potentialAction\":[{\"@type\":\"SearchAction\",\"target\":{\"@type\":\"EntryPoint\",\"urlTemplate\":\"https:\/\/guineediversite.com\/?s={search_term_string}\"},\"query-input\":{\"@type\":\"PropertyValueSpecification\",\"valueRequired\":true,\"valueName\":\"search_term_string\"}}],\"inLanguage\":\"fr-FR\"},{\"@type\":\"Organization\",\"@id\":\"https:\/\/guineediversite.com\/#organization\",\"name\":\"Guin\u00e9e Diversit\u00e9\",\"url\":\"https:\/\/guineediversite.com\/\",\"logo\":{\"@type\":\"ImageObject\",\"inLanguage\":\"fr-FR\",\"@id\":\"https:\/\/guineediversite.com\/#\/schema\/logo\/image\/\",\"url\":\"https:\/\/guineediversite.com\/wp-content\/uploads\/2017\/04\/cropped-1jojlxEOMkX9Wyqfhe43D6kjPOGqBBKmx3EwWJqZ0cMrFF54yM49.png\",\"contentUrl\":\"https:\/\/guineediversite.com\/wp-content\/uploads\/2017\/04\/cropped-1jojlxEOMkX9Wyqfhe43D6kjPOGqBBKmx3EwWJqZ0cMrFF54yM49.png\",\"width\":186,\"height\":112,\"caption\":\"Guin\u00e9e Diversit\u00e9\"},\"image\":{\"@id\":\"https:\/\/guineediversite.com\/#\/schema\/logo\/image\/\"},\"sameAs\":[\"https:\/\/www.facebook.com\/guineediversite\/\",\"https:\/\/x.com\/GuineeDiversite\",\"https:\/\/www.youtube.com\/channel\/UC8sUY16qelG5ge6_D5SB83g\"]},{\"@type\":\"Person\",\"@id\":\"https:\/\/guineediversite.com\/#\/schema\/person\/afa08fb34e7fc6e1feafc892612bc836\",\"name\":\"Guin\u00e9e Diversit\u00e9\",\"image\":{\"@type\":\"ImageObject\",\"inLanguage\":\"fr-FR\",\"@id\":\"https:\/\/guineediversite.com\/#\/schema\/person\/image\/\",\"url\":\"https:\/\/secure.gravatar.com\/avatar\/50d5eb5b390f8b65ac30ac6f898eb83a?s=96&d=mm&r=g\",\"contentUrl\":\"https:\/\/secure.gravatar.com\/avatar\/50d5eb5b390f8b65ac30ac6f898eb83a?s=96&d=mm&r=g\",\"caption\":\"Guin\u00e9e Diversit\u00e9\"},\"url\":\"https:\/\/guineediversite.com\/index.php\/author\/guineediversite\/\"}]}<\/script>\n<!-- \/ Yoast SEO plugin. -->","yoast_head_json":{"title":"29\/03\/14 Le S\u00e9n\u00e9gal ferme ses fronti\u00e8res terrestres avec la Guin\u00e9e jusqu\u2019\u00e0 nouvel ordre | Guin\u00e9e Diversit\u00e9","robots":{"index":"index","follow":"follow","max-snippet":"max-snippet:-1","max-image-preview":"max-image-preview:large","max-video-preview":"max-video-preview:-1"},"canonical":"https:\/\/guineediversite.com\/index.php\/2014\/03\/29\/290314le-senegal-ferme-ses-frontieres-terrestres-avec-la-guinee-jusqua-nouvel-ordre-2\/","og_locale":"fr_FR","og_type":"article","og_title":"29\/03\/14 Le S\u00e9n\u00e9gal ferme ses fronti\u00e8res terrestres avec la Guin\u00e9e jusqu\u2019\u00e0 nouvel ordre | Guin\u00e9e Diversit\u00e9","og_description":"Le S\u00e9n\u00e9gal a annonc\u00e9 ce samedi, la fermeture de ses fronti\u00e8res terrestres avec la R\u00e9publique de Guin\u00e9e. L\u2019annonce a \u00e9t\u00e9 faite par le ministre s\u00e9n\u00e9galais de l\u2019int\u00e9rieur Abdoulaye Daouda Diallo sur le site officiel de l\u2019agence de presse s\u00e9n\u00e9galaise (APS). Cette d\u00e9cision pr\u00e9ventive de Dakar s\u2019explique par la propagation de la fi\u00e8vre h\u00e9morragique Ebola dans [&hellip;]","og_url":"https:\/\/guineediversite.com\/index.php\/2014\/03\/29\/290314le-senegal-ferme-ses-frontieres-terrestres-avec-la-guinee-jusqua-nouvel-ordre-2\/","og_site_name":"Guin\u00e9e Diversit\u00e9","article_publisher":"https:\/\/www.facebook.com\/guineediversite\/","article_published_time":"2014-03-28T23:00:00+00:00","author":"Guin\u00e9e Diversit\u00e9","twitter_card":"summary_large_image","twitter_creator":"@GuineeDiversite","twitter_site":"@GuineeDiversite","twitter_misc":{"\u00c9crit par":"Guin\u00e9e Diversit\u00e9","Dur\u00e9e de lecture estim\u00e9e":"1 minute"},"schema":{"@context":"https:\/\/schema.org","@graph":[{"@type":"Article","@id":"https:\/\/guineediversite.com\/index.php\/2014\/03\/29\/290314le-senegal-ferme-ses-frontieres-terrestres-avec-la-guinee-jusqua-nouvel-ordre-2\/#article","isPartOf":{"@id":"https:\/\/guineediversite.com\/index.php\/2014\/03\/29\/290314le-senegal-ferme-ses-frontieres-terrestres-avec-la-guinee-jusqua-nouvel-ordre-2\/"},"author":{"name":"Guin\u00e9e Diversit\u00e9","@id":"https:\/\/guineediversite.com\/#\/schema\/person\/afa08fb34e7fc6e1feafc892612bc836"},"headline":"29\/03\/14 Le S\u00e9n\u00e9gal ferme ses fronti\u00e8res terrestres avec la Guin\u00e9e jusqu\u2019\u00e0 nouvel ordre","datePublished":"2014-03-28T23:00:00+00:00","dateModified":"2014-03-28T23:00:00+00:00","mainEntityOfPage":{"@id":"https:\/\/guineediversite.com\/index.php\/2014\/03\/29\/290314le-senegal-ferme-ses-frontieres-terrestres-avec-la-guinee-jusqua-nouvel-ordre-2\/"},"wordCount":155,"commentCount":0,"publisher":{"@id":"https:\/\/guineediversite.com\/#organization"},"articleSection":["Archives"],"inLanguage":"fr-FR","potentialAction":[{"@type":"CommentAction","name":"Comment","target":["https:\/\/guineediversite.com\/index.php\/2014\/03\/29\/290314le-senegal-ferme-ses-frontieres-terrestres-avec-la-guinee-jusqua-nouvel-ordre-2\/#respond"]}]},{"@type":"WebPage","@id":"https:\/\/guineediversite.com\/index.php\/2014\/03\/29\/290314le-senegal-ferme-ses-frontieres-terrestres-avec-la-guinee-jusqua-nouvel-ordre-2\/","url":"https:\/\/guineediversite.com\/index.php\/2014\/03\/29\/290314le-senegal-ferme-ses-frontieres-terrestres-avec-la-guinee-jusqua-nouvel-ordre-2\/","name":"29\/03\/14 Le S\u00e9n\u00e9gal ferme ses fronti\u00e8res terrestres avec la Guin\u00e9e jusqu\u2019\u00e0 nouvel ordre | Guin\u00e9e Diversit\u00e9","isPartOf":{"@id":"https:\/\/guineediversite.com\/#website"},"datePublished":"2014-03-28T23:00:00+00:00","dateModified":"2014-03-28T23:00:00+00:00","breadcrumb":{"@id":"https:\/\/guineediversite.com\/index.php\/2014\/03\/29\/290314le-senegal-ferme-ses-frontieres-terrestres-avec-la-guinee-jusqua-nouvel-ordre-2\/#breadcrumb"},"inLanguage":"fr-FR","potentialAction":[{"@type":"ReadAction","target":["https:\/\/guineediversite.com\/index.php\/2014\/03\/29\/290314le-senegal-ferme-ses-frontieres-terrestres-avec-la-guinee-jusqua-nouvel-ordre-2\/"]}]},{"@type":"BreadcrumbList","@id":"https:\/\/guineediversite.com\/index.php\/2014\/03\/29\/290314le-senegal-ferme-ses-frontieres-terrestres-avec-la-guinee-jusqua-nouvel-ordre-2\/#breadcrumb","itemListElement":[{"@type":"ListItem","position":1,"name":"Accueil","item":"https:\/\/guineediversite.com\/"},{"@type":"ListItem","position":2,"name":"29\/03\/14 Le S\u00e9n\u00e9gal ferme ses fronti\u00e8res terrestres avec la Guin\u00e9e jusqu\u2019\u00e0 nouvel ordre"}]},{"@type":"WebSite","@id":"https:\/\/guineediversite.com\/#website","url":"https:\/\/guineediversite.com\/","name":"Guin\u00e9e Diversit\u00e9","description":"L&#039;Info dans toute sa diversit\u00e9","publisher":{"@id":"https:\/\/guineediversite.com\/#organization"},"potentialAction":[{"@type":"SearchAction","target":{"@type":"EntryPoint","urlTemplate":"https:\/\/guineediversite.com\/?s={search_term_string}"},"query-input":{"@type":"PropertyValueSpecification","valueRequired":true,"valueName":"search_term_string"}}],"inLanguage":"fr-FR"},{"@type":"Organization","@id":"https:\/\/guineediversite.com\/#organization","name":"Guin\u00e9e Diversit\u00e9","url":"https:\/\/guineediversite.com\/","logo":{"@type":"ImageObject","inLanguage":"fr-FR","@id":"https:\/\/guineediversite.com\/#\/schema\/logo\/image\/","url":"https:\/\/guineediversite.com\/wp-content\/uploads\/2017\/04\/cropped-1jojlxEOMkX9Wyqfhe43D6kjPOGqBBKmx3EwWJqZ0cMrFF54yM49.png","contentUrl":"https:\/\/guineediversite.com\/wp-content\/uploads\/2017\/04\/cropped-1jojlxEOMkX9Wyqfhe43D6kjPOGqBBKmx3EwWJqZ0cMrFF54yM49.png","width":186,"height":112,"caption":"Guin\u00e9e Diversit\u00e9"},"image":{"@id":"https:\/\/guineediversite.com\/#\/schema\/logo\/image\/"},"sameAs":["https:\/\/www.facebook.com\/guineediversite\/","https:\/\/x.com\/GuineeDiversite","https:\/\/www.youtube.com\/channel\/UC8sUY16qelG5ge6_D5SB83g"]},{"@type":"Person","@id":"https:\/\/guineediversite.com\/#\/schema\/person\/afa08fb34e7fc6e1feafc892612bc836","name":"Guin\u00e9e Diversit\u00e9","image":{"@type":"ImageObject","inLanguage":"fr-FR","@id":"https:\/\/guineediversite.com\/#\/schema\/person\/image\/","url":"https:\/\/secure.gravatar.com\/avatar\/50d5eb5b390f8b65ac30ac6f898eb83a?s=96&d=mm&r=g","contentUrl":"https:\/\/secure.gravatar.com\/avatar\/50d5eb5b390f8b65ac30ac6f898eb83a?s=96&d=mm&r=g","caption":"Guin\u00e9e Diversit\u00e9"},"url":"https:\/\/guineediversite.com\/index.php\/author\/guineediversite\/"}]}},"_links":{"self":[{"href":"https:\/\/guineediversite.com\/index.php\/wp-json\/wp\/v2\/posts\/16558"}],"collection":[{"href":"https:\/\/guineediversite.com\/index.php\/wp-json\/wp\/v2\/posts"}],"about":[{"href":"https:\/\/guineediversite.com\/index.php\/wp-json\/wp\/v2\/types\/post"}],"author":[{"embeddable":true,"href":"https:\/\/guineediversite.com\/index.php\/wp-json\/wp\/v2\/users\/12"}],"replies":[{"embeddable":true,"href":"https:\/\/guineediversite.com\/index.php\/wp-json\/wp\/v2\/comments?post=16558"}],"version-history":[{"count":0,"href":"https:\/\/guineediversite.com\/index.php\/wp-json\/wp\/v2\/posts\/16558\/revisions"}],"wp:attachment":[{"href":"https:\/\/guineediversite.com\/index.php\/wp-json\/wp\/v2\/media?parent=16558"}],"wp:term":[{"taxonomy":"category","embeddable":true,"href":"https:\/\/guineediversite.com\/index.php\/wp-json\/wp\/v2\/categories?post=16558"},{"taxonomy":"post_tag","embeddable":true,"href":"https:\/\/guineediversite.com\/index.php\/wp-json\/wp\/v2\/tags?post=16558"}],"curies":[{"name":"wp","href":"https:\/\/api.w.org\/{rel}","templated":true}]}}