{"id":16551,"date":"2014-03-28T00:00:00","date_gmt":"2014-03-27T23:00:00","guid":{"rendered":"https:\/\/www.guineediversite.com\/index.php\/2014\/03\/28\/280314louverture-de-la-session-des-lois-prevue-au-debut-du-mois-davril-se-prepare-activement-a-lassemblee-nationale-2\/"},"modified":"2014-03-28T00:00:00","modified_gmt":"2014-03-27T23:00:00","slug":"280314louverture-de-la-session-des-lois-prevue-au-debut-du-mois-davril-se-prepare-activement-a-lassemblee-nationale-2","status":"publish","type":"post","link":"https:\/\/guineediversite.com\/index.php\/2014\/03\/28\/280314louverture-de-la-session-des-lois-prevue-au-debut-du-mois-davril-se-prepare-activement-a-lassemblee-nationale-2\/","title":{"rendered":"28\/03\/14\nL\u2019ouverture de la session des lois pr\u00e9vue au d\u00e9but du mois d\u2019avril se pr\u00e9pare activement \u00e0 l\u2019Assembl\u00e9e nationale"},"content":{"rendered":"<p>Les pr\u00e9paratifs sur les projets de lois concernant la session parlementaire pr\u00e9vue  au mois d\u2019avril vont bon train. En effet, les groupes parlementaires travaillent activement sur certaines  propositions de lois. C\u2019est du moins ce que nous confirment  des d\u00e9put\u00e9s que nous avons rencontr\u00e9 au palais du peuple ce vendredi. Du c\u00f4t\u00e9 du groupe parlementaire alliance r\u00e9publicaine, la session se pr\u00e9pare sereinement en croire Dr Dine Tour\u00e9, d\u00e9put\u00e9 de l\u2019UFR. <\/p>\n<p>Des nombreuses lois sont cibl\u00e9es par les d\u00e9put\u00e9s de l\u2019opposition nous dit-on. C\u2019est notamment la loi sur le code \u00e9lectorale ou encore la loi sur la restructuration et le fonctionnement  de la commission \u00e9lectorale nationale ind\u00e9pendante. <\/p>\n<p>Par ailleurs, le d\u00e9put\u00e9 du groupe lib\u00e9ral d\u00e9mocrate, Ousmane Gaoual Diallo pr\u00e9vient que  les lois sur le code minier guin\u00e9en seront revues \u00e0 l\u2019occasion de cette session parlementaire. <\/p>\n<p>En outre, l\u2019opposition parlementaire compte soumettre des requ\u00eates visant  \u00e0 impliquer d\u2019autres juridictions dans le r\u00e8glement des contentieux \u00e9lectoraux. A ce niveau Ousmane Gaoual Diallo affirme : \u00ab tout se passe dans les tribunaux de premier degr\u00e9. Si la cour supr\u00eame tranche un litige, on a plus une autre voie de recours. C\u2019est pourquoi, tout doit \u00eatre harmonis\u00e9 en respectant les conventions internationales et les proc\u00e9dures qui se passent dans les autres pays \u00bb. <\/p>\n<p>De son cot\u00e9, Mamady Kand\u00e9, pr\u00e9sident de la commission des lois ne semble pas partager cette id\u00e9e avanc\u00e9e par les d\u00e9put\u00e9s de l\u2019opposition.  Selon lui, il n\u2019appartient pas \u00e0 un groupe parlementaire d\u2019introduire des propositions de loi. \u00ab Cette d\u00e9cision rel\u00e8ve des pr\u00e9rogatives de la commission dont j\u2019appartiens \u00bb, a-t-il conclue. <\/p>\n<p>De l\u2019autre cot\u00e9, les d\u00e9put\u00e9s du RPG ARC-EN CIEL de fa\u00e7on unanime, n\u2019ont pas voulus commenter leurs attentes de la prochaine session parlementaire. Signalons que, des travaux de r\u00e9novation des certains bureaux des commissions parlementaires se poursuivent encore au Palais du peuple qui comme vous le savez abrite le parlement guin\u00e9en.<br \/>\nAbdoul Matlaby Bald\u00e9<\/p>\n","protected":false},"excerpt":{"rendered":"<p>Les pr\u00e9paratifs sur les projets de lois concernant la session parlementaire pr\u00e9vue au mois d\u2019avril vont bon train. En effet, les groupes parlementaires travaillent activement sur certaines propositions de lois. C\u2019est du moins ce que nous confirment des d\u00e9put\u00e9s que nous avons rencontr\u00e9 au palais du peuple ce vendredi. Du c\u00f4t\u00e9 du groupe parlementaire alliance [&hellip;]<\/p>\n","protected":false},"author":12,"featured_media":0,"comment_status":"open","ping_status":"open","sticky":false,"template":"","format":"standard","meta":{"_exactmetrics_skip_tracking":false,"_exactmetrics_sitenote_active":false,"_exactmetrics_sitenote_note":"","_exactmetrics_sitenote_category":0,"tdm_status":"","tdm_grid_status":"","footnotes":""},"categories":[28],"tags":[],"class_list":{"0":"post-16551","1":"post","2":"type-post","3":"status-publish","4":"format-standard","6":"category-archives"},"yoast_head":"<!-- This site is optimized with the Yoast SEO plugin v24.2 - https:\/\/yoast.com\/wordpress\/plugins\/seo\/ -->\n<title>28\/03\/14 L\u2019ouverture de la session des lois pr\u00e9vue au d\u00e9but du mois d\u2019avril se pr\u00e9pare activement \u00e0 l\u2019Assembl\u00e9e nationale | Guin\u00e9e Diversit\u00e9<\/title>\n<meta name=\"robots\" content=\"index, follow, max-snippet:-1, max-image-preview:large, max-video-preview:-1\" \/>\n<link rel=\"canonical\" href=\"https:\/\/guineediversite.com\/index.php\/2014\/03\/28\/280314louverture-de-la-session-des-lois-prevue-au-debut-du-mois-davril-se-prepare-activement-a-lassemblee-nationale-2\/\" \/>\n<meta property=\"og:locale\" content=\"fr_FR\" \/>\n<meta property=\"og:type\" content=\"article\" \/>\n<meta property=\"og:title\" content=\"28\/03\/14 L\u2019ouverture de la session des lois pr\u00e9vue au d\u00e9but du mois d\u2019avril se pr\u00e9pare activement \u00e0 l\u2019Assembl\u00e9e nationale | Guin\u00e9e Diversit\u00e9\" \/>\n<meta property=\"og:description\" content=\"Les pr\u00e9paratifs sur les projets de lois concernant la session parlementaire pr\u00e9vue au mois d\u2019avril vont bon train. En effet, les groupes parlementaires travaillent activement sur certaines propositions de lois. C\u2019est du moins ce que nous confirment des d\u00e9put\u00e9s que nous avons rencontr\u00e9 au palais du peuple ce vendredi. Du c\u00f4t\u00e9 du groupe parlementaire alliance [&hellip;]\" \/>\n<meta property=\"og:url\" content=\"https:\/\/guineediversite.com\/index.php\/2014\/03\/28\/280314louverture-de-la-session-des-lois-prevue-au-debut-du-mois-davril-se-prepare-activement-a-lassemblee-nationale-2\/\" \/>\n<meta property=\"og:site_name\" content=\"Guin\u00e9e Diversit\u00e9\" \/>\n<meta property=\"article:publisher\" content=\"https:\/\/www.facebook.com\/guineediversite\/\" \/>\n<meta property=\"article:published_time\" content=\"2014-03-27T23:00:00+00:00\" \/>\n<meta name=\"author\" content=\"Guin\u00e9e Diversit\u00e9\" \/>\n<meta name=\"twitter:card\" content=\"summary_large_image\" \/>\n<meta name=\"twitter:creator\" content=\"@GuineeDiversite\" \/>\n<meta name=\"twitter:site\" content=\"@GuineeDiversite\" \/>\n<meta name=\"twitter:label1\" content=\"\u00c9crit par\" \/>\n\t<meta name=\"twitter:data1\" content=\"Guin\u00e9e Diversit\u00e9\" \/>\n\t<meta name=\"twitter:label2\" content=\"Dur\u00e9e de lecture estim\u00e9e\" \/>\n\t<meta name=\"twitter:data2\" content=\"2 minutes\" \/>\n<script type=\"application\/ld+json\" class=\"yoast-schema-graph\">{\"@context\":\"https:\/\/schema.org\",\"@graph\":[{\"@type\":\"Article\",\"@id\":\"https:\/\/guineediversite.com\/index.php\/2014\/03\/28\/280314louverture-de-la-session-des-lois-prevue-au-debut-du-mois-davril-se-prepare-activement-a-lassemblee-nationale-2\/#article\",\"isPartOf\":{\"@id\":\"https:\/\/guineediversite.com\/index.php\/2014\/03\/28\/280314louverture-de-la-session-des-lois-prevue-au-debut-du-mois-davril-se-prepare-activement-a-lassemblee-nationale-2\/\"},\"author\":{\"name\":\"Guin\u00e9e Diversit\u00e9\",\"@id\":\"https:\/\/guineediversite.com\/#\/schema\/person\/afa08fb34e7fc6e1feafc892612bc836\"},\"headline\":\"28\/03\/14 L\u2019ouverture de la session des lois pr\u00e9vue au d\u00e9but du mois d\u2019avril se pr\u00e9pare activement \u00e0 l\u2019Assembl\u00e9e nationale\",\"datePublished\":\"2014-03-27T23:00:00+00:00\",\"dateModified\":\"2014-03-27T23:00:00+00:00\",\"mainEntityOfPage\":{\"@id\":\"https:\/\/guineediversite.com\/index.php\/2014\/03\/28\/280314louverture-de-la-session-des-lois-prevue-au-debut-du-mois-davril-se-prepare-activement-a-lassemblee-nationale-2\/\"},\"wordCount\":377,\"commentCount\":0,\"publisher\":{\"@id\":\"https:\/\/guineediversite.com\/#organization\"},\"articleSection\":[\"Archives\"],\"inLanguage\":\"fr-FR\",\"potentialAction\":[{\"@type\":\"CommentAction\",\"name\":\"Comment\",\"target\":[\"https:\/\/guineediversite.com\/index.php\/2014\/03\/28\/280314louverture-de-la-session-des-lois-prevue-au-debut-du-mois-davril-se-prepare-activement-a-lassemblee-nationale-2\/#respond\"]}]},{\"@type\":\"WebPage\",\"@id\":\"https:\/\/guineediversite.com\/index.php\/2014\/03\/28\/280314louverture-de-la-session-des-lois-prevue-au-debut-du-mois-davril-se-prepare-activement-a-lassemblee-nationale-2\/\",\"url\":\"https:\/\/guineediversite.com\/index.php\/2014\/03\/28\/280314louverture-de-la-session-des-lois-prevue-au-debut-du-mois-davril-se-prepare-activement-a-lassemblee-nationale-2\/\",\"name\":\"28\/03\/14 L\u2019ouverture de la session des lois pr\u00e9vue au d\u00e9but du mois d\u2019avril se pr\u00e9pare activement \u00e0 l\u2019Assembl\u00e9e nationale | Guin\u00e9e Diversit\u00e9\",\"isPartOf\":{\"@id\":\"https:\/\/guineediversite.com\/#website\"},\"datePublished\":\"2014-03-27T23:00:00+00:00\",\"dateModified\":\"2014-03-27T23:00:00+00:00\",\"breadcrumb\":{\"@id\":\"https:\/\/guineediversite.com\/index.php\/2014\/03\/28\/280314louverture-de-la-session-des-lois-prevue-au-debut-du-mois-davril-se-prepare-activement-a-lassemblee-nationale-2\/#breadcrumb\"},\"inLanguage\":\"fr-FR\",\"potentialAction\":[{\"@type\":\"ReadAction\",\"target\":[\"https:\/\/guineediversite.com\/index.php\/2014\/03\/28\/280314louverture-de-la-session-des-lois-prevue-au-debut-du-mois-davril-se-prepare-activement-a-lassemblee-nationale-2\/\"]}]},{\"@type\":\"BreadcrumbList\",\"@id\":\"https:\/\/guineediversite.com\/index.php\/2014\/03\/28\/280314louverture-de-la-session-des-lois-prevue-au-debut-du-mois-davril-se-prepare-activement-a-lassemblee-nationale-2\/#breadcrumb\",\"itemListElement\":[{\"@type\":\"ListItem\",\"position\":1,\"name\":\"Accueil\",\"item\":\"https:\/\/guineediversite.com\/\"},{\"@type\":\"ListItem\",\"position\":2,\"name\":\"28\/03\/14 L\u2019ouverture de la session des lois pr\u00e9vue au d\u00e9but du mois d\u2019avril se pr\u00e9pare activement \u00e0 l\u2019Assembl\u00e9e nationale\"}]},{\"@type\":\"WebSite\",\"@id\":\"https:\/\/guineediversite.com\/#website\",\"url\":\"https:\/\/guineediversite.com\/\",\"name\":\"Guin\u00e9e Diversit\u00e9\",\"description\":\"L&#039;Info dans toute sa diversit\u00e9\",\"publisher\":{\"@id\":\"https:\/\/guineediversite.com\/#organization\"},\"potentialAction\":[{\"@type\":\"SearchAction\",\"target\":{\"@type\":\"EntryPoint\",\"urlTemplate\":\"https:\/\/guineediversite.com\/?s={search_term_string}\"},\"query-input\":{\"@type\":\"PropertyValueSpecification\",\"valueRequired\":true,\"valueName\":\"search_term_string\"}}],\"inLanguage\":\"fr-FR\"},{\"@type\":\"Organization\",\"@id\":\"https:\/\/guineediversite.com\/#organization\",\"name\":\"Guin\u00e9e Diversit\u00e9\",\"url\":\"https:\/\/guineediversite.com\/\",\"logo\":{\"@type\":\"ImageObject\",\"inLanguage\":\"fr-FR\",\"@id\":\"https:\/\/guineediversite.com\/#\/schema\/logo\/image\/\",\"url\":\"https:\/\/guineediversite.com\/wp-content\/uploads\/2017\/04\/cropped-1jojlxEOMkX9Wyqfhe43D6kjPOGqBBKmx3EwWJqZ0cMrFF54yM49.png\",\"contentUrl\":\"https:\/\/guineediversite.com\/wp-content\/uploads\/2017\/04\/cropped-1jojlxEOMkX9Wyqfhe43D6kjPOGqBBKmx3EwWJqZ0cMrFF54yM49.png\",\"width\":186,\"height\":112,\"caption\":\"Guin\u00e9e Diversit\u00e9\"},\"image\":{\"@id\":\"https:\/\/guineediversite.com\/#\/schema\/logo\/image\/\"},\"sameAs\":[\"https:\/\/www.facebook.com\/guineediversite\/\",\"https:\/\/x.com\/GuineeDiversite\",\"https:\/\/www.youtube.com\/channel\/UC8sUY16qelG5ge6_D5SB83g\"]},{\"@type\":\"Person\",\"@id\":\"https:\/\/guineediversite.com\/#\/schema\/person\/afa08fb34e7fc6e1feafc892612bc836\",\"name\":\"Guin\u00e9e Diversit\u00e9\",\"image\":{\"@type\":\"ImageObject\",\"inLanguage\":\"fr-FR\",\"@id\":\"https:\/\/guineediversite.com\/#\/schema\/person\/image\/\",\"url\":\"https:\/\/secure.gravatar.com\/avatar\/50d5eb5b390f8b65ac30ac6f898eb83a?s=96&d=mm&r=g\",\"contentUrl\":\"https:\/\/secure.gravatar.com\/avatar\/50d5eb5b390f8b65ac30ac6f898eb83a?s=96&d=mm&r=g\",\"caption\":\"Guin\u00e9e Diversit\u00e9\"},\"url\":\"https:\/\/guineediversite.com\/index.php\/author\/guineediversite\/\"}]}<\/script>\n<!-- \/ Yoast SEO plugin. -->","yoast_head_json":{"title":"28\/03\/14 L\u2019ouverture de la session des lois pr\u00e9vue au d\u00e9but du mois d\u2019avril se pr\u00e9pare activement \u00e0 l\u2019Assembl\u00e9e nationale | Guin\u00e9e Diversit\u00e9","robots":{"index":"index","follow":"follow","max-snippet":"max-snippet:-1","max-image-preview":"max-image-preview:large","max-video-preview":"max-video-preview:-1"},"canonical":"https:\/\/guineediversite.com\/index.php\/2014\/03\/28\/280314louverture-de-la-session-des-lois-prevue-au-debut-du-mois-davril-se-prepare-activement-a-lassemblee-nationale-2\/","og_locale":"fr_FR","og_type":"article","og_title":"28\/03\/14 L\u2019ouverture de la session des lois pr\u00e9vue au d\u00e9but du mois d\u2019avril se pr\u00e9pare activement \u00e0 l\u2019Assembl\u00e9e nationale | Guin\u00e9e Diversit\u00e9","og_description":"Les pr\u00e9paratifs sur les projets de lois concernant la session parlementaire pr\u00e9vue au mois d\u2019avril vont bon train. En effet, les groupes parlementaires travaillent activement sur certaines propositions de lois. C\u2019est du moins ce que nous confirment des d\u00e9put\u00e9s que nous avons rencontr\u00e9 au palais du peuple ce vendredi. Du c\u00f4t\u00e9 du groupe parlementaire alliance [&hellip;]","og_url":"https:\/\/guineediversite.com\/index.php\/2014\/03\/28\/280314louverture-de-la-session-des-lois-prevue-au-debut-du-mois-davril-se-prepare-activement-a-lassemblee-nationale-2\/","og_site_name":"Guin\u00e9e Diversit\u00e9","article_publisher":"https:\/\/www.facebook.com\/guineediversite\/","article_published_time":"2014-03-27T23:00:00+00:00","author":"Guin\u00e9e Diversit\u00e9","twitter_card":"summary_large_image","twitter_creator":"@GuineeDiversite","twitter_site":"@GuineeDiversite","twitter_misc":{"\u00c9crit par":"Guin\u00e9e Diversit\u00e9","Dur\u00e9e de lecture estim\u00e9e":"2 minutes"},"schema":{"@context":"https:\/\/schema.org","@graph":[{"@type":"Article","@id":"https:\/\/guineediversite.com\/index.php\/2014\/03\/28\/280314louverture-de-la-session-des-lois-prevue-au-debut-du-mois-davril-se-prepare-activement-a-lassemblee-nationale-2\/#article","isPartOf":{"@id":"https:\/\/guineediversite.com\/index.php\/2014\/03\/28\/280314louverture-de-la-session-des-lois-prevue-au-debut-du-mois-davril-se-prepare-activement-a-lassemblee-nationale-2\/"},"author":{"name":"Guin\u00e9e Diversit\u00e9","@id":"https:\/\/guineediversite.com\/#\/schema\/person\/afa08fb34e7fc6e1feafc892612bc836"},"headline":"28\/03\/14 L\u2019ouverture de la session des lois pr\u00e9vue au d\u00e9but du mois d\u2019avril se pr\u00e9pare activement \u00e0 l\u2019Assembl\u00e9e nationale","datePublished":"2014-03-27T23:00:00+00:00","dateModified":"2014-03-27T23:00:00+00:00","mainEntityOfPage":{"@id":"https:\/\/guineediversite.com\/index.php\/2014\/03\/28\/280314louverture-de-la-session-des-lois-prevue-au-debut-du-mois-davril-se-prepare-activement-a-lassemblee-nationale-2\/"},"wordCount":377,"commentCount":0,"publisher":{"@id":"https:\/\/guineediversite.com\/#organization"},"articleSection":["Archives"],"inLanguage":"fr-FR","potentialAction":[{"@type":"CommentAction","name":"Comment","target":["https:\/\/guineediversite.com\/index.php\/2014\/03\/28\/280314louverture-de-la-session-des-lois-prevue-au-debut-du-mois-davril-se-prepare-activement-a-lassemblee-nationale-2\/#respond"]}]},{"@type":"WebPage","@id":"https:\/\/guineediversite.com\/index.php\/2014\/03\/28\/280314louverture-de-la-session-des-lois-prevue-au-debut-du-mois-davril-se-prepare-activement-a-lassemblee-nationale-2\/","url":"https:\/\/guineediversite.com\/index.php\/2014\/03\/28\/280314louverture-de-la-session-des-lois-prevue-au-debut-du-mois-davril-se-prepare-activement-a-lassemblee-nationale-2\/","name":"28\/03\/14 L\u2019ouverture de la session des lois pr\u00e9vue au d\u00e9but du mois d\u2019avril se pr\u00e9pare activement \u00e0 l\u2019Assembl\u00e9e nationale | Guin\u00e9e Diversit\u00e9","isPartOf":{"@id":"https:\/\/guineediversite.com\/#website"},"datePublished":"2014-03-27T23:00:00+00:00","dateModified":"2014-03-27T23:00:00+00:00","breadcrumb":{"@id":"https:\/\/guineediversite.com\/index.php\/2014\/03\/28\/280314louverture-de-la-session-des-lois-prevue-au-debut-du-mois-davril-se-prepare-activement-a-lassemblee-nationale-2\/#breadcrumb"},"inLanguage":"fr-FR","potentialAction":[{"@type":"ReadAction","target":["https:\/\/guineediversite.com\/index.php\/2014\/03\/28\/280314louverture-de-la-session-des-lois-prevue-au-debut-du-mois-davril-se-prepare-activement-a-lassemblee-nationale-2\/"]}]},{"@type":"BreadcrumbList","@id":"https:\/\/guineediversite.com\/index.php\/2014\/03\/28\/280314louverture-de-la-session-des-lois-prevue-au-debut-du-mois-davril-se-prepare-activement-a-lassemblee-nationale-2\/#breadcrumb","itemListElement":[{"@type":"ListItem","position":1,"name":"Accueil","item":"https:\/\/guineediversite.com\/"},{"@type":"ListItem","position":2,"name":"28\/03\/14 L\u2019ouverture de la session des lois pr\u00e9vue au d\u00e9but du mois d\u2019avril se pr\u00e9pare activement \u00e0 l\u2019Assembl\u00e9e nationale"}]},{"@type":"WebSite","@id":"https:\/\/guineediversite.com\/#website","url":"https:\/\/guineediversite.com\/","name":"Guin\u00e9e Diversit\u00e9","description":"L&#039;Info dans toute sa diversit\u00e9","publisher":{"@id":"https:\/\/guineediversite.com\/#organization"},"potentialAction":[{"@type":"SearchAction","target":{"@type":"EntryPoint","urlTemplate":"https:\/\/guineediversite.com\/?s={search_term_string}"},"query-input":{"@type":"PropertyValueSpecification","valueRequired":true,"valueName":"search_term_string"}}],"inLanguage":"fr-FR"},{"@type":"Organization","@id":"https:\/\/guineediversite.com\/#organization","name":"Guin\u00e9e Diversit\u00e9","url":"https:\/\/guineediversite.com\/","logo":{"@type":"ImageObject","inLanguage":"fr-FR","@id":"https:\/\/guineediversite.com\/#\/schema\/logo\/image\/","url":"https:\/\/guineediversite.com\/wp-content\/uploads\/2017\/04\/cropped-1jojlxEOMkX9Wyqfhe43D6kjPOGqBBKmx3EwWJqZ0cMrFF54yM49.png","contentUrl":"https:\/\/guineediversite.com\/wp-content\/uploads\/2017\/04\/cropped-1jojlxEOMkX9Wyqfhe43D6kjPOGqBBKmx3EwWJqZ0cMrFF54yM49.png","width":186,"height":112,"caption":"Guin\u00e9e Diversit\u00e9"},"image":{"@id":"https:\/\/guineediversite.com\/#\/schema\/logo\/image\/"},"sameAs":["https:\/\/www.facebook.com\/guineediversite\/","https:\/\/x.com\/GuineeDiversite","https:\/\/www.youtube.com\/channel\/UC8sUY16qelG5ge6_D5SB83g"]},{"@type":"Person","@id":"https:\/\/guineediversite.com\/#\/schema\/person\/afa08fb34e7fc6e1feafc892612bc836","name":"Guin\u00e9e Diversit\u00e9","image":{"@type":"ImageObject","inLanguage":"fr-FR","@id":"https:\/\/guineediversite.com\/#\/schema\/person\/image\/","url":"https:\/\/secure.gravatar.com\/avatar\/50d5eb5b390f8b65ac30ac6f898eb83a?s=96&d=mm&r=g","contentUrl":"https:\/\/secure.gravatar.com\/avatar\/50d5eb5b390f8b65ac30ac6f898eb83a?s=96&d=mm&r=g","caption":"Guin\u00e9e Diversit\u00e9"},"url":"https:\/\/guineediversite.com\/index.php\/author\/guineediversite\/"}]}},"_links":{"self":[{"href":"https:\/\/guineediversite.com\/index.php\/wp-json\/wp\/v2\/posts\/16551"}],"collection":[{"href":"https:\/\/guineediversite.com\/index.php\/wp-json\/wp\/v2\/posts"}],"about":[{"href":"https:\/\/guineediversite.com\/index.php\/wp-json\/wp\/v2\/types\/post"}],"author":[{"embeddable":true,"href":"https:\/\/guineediversite.com\/index.php\/wp-json\/wp\/v2\/users\/12"}],"replies":[{"embeddable":true,"href":"https:\/\/guineediversite.com\/index.php\/wp-json\/wp\/v2\/comments?post=16551"}],"version-history":[{"count":0,"href":"https:\/\/guineediversite.com\/index.php\/wp-json\/wp\/v2\/posts\/16551\/revisions"}],"wp:attachment":[{"href":"https:\/\/guineediversite.com\/index.php\/wp-json\/wp\/v2\/media?parent=16551"}],"wp:term":[{"taxonomy":"category","embeddable":true,"href":"https:\/\/guineediversite.com\/index.php\/wp-json\/wp\/v2\/categories?post=16551"},{"taxonomy":"post_tag","embeddable":true,"href":"https:\/\/guineediversite.com\/index.php\/wp-json\/wp\/v2\/tags?post=16551"}],"curies":[{"name":"wp","href":"https:\/\/api.w.org\/{rel}","templated":true}]}}