{"id":16543,"date":"2014-03-28T00:00:00","date_gmt":"2014-03-27T23:00:00","guid":{"rendered":"https:\/\/www.guineediversite.com\/index.php\/2014\/03\/28\/280314-communique-du-gouvernement-sur-la-fievre-ebola-2\/"},"modified":"2014-03-28T00:00:00","modified_gmt":"2014-03-27T23:00:00","slug":"280314-communique-du-gouvernement-sur-la-fievre-ebola-2","status":"publish","type":"post","link":"https:\/\/guineediversite.com\/index.php\/2014\/03\/28\/280314-communique-du-gouvernement-sur-la-fievre-ebola-2\/","title":{"rendered":"28\/03\/14 communiqu\u00e9 du Gouvernement sur La Fi\u00e8vre Ebola"},"content":{"rendered":"<p>Dans le cadre de l\u2019information continue des populations sur l\u2019\u00e9volution de la fi\u00e8vre h\u00e9morragique et de sa prise en charge dans notre pays, la situation se pr\u00e9sente comme suit ce jour 27 mars 2014 :<br \/>\n1.\tLes Services de Sant\u00e9 soutenus par les Partenaires au d\u00e9veloppement du Secteur Sant\u00e9 ont notifi\u00e9 au total 103 cas suspects cumul\u00e9s de fi\u00e8vre h\u00e9morragique dont 66 d\u00e9c\u00e8s ;<br \/>\n2.\tLes cas de contamination et les  d\u00e9c\u00e8s enregistr\u00e9s se r\u00e9partissent comme suit :<br \/>\n1)     Gueck\u00e9dou : 69 cas dont 47 d\u00e9c\u00e8s<br \/>\n2)     Macenta : 21 cas dont 12 d\u00e9c\u00e8s<br \/>\n3)     Kissidougou : 7 cas dont 5 d\u00e9c\u00e8s<br \/>\n4)     Conakry : 5 cas dont 1 d\u00e9c\u00e8s d\u2019une personne revenue de voyage.<br \/>\n Les autres cas de contamination concernent les parents de la victime revenus des obs\u00e8ques du d\u00e9c\u00e9d\u00e9 qui se sont d\u00e9roul\u00e9es dans une localit\u00e9 proche de Dabola.<br \/>\n1.\tLe cas suspect de Kankan s\u2019est r\u00e9v\u00e9l\u00e9 n\u00e9gatif aux examens EBOLA<br \/>\n2.\tLes 3 nouveaux cas de d\u00e9c\u00e8s sont survenus \u00e0 Gueck\u00e9dou (02) et Conakry (1).<br \/>\nUne investigation est en cours \u00e0 Conakry pour des informations compl\u00e9mentaires. Des dispositions appropri\u00e9es ont imm\u00e9diatement \u00e9t\u00e9 prises pour circonscrire les cas, notamment au niveau des personnes ayant \u00e9t\u00e9 en contact avec le d\u00e9c\u00e9d\u00e9 \u00e0 Conakry et \u00e0 l\u2019int\u00e9rieur du pays.<br \/>\nParmi les sources de contamination pour cette maladie figurent la consommation de viande de brousse. En attendant que ce type de contamination soit confirm\u00e9, le gouvernement invite la population \u00e0 s\u2019abstenir de consommer tout gibier.<br \/>\nLe Gouvernement reste mobilis\u00e9 avec tous ses partenaires du secteur de la sant\u00e9 pour rompre la chaine de contamination. Dans ce cadre d\u2019importantes ressources humaines et  mat\u00e9rielles sont mobilis\u00e9es y compris des sp\u00e9cialistes venus de partout pour couvrir les zones concern\u00e9es.<br \/>\nUn laboratoire mobile mis \u00e0 disposition (les sp\u00e9cialistes mobilis\u00e9s par les partenaires) est en route pour Gueck\u00e9dou. Ce laboratoire permettra de faire des analyses sur place pour les zones foresti\u00e8res et traitera \u00e9galement les \u00e9chantillons de cas suspects des pays voisins (Liberia et Sierra Leone).<br \/>\nD\u2019importantes quantit\u00e9s de solution de chlore sont en route pour les zones touch\u00e9es.<br \/>\nUne telle op\u00e9ration d\u2019envergure n\u2019a de chance de r\u00e9ussir qu\u2019avec le soutien des populations. Pour ce faire, nous les invitons \u00e0 suivre les consignes donn\u00e9es par les services de sant\u00e9 pour la prise en charge des cas suspects et des d\u00e9c\u00e8s ainsi que pour le suivi des contacts. Parmi les actions figurent :<br \/>\n\u00fc L\u2019installation des Centres d\u2019isolement des malades dans les Pr\u00e9fectures Touch\u00e9es ;<br \/>\n\u00fc La d\u00e9sinfection syst\u00e9matique des domiciles des cas suspects et des d\u00e9c\u00e9d\u00e9s ;<br \/>\n\u00fc Le plan d\u2019action de riposte  disponible ;<br \/>\n\u00fc Les mat\u00e9riels de protection individuelle (MPI) et de kits de prise en charge  dans les zones touch\u00e9es<br \/>\n\u00fc Le renforcement de la surveillance \u00e9pid\u00e9miologique,<br \/>\n\u00fc La sensibilisation porte \u00e0 porte et distribution de kits d\u2019hygi\u00e8ne dans les villages ou quartiers touch\u00e9s;<br \/>\n\u00fc Le d\u00e9ploiement des  \u00e9quipes d\u2019interventions de l\u2019OMS et MSF (\u00e9pid\u00e9miologistes, sp\u00e9cialistes en pr\u00e9vention et contr\u00f4le des fi\u00e8vres h\u00e9morragiques virales, logisticiens, gestionnaires de donn\u00e9es, sp\u00e9cialistes en communication et anthropologues) pour se joindre aux autorit\u00e9s sanitaires guin\u00e9ennes pour une gestion efficiente de l\u2019\u00e9pid\u00e9mie<br \/>\n\u00fc La mise \u00e0 disposition d\u2019un laboratoire mobile<br \/>\nCes consignes feront l\u2019objet de communications techniques par le Minist\u00e8re de la Sant\u00e9 et le Comit\u00e9 technique impliquant les partenaires du secteur sant\u00e9.<br \/>\nLe Gouvernement remercie la communaut\u00e9 internationale pour sa mobilisation en vue du contr\u00f4le rapide de la maladie.<br \/>\nConakry le 27 mars 2014<br \/>\nLe Gouvernement<\/p>\n","protected":false},"excerpt":{"rendered":"<p>Dans le cadre de l\u2019information continue des populations sur l\u2019\u00e9volution de la fi\u00e8vre h\u00e9morragique et de sa prise en charge dans notre pays, la situation se pr\u00e9sente comme suit ce jour 27 mars 2014 : 1. Les Services de Sant\u00e9 soutenus par les Partenaires au d\u00e9veloppement du Secteur Sant\u00e9 ont notifi\u00e9 au total 103 cas [&hellip;]<\/p>\n","protected":false},"author":12,"featured_media":0,"comment_status":"open","ping_status":"open","sticky":false,"template":"","format":"standard","meta":{"_exactmetrics_skip_tracking":false,"_exactmetrics_sitenote_active":false,"_exactmetrics_sitenote_note":"","_exactmetrics_sitenote_category":0,"tdm_status":"","tdm_grid_status":"","footnotes":""},"categories":[28],"tags":[],"class_list":{"0":"post-16543","1":"post","2":"type-post","3":"status-publish","4":"format-standard","6":"category-archives"},"yoast_head":"<!-- This site is optimized with the Yoast SEO plugin v24.2 - https:\/\/yoast.com\/wordpress\/plugins\/seo\/ -->\n<title>28\/03\/14 communiqu\u00e9 du Gouvernement sur La Fi\u00e8vre Ebola | Guin\u00e9e Diversit\u00e9<\/title>\n<meta name=\"robots\" content=\"index, follow, max-snippet:-1, max-image-preview:large, max-video-preview:-1\" \/>\n<link rel=\"canonical\" href=\"https:\/\/guineediversite.com\/index.php\/2014\/03\/28\/280314-communique-du-gouvernement-sur-la-fievre-ebola-2\/\" \/>\n<meta property=\"og:locale\" content=\"fr_FR\" \/>\n<meta property=\"og:type\" content=\"article\" \/>\n<meta property=\"og:title\" content=\"28\/03\/14 communiqu\u00e9 du Gouvernement sur La Fi\u00e8vre Ebola | Guin\u00e9e Diversit\u00e9\" \/>\n<meta property=\"og:description\" content=\"Dans le cadre de l\u2019information continue des populations sur l\u2019\u00e9volution de la fi\u00e8vre h\u00e9morragique et de sa prise en charge dans notre pays, la situation se pr\u00e9sente comme suit ce jour 27 mars 2014 : 1. Les Services de Sant\u00e9 soutenus par les Partenaires au d\u00e9veloppement du Secteur Sant\u00e9 ont notifi\u00e9 au total 103 cas [&hellip;]\" \/>\n<meta property=\"og:url\" content=\"https:\/\/guineediversite.com\/index.php\/2014\/03\/28\/280314-communique-du-gouvernement-sur-la-fievre-ebola-2\/\" \/>\n<meta property=\"og:site_name\" content=\"Guin\u00e9e Diversit\u00e9\" \/>\n<meta property=\"article:publisher\" content=\"https:\/\/www.facebook.com\/guineediversite\/\" \/>\n<meta property=\"article:published_time\" content=\"2014-03-27T23:00:00+00:00\" \/>\n<meta name=\"author\" content=\"Guin\u00e9e Diversit\u00e9\" \/>\n<meta name=\"twitter:card\" content=\"summary_large_image\" \/>\n<meta name=\"twitter:creator\" content=\"@GuineeDiversite\" \/>\n<meta name=\"twitter:site\" content=\"@GuineeDiversite\" \/>\n<meta name=\"twitter:label1\" content=\"\u00c9crit par\" \/>\n\t<meta name=\"twitter:data1\" content=\"Guin\u00e9e Diversit\u00e9\" \/>\n\t<meta name=\"twitter:label2\" content=\"Dur\u00e9e de lecture estim\u00e9e\" \/>\n\t<meta name=\"twitter:data2\" content=\"3 minutes\" \/>\n<script type=\"application\/ld+json\" class=\"yoast-schema-graph\">{\"@context\":\"https:\/\/schema.org\",\"@graph\":[{\"@type\":\"Article\",\"@id\":\"https:\/\/guineediversite.com\/index.php\/2014\/03\/28\/280314-communique-du-gouvernement-sur-la-fievre-ebola-2\/#article\",\"isPartOf\":{\"@id\":\"https:\/\/guineediversite.com\/index.php\/2014\/03\/28\/280314-communique-du-gouvernement-sur-la-fievre-ebola-2\/\"},\"author\":{\"name\":\"Guin\u00e9e Diversit\u00e9\",\"@id\":\"https:\/\/guineediversite.com\/#\/schema\/person\/afa08fb34e7fc6e1feafc892612bc836\"},\"headline\":\"28\/03\/14 communiqu\u00e9 du Gouvernement sur La Fi\u00e8vre Ebola\",\"datePublished\":\"2014-03-27T23:00:00+00:00\",\"dateModified\":\"2014-03-27T23:00:00+00:00\",\"mainEntityOfPage\":{\"@id\":\"https:\/\/guineediversite.com\/index.php\/2014\/03\/28\/280314-communique-du-gouvernement-sur-la-fievre-ebola-2\/\"},\"wordCount\":623,\"commentCount\":0,\"publisher\":{\"@id\":\"https:\/\/guineediversite.com\/#organization\"},\"articleSection\":[\"Archives\"],\"inLanguage\":\"fr-FR\",\"potentialAction\":[{\"@type\":\"CommentAction\",\"name\":\"Comment\",\"target\":[\"https:\/\/guineediversite.com\/index.php\/2014\/03\/28\/280314-communique-du-gouvernement-sur-la-fievre-ebola-2\/#respond\"]}]},{\"@type\":\"WebPage\",\"@id\":\"https:\/\/guineediversite.com\/index.php\/2014\/03\/28\/280314-communique-du-gouvernement-sur-la-fievre-ebola-2\/\",\"url\":\"https:\/\/guineediversite.com\/index.php\/2014\/03\/28\/280314-communique-du-gouvernement-sur-la-fievre-ebola-2\/\",\"name\":\"28\/03\/14 communiqu\u00e9 du Gouvernement sur La Fi\u00e8vre Ebola | Guin\u00e9e Diversit\u00e9\",\"isPartOf\":{\"@id\":\"https:\/\/guineediversite.com\/#website\"},\"datePublished\":\"2014-03-27T23:00:00+00:00\",\"dateModified\":\"2014-03-27T23:00:00+00:00\",\"breadcrumb\":{\"@id\":\"https:\/\/guineediversite.com\/index.php\/2014\/03\/28\/280314-communique-du-gouvernement-sur-la-fievre-ebola-2\/#breadcrumb\"},\"inLanguage\":\"fr-FR\",\"potentialAction\":[{\"@type\":\"ReadAction\",\"target\":[\"https:\/\/guineediversite.com\/index.php\/2014\/03\/28\/280314-communique-du-gouvernement-sur-la-fievre-ebola-2\/\"]}]},{\"@type\":\"BreadcrumbList\",\"@id\":\"https:\/\/guineediversite.com\/index.php\/2014\/03\/28\/280314-communique-du-gouvernement-sur-la-fievre-ebola-2\/#breadcrumb\",\"itemListElement\":[{\"@type\":\"ListItem\",\"position\":1,\"name\":\"Accueil\",\"item\":\"https:\/\/guineediversite.com\/\"},{\"@type\":\"ListItem\",\"position\":2,\"name\":\"28\/03\/14 communiqu\u00e9 du Gouvernement sur La Fi\u00e8vre Ebola\"}]},{\"@type\":\"WebSite\",\"@id\":\"https:\/\/guineediversite.com\/#website\",\"url\":\"https:\/\/guineediversite.com\/\",\"name\":\"Guin\u00e9e Diversit\u00e9\",\"description\":\"L&#039;Info dans toute sa diversit\u00e9\",\"publisher\":{\"@id\":\"https:\/\/guineediversite.com\/#organization\"},\"potentialAction\":[{\"@type\":\"SearchAction\",\"target\":{\"@type\":\"EntryPoint\",\"urlTemplate\":\"https:\/\/guineediversite.com\/?s={search_term_string}\"},\"query-input\":{\"@type\":\"PropertyValueSpecification\",\"valueRequired\":true,\"valueName\":\"search_term_string\"}}],\"inLanguage\":\"fr-FR\"},{\"@type\":\"Organization\",\"@id\":\"https:\/\/guineediversite.com\/#organization\",\"name\":\"Guin\u00e9e Diversit\u00e9\",\"url\":\"https:\/\/guineediversite.com\/\",\"logo\":{\"@type\":\"ImageObject\",\"inLanguage\":\"fr-FR\",\"@id\":\"https:\/\/guineediversite.com\/#\/schema\/logo\/image\/\",\"url\":\"https:\/\/guineediversite.com\/wp-content\/uploads\/2017\/04\/cropped-1jojlxEOMkX9Wyqfhe43D6kjPOGqBBKmx3EwWJqZ0cMrFF54yM49.png\",\"contentUrl\":\"https:\/\/guineediversite.com\/wp-content\/uploads\/2017\/04\/cropped-1jojlxEOMkX9Wyqfhe43D6kjPOGqBBKmx3EwWJqZ0cMrFF54yM49.png\",\"width\":186,\"height\":112,\"caption\":\"Guin\u00e9e Diversit\u00e9\"},\"image\":{\"@id\":\"https:\/\/guineediversite.com\/#\/schema\/logo\/image\/\"},\"sameAs\":[\"https:\/\/www.facebook.com\/guineediversite\/\",\"https:\/\/x.com\/GuineeDiversite\",\"https:\/\/www.youtube.com\/channel\/UC8sUY16qelG5ge6_D5SB83g\"]},{\"@type\":\"Person\",\"@id\":\"https:\/\/guineediversite.com\/#\/schema\/person\/afa08fb34e7fc6e1feafc892612bc836\",\"name\":\"Guin\u00e9e Diversit\u00e9\",\"image\":{\"@type\":\"ImageObject\",\"inLanguage\":\"fr-FR\",\"@id\":\"https:\/\/guineediversite.com\/#\/schema\/person\/image\/\",\"url\":\"https:\/\/secure.gravatar.com\/avatar\/50d5eb5b390f8b65ac30ac6f898eb83a?s=96&d=mm&r=g\",\"contentUrl\":\"https:\/\/secure.gravatar.com\/avatar\/50d5eb5b390f8b65ac30ac6f898eb83a?s=96&d=mm&r=g\",\"caption\":\"Guin\u00e9e Diversit\u00e9\"},\"url\":\"https:\/\/guineediversite.com\/index.php\/author\/guineediversite\/\"}]}<\/script>\n<!-- \/ Yoast SEO plugin. -->","yoast_head_json":{"title":"28\/03\/14 communiqu\u00e9 du Gouvernement sur La Fi\u00e8vre Ebola | Guin\u00e9e Diversit\u00e9","robots":{"index":"index","follow":"follow","max-snippet":"max-snippet:-1","max-image-preview":"max-image-preview:large","max-video-preview":"max-video-preview:-1"},"canonical":"https:\/\/guineediversite.com\/index.php\/2014\/03\/28\/280314-communique-du-gouvernement-sur-la-fievre-ebola-2\/","og_locale":"fr_FR","og_type":"article","og_title":"28\/03\/14 communiqu\u00e9 du Gouvernement sur La Fi\u00e8vre Ebola | Guin\u00e9e Diversit\u00e9","og_description":"Dans le cadre de l\u2019information continue des populations sur l\u2019\u00e9volution de la fi\u00e8vre h\u00e9morragique et de sa prise en charge dans notre pays, la situation se pr\u00e9sente comme suit ce jour 27 mars 2014 : 1. Les Services de Sant\u00e9 soutenus par les Partenaires au d\u00e9veloppement du Secteur Sant\u00e9 ont notifi\u00e9 au total 103 cas [&hellip;]","og_url":"https:\/\/guineediversite.com\/index.php\/2014\/03\/28\/280314-communique-du-gouvernement-sur-la-fievre-ebola-2\/","og_site_name":"Guin\u00e9e Diversit\u00e9","article_publisher":"https:\/\/www.facebook.com\/guineediversite\/","article_published_time":"2014-03-27T23:00:00+00:00","author":"Guin\u00e9e Diversit\u00e9","twitter_card":"summary_large_image","twitter_creator":"@GuineeDiversite","twitter_site":"@GuineeDiversite","twitter_misc":{"\u00c9crit par":"Guin\u00e9e Diversit\u00e9","Dur\u00e9e de lecture estim\u00e9e":"3 minutes"},"schema":{"@context":"https:\/\/schema.org","@graph":[{"@type":"Article","@id":"https:\/\/guineediversite.com\/index.php\/2014\/03\/28\/280314-communique-du-gouvernement-sur-la-fievre-ebola-2\/#article","isPartOf":{"@id":"https:\/\/guineediversite.com\/index.php\/2014\/03\/28\/280314-communique-du-gouvernement-sur-la-fievre-ebola-2\/"},"author":{"name":"Guin\u00e9e Diversit\u00e9","@id":"https:\/\/guineediversite.com\/#\/schema\/person\/afa08fb34e7fc6e1feafc892612bc836"},"headline":"28\/03\/14 communiqu\u00e9 du Gouvernement sur La Fi\u00e8vre Ebola","datePublished":"2014-03-27T23:00:00+00:00","dateModified":"2014-03-27T23:00:00+00:00","mainEntityOfPage":{"@id":"https:\/\/guineediversite.com\/index.php\/2014\/03\/28\/280314-communique-du-gouvernement-sur-la-fievre-ebola-2\/"},"wordCount":623,"commentCount":0,"publisher":{"@id":"https:\/\/guineediversite.com\/#organization"},"articleSection":["Archives"],"inLanguage":"fr-FR","potentialAction":[{"@type":"CommentAction","name":"Comment","target":["https:\/\/guineediversite.com\/index.php\/2014\/03\/28\/280314-communique-du-gouvernement-sur-la-fievre-ebola-2\/#respond"]}]},{"@type":"WebPage","@id":"https:\/\/guineediversite.com\/index.php\/2014\/03\/28\/280314-communique-du-gouvernement-sur-la-fievre-ebola-2\/","url":"https:\/\/guineediversite.com\/index.php\/2014\/03\/28\/280314-communique-du-gouvernement-sur-la-fievre-ebola-2\/","name":"28\/03\/14 communiqu\u00e9 du Gouvernement sur La Fi\u00e8vre Ebola | Guin\u00e9e Diversit\u00e9","isPartOf":{"@id":"https:\/\/guineediversite.com\/#website"},"datePublished":"2014-03-27T23:00:00+00:00","dateModified":"2014-03-27T23:00:00+00:00","breadcrumb":{"@id":"https:\/\/guineediversite.com\/index.php\/2014\/03\/28\/280314-communique-du-gouvernement-sur-la-fievre-ebola-2\/#breadcrumb"},"inLanguage":"fr-FR","potentialAction":[{"@type":"ReadAction","target":["https:\/\/guineediversite.com\/index.php\/2014\/03\/28\/280314-communique-du-gouvernement-sur-la-fievre-ebola-2\/"]}]},{"@type":"BreadcrumbList","@id":"https:\/\/guineediversite.com\/index.php\/2014\/03\/28\/280314-communique-du-gouvernement-sur-la-fievre-ebola-2\/#breadcrumb","itemListElement":[{"@type":"ListItem","position":1,"name":"Accueil","item":"https:\/\/guineediversite.com\/"},{"@type":"ListItem","position":2,"name":"28\/03\/14 communiqu\u00e9 du Gouvernement sur La Fi\u00e8vre Ebola"}]},{"@type":"WebSite","@id":"https:\/\/guineediversite.com\/#website","url":"https:\/\/guineediversite.com\/","name":"Guin\u00e9e Diversit\u00e9","description":"L&#039;Info dans toute sa diversit\u00e9","publisher":{"@id":"https:\/\/guineediversite.com\/#organization"},"potentialAction":[{"@type":"SearchAction","target":{"@type":"EntryPoint","urlTemplate":"https:\/\/guineediversite.com\/?s={search_term_string}"},"query-input":{"@type":"PropertyValueSpecification","valueRequired":true,"valueName":"search_term_string"}}],"inLanguage":"fr-FR"},{"@type":"Organization","@id":"https:\/\/guineediversite.com\/#organization","name":"Guin\u00e9e Diversit\u00e9","url":"https:\/\/guineediversite.com\/","logo":{"@type":"ImageObject","inLanguage":"fr-FR","@id":"https:\/\/guineediversite.com\/#\/schema\/logo\/image\/","url":"https:\/\/guineediversite.com\/wp-content\/uploads\/2017\/04\/cropped-1jojlxEOMkX9Wyqfhe43D6kjPOGqBBKmx3EwWJqZ0cMrFF54yM49.png","contentUrl":"https:\/\/guineediversite.com\/wp-content\/uploads\/2017\/04\/cropped-1jojlxEOMkX9Wyqfhe43D6kjPOGqBBKmx3EwWJqZ0cMrFF54yM49.png","width":186,"height":112,"caption":"Guin\u00e9e Diversit\u00e9"},"image":{"@id":"https:\/\/guineediversite.com\/#\/schema\/logo\/image\/"},"sameAs":["https:\/\/www.facebook.com\/guineediversite\/","https:\/\/x.com\/GuineeDiversite","https:\/\/www.youtube.com\/channel\/UC8sUY16qelG5ge6_D5SB83g"]},{"@type":"Person","@id":"https:\/\/guineediversite.com\/#\/schema\/person\/afa08fb34e7fc6e1feafc892612bc836","name":"Guin\u00e9e Diversit\u00e9","image":{"@type":"ImageObject","inLanguage":"fr-FR","@id":"https:\/\/guineediversite.com\/#\/schema\/person\/image\/","url":"https:\/\/secure.gravatar.com\/avatar\/50d5eb5b390f8b65ac30ac6f898eb83a?s=96&d=mm&r=g","contentUrl":"https:\/\/secure.gravatar.com\/avatar\/50d5eb5b390f8b65ac30ac6f898eb83a?s=96&d=mm&r=g","caption":"Guin\u00e9e Diversit\u00e9"},"url":"https:\/\/guineediversite.com\/index.php\/author\/guineediversite\/"}]}},"_links":{"self":[{"href":"https:\/\/guineediversite.com\/index.php\/wp-json\/wp\/v2\/posts\/16543"}],"collection":[{"href":"https:\/\/guineediversite.com\/index.php\/wp-json\/wp\/v2\/posts"}],"about":[{"href":"https:\/\/guineediversite.com\/index.php\/wp-json\/wp\/v2\/types\/post"}],"author":[{"embeddable":true,"href":"https:\/\/guineediversite.com\/index.php\/wp-json\/wp\/v2\/users\/12"}],"replies":[{"embeddable":true,"href":"https:\/\/guineediversite.com\/index.php\/wp-json\/wp\/v2\/comments?post=16543"}],"version-history":[{"count":0,"href":"https:\/\/guineediversite.com\/index.php\/wp-json\/wp\/v2\/posts\/16543\/revisions"}],"wp:attachment":[{"href":"https:\/\/guineediversite.com\/index.php\/wp-json\/wp\/v2\/media?parent=16543"}],"wp:term":[{"taxonomy":"category","embeddable":true,"href":"https:\/\/guineediversite.com\/index.php\/wp-json\/wp\/v2\/categories?post=16543"},{"taxonomy":"post_tag","embeddable":true,"href":"https:\/\/guineediversite.com\/index.php\/wp-json\/wp\/v2\/tags?post=16543"}],"curies":[{"name":"wp","href":"https:\/\/api.w.org\/{rel}","templated":true}]}}