{"id":16537,"date":"2014-03-27T00:00:00","date_gmt":"2014-03-26T23:00:00","guid":{"rendered":"https:\/\/www.guineediversite.com\/index.php\/2014\/03\/27\/270314-culture-portons-guineen-et-africain-cest-le-theme-dun-defile-de-mode-qui-sannonce-bientot-a-conakry-2\/"},"modified":"2014-03-27T00:00:00","modified_gmt":"2014-03-26T23:00:00","slug":"270314-culture-portons-guineen-et-africain-cest-le-theme-dun-defile-de-mode-qui-sannonce-bientot-a-conakry-2","status":"publish","type":"post","link":"https:\/\/guineediversite.com\/index.php\/2014\/03\/27\/270314-culture-portons-guineen-et-africain-cest-le-theme-dun-defile-de-mode-qui-sannonce-bientot-a-conakry-2\/","title":{"rendered":"27\/03\/14 \nCulture : \u00a0\u00bbPortons guin\u00e9en et africain&rsquo;\u2019, c\u2019est le th\u00e8me d\u2019un d\u00e9fil\u00e9 de mode qui s\u2019annonce bient\u00f4t \u00e0 Conakry"},"content":{"rendered":"<p>A l\u2019approche de cette c\u00e9r\u00e9monie, la r\u00e9daction de notre site d\u2019information guineediversite.com s\u2019est int\u00e9ress\u00e9e sur ce sujet. Ce pour mettre au parfum les citoyens guin\u00e9ens sur les d\u00e9marches que les organisateurs entendent mettre en place pour la r\u00e9ussite de cet \u00e9v\u00e8nement.<\/p>\n<p>A cette occasion nous vous proposons l\u2019interview que nous a accord\u00e9e l\u2019une des organisatrices de ce d\u00e9fil\u00e9 de mode. <\/p>\n<p>Guin\u00e9ediversit\u00e9 : Bonjour Madame<br \/>\nBonjour<br \/>\nPr\u00e9sentez vous \u00e0 nos lecteurs!<\/p>\n<p>Merci,  je m\u2019appelle Fatoumata K\u00e9sso Kass\u00e9, productrice de l\u2019\u00e9mission \u2018\u2018KESSOUN\u2019\u2019, l\u2019\u00e9mission de mode \u00e0 la RTG Koloma,  depuis 2004.<br \/>\nDans quelques jours vous allez organiser  une c\u00e9r\u00e9monie est-ce qu\u2019on peut savoir de quoi s\u2019agit-il ?<br \/>\nOui je dois organiser une soir\u00e9e de d\u00e9fil\u00e9 de mode au Centre culturel franco-guin\u00e9en toujours dans le cadre de la promotion du textile guin\u00e9en, des teinturiers mais aussi des artisans et puis pourquoi pas les cr\u00e9ateurs de modes en quelque sorte les stylistes. Donc c\u2019est une soir\u00e9e qui invite tous les guin\u00e9ens et guin\u00e9ennes. Parce que je veux  inciter les guin\u00e9ens \u00e0 aimer porter les habits guin\u00e9ens raison pour laquelle j\u2019ai d\u00e9nomm\u00e9 cette soir\u00e9e portons guin\u00e9en et africain. Il faut que les guin\u00e9ens arrivent \u00e0 aimer les textiles guin\u00e9ens, aimer d\u2019abord ce qu\u2019on a avant de porter. Par exemple en C\u00f4te d\u2019Ivoire les ivoiriens sont  fiers de porter les chemises ivoiriennes et quand on ram\u00e8ne ces chemises ici en Guin\u00e9e, les hommes s\u2019en raffolent et les femmes on en parle m\u00eame pas. Franchement, pourquoi pas les guin\u00e9ens et je sais que le textile guin\u00e9en est beaucoup \u00e0 l\u2019ext\u00e9rieur. Mon \u00e9mission KESSOUN a eu toujours l\u2019objectif de d\u00e9fendre le textile. J\u2019ai toujours voulu aller \u00e0 l\u2019int\u00e9rieur du pays pour montrer comment les artisans, les teinturiers travaillent. Mais pour l\u2019instant il n\u2019ya pas de moyens. Mais le jour o\u00f9 j\u2019aurai les moyens j\u2019irai en Basse Guin\u00e9e, en Moyenne Guin\u00e9e, en Haute Guin\u00e9e et en Guin\u00e9e Foresti\u00e8re pour montrer un peu le textile qui est l\u00e0-bas. La chance que notre pays ait, est que chaque r\u00e9gion \u00e0 son textile. La Haute Guin\u00e9e a son textile le bakha, la Basse Guin\u00e9e c\u2019est le kend\u00e9li, la moyenne Guin\u00e9e c\u2019est le L\u00e9pi et l\u2019Indigo et puis la Guin\u00e9e Foresti\u00e8re a les tissus sacr\u00e9s. <\/p>\n<p>Aujourd\u2019hui vous \u00eates animatrice d\u2019une \u00e9mission  et vous \u00eates en m\u00eame temps organisatrice de cette c\u00e9r\u00e9monie qui se profile \u00e0 l\u2019horizon est-ce qu\u2019on peut savoir le pourquoi ? <\/p>\n<p>C\u2019est pour amener les guin\u00e9ens  \u00e0 aimer le textile guin\u00e9en et j\u2019avoue que je ne suis pas la seule organisatrice car il y  a deux autres personnes qui sont \u00e0 mes cot\u00e9s. Il s\u2019agit de Bamba et Solo. Ce sont des stylistes qui m\u2019ont port\u00e9 confiance et m\u2019ont encourag\u00e9 \u00e0 faire cette c\u00e9r\u00e9monie.  Ils m\u2019ont dit Madame, nous on aime vraiment ce que vous faites. Vous travaillez beaucoup dans la mode et nous souhaiterions que nous travaillions ensemble pour faire une soir\u00e9e de d\u00e9fil\u00e9 de mode. Je les ai dit c\u2019est une bonne chose mais le probl\u00e8me est qu\u2019il y a un manque de moyen et finalement ils ont r\u00e9ussi \u00e0 me convaincre.  Ils sont d\u00e9j\u00e0 pass\u00e9s dans mon \u00e9mission plusieurs fois. Et j\u2019ai beaucoup de respect pour eux parce qu\u2019ils se battent inlassablement et d\u2019ailleurs  ils sont p\u00e9tris aussi de talents et  connaissent leur travail.<br \/>\nPeut-on savoir d\u2019avantage la date indiqu\u00e9e pour cet \u00e9v\u00e8nement ?<\/p>\n<p>Il est pr\u00e9vu pour le 12 avril prochain au Centre Culturel Franco-Guin\u00e9en pr\u00e9cis\u00e9ment \u00e0 18h. Vous savez au CCFG l\u2019heure est respect\u00e9e donc quand on commence \u00e0 18h au plus tard \u00e0 20h 30 la soir\u00e9e prend fin c\u2019est pour juste 2h au maximum. Comme je n\u2019ai pas eu le financement donc les tickets sont 50.000 FG  et j\u2019imagine que ce n\u2019est pas cher et  c\u2019est \u00e0 la port\u00e9e de tout le monde et je pense que les guin\u00e9ens peuvent venir pour voir les modes guin\u00e9ennes. Et puis il y a ma\u00eetre W\u00e9lia qui est un styliste guin\u00e9en qui r\u00e9side \u00e0 Cotonou  au Benin qui est actuellement ici en Guin\u00e9e qui va nous montrer aussi lors de cette c\u00e9r\u00e9monie la mode \u00e0 l\u2019africaine. Chaque \u00e9dition nous allons faire le textile guin\u00e9en et inviter aussi un styliste \u00e9tranger. Et  cette ann\u00e9e nous avons voulu inviter ma\u00eetre Timothey de la C\u00f4te d\u2019ivoire mais nous n\u2019avons pas eu de soutien sinon  on allait le faire venir parce que s\u2019il faut payer son billet et assurer aussi  ses frais d\u2019h\u00f4tels. Mais la prochaine \u00e9dition nous ferons le possible pour qu\u2019il soit l\u00e0.<\/p>\n<p>Selon votre constat,  aujourd\u2019hui  les jeunes guin\u00e9ens ne s\u2019int\u00e9ressent pas beaucoup \u00e0 nos  valeurs culturelles. Alors un message \u00e0 l\u2019endroit de la jeunesse guin\u00e9enne ?<\/p>\n<p>Alors justement c\u2019est dans ce contexte d\u2019ailleurs que, j\u2019ai d\u00e9cid\u00e9 d\u2019organiser cette soir\u00e9e \u00ab Portons guin\u00e9en et africain \u00bb et je voudrais qu\u2019il ait beaucoup de jeunes dans la salle ce jour l\u00e0. Et c\u2019est vrai actuellement les jeunes ont tendance \u00e0 oublier les modes guin\u00e9ennes, traditionnelles, africaines disons nos valeurs culturelles aux d\u00e9pens des autres. Et quand vous vous rendez au B\u00e9nin, les jeunes portent les tissus b\u00e9ninois et ils se disent fiers dans \u00e7a, au S\u00e9n\u00e9gal ou dans les autres pays de la sous-r\u00e9gion les gens ne sont pas complex\u00e9s pour porter leurs textiles parce qu\u2019ils ont appris \u00e0 aimer. Et nous, nous devons reconnaitre la valeur des stylistes parce qu\u2019ils cr\u00e9ent beaucoup. Et nous avons de tr\u00e8s bons stylistes parmi les jeunes parce que quand vous leur donner vos tenues, ils le font tr\u00e8s bien. Quand vous portez le textile guin\u00e9en \u00e0 l\u2019ext\u00e9rieur partout o\u00f9 vous passez on vous regarde et on  vous appr\u00e9cie et vous-m\u00eames vous serez fiers de l\u2019\u00eatre. Moi j\u2019ai \u00e9t\u00e9 au FEMA en 2007, je portais le textile guin\u00e9en c\u2019est ma\u00eetre THEA qui me l\u2019avais offerte mais j\u2019\u00e9tais m\u00eame fi\u00e8re de l\u2019avoir port\u00e9. C\u2019\u00e9tait lors du d\u00e9fil\u00e9 de mode africaine qu\u2019Alphady organise chaque 2ans mais franchement j\u2019\u00e9tais \u00ab ragaillardie \u00bb. On a \u00e9t\u00e9 invit\u00e9 \u00e0 diner par le ministre de la culture nig\u00e9riane et quand je suis rentr\u00e9e  dans la salle tout le monde \u00e0 appr\u00e9cier ce que je portais mais il fallait y \u00eatre pour connaitre. Donc j\u2019am\u00e8ne les jeunes guin\u00e9ens \u00e0 aimer la mode guin\u00e9enne, le textile guin\u00e9en il faut revenir \u00e0 la source et  c\u2019est tr\u00e8s important.<\/p>\n<p>Justement comment expliquez-vous cette faible repr\u00e9sentativit\u00e9 des stylistes guin\u00e9ens dans les grands \u00e9v\u00e8nements internationaux ?<\/p>\n<p> Comme je le dis, il faut d\u2019abord que les guin\u00e9ens aiment le textile guin\u00e9en et que le Minist\u00e8re des Arts et de  la Culture favorise aussi  un peu les stylistes. Parce que la culture ce n\u2019est pas seulement aussi la musique et la danse il y a aussi les artisans donc il y a une multitude de professions qu\u2019on retrouve dedans. Et que le d\u00e9partement les invite aussi, pour leur permettre de montrer leur savoir faire lors des c\u00e9r\u00e9monies.  Ils ne sont pas pris en charge  et nous devons venir vers eux voir ce qu\u2019ils font comme  travail et ouvrir  pour eux des centres.<\/p>\n<p>Un mot \u00e0 l\u2019endroit du peuple de Guin\u00e9e ou pour les fans qui ont une certaine admiration pour la culture africaine ?<\/p>\n<p>J\u2019aimerais d\u2019abord que les gens reviennent \u00e0 la source qu\u2019ils aiment le guin\u00e9en. Il faut d\u2019abord s\u2019accepter. Moi j\u2019aime bien porter for\u00eat sacr\u00e9e, le l\u2019\u00e9pi, le kend\u00e9li, j\u2019aime porter le bakha parce que je suis fi\u00e8re de me retrouver dans le textile guin\u00e9en. Je suis g\u00ean\u00e9e de porter les tenues pr\u00eates \u00e0 porter.<br \/>\nEt pour terminer, ma\u00eetre W\u00e9lia garde une surprise  pour les grandes dames de la capitale Conakry lors de cette soir\u00e9e de mode intitul\u00e9e \u00a0\u00bbPortons guin\u00e9en et africain\u2019&rsquo;. Comme d\u2019habitude quand on dit d\u00e9fil\u00e9 de mode  on fait appel \u00e0 des filles minces mais cette fois-ci, il y aura une particularit\u00e9 parce qu\u2019il y aura des d\u00e9fil\u00e9s de mode \u00e0 l\u2019africaine avec des filles habill\u00e9es en tenue africaine. Les mannequins  ne seront pas celles qu\u2019on aura l\u2019habitude de voir. Celles qui vont d\u00e9filer seront des filles bien remplies. <\/p>\n<p>Propos recueillis par Aboubacar Arafan Camara<\/p>\n","protected":false},"excerpt":{"rendered":"<p>A l\u2019approche de cette c\u00e9r\u00e9monie, la r\u00e9daction de notre site d\u2019information guineediversite.com s\u2019est int\u00e9ress\u00e9e sur ce sujet. Ce pour mettre au parfum les citoyens guin\u00e9ens sur les d\u00e9marches que les organisateurs entendent mettre en place pour la r\u00e9ussite de cet \u00e9v\u00e8nement. A cette occasion nous vous proposons l\u2019interview que nous a accord\u00e9e l\u2019une des organisatrices [&hellip;]<\/p>\n","protected":false},"author":12,"featured_media":0,"comment_status":"open","ping_status":"open","sticky":false,"template":"","format":"standard","meta":{"_exactmetrics_skip_tracking":false,"_exactmetrics_sitenote_active":false,"_exactmetrics_sitenote_note":"","_exactmetrics_sitenote_category":0,"tdm_status":"","tdm_grid_status":"","footnotes":""},"categories":[28],"tags":[],"class_list":{"0":"post-16537","1":"post","2":"type-post","3":"status-publish","4":"format-standard","6":"category-archives"},"yoast_head":"<!-- This site is optimized with the Yoast SEO plugin v24.2 - https:\/\/yoast.com\/wordpress\/plugins\/seo\/ -->\n<title>27\/03\/14 Culture : &#039;&#039;Portons guin\u00e9en et africain&#039;\u2019, c\u2019est le th\u00e8me d\u2019un d\u00e9fil\u00e9 de mode qui s\u2019annonce bient\u00f4t \u00e0 Conakry | Guin\u00e9e Diversit\u00e9<\/title>\n<meta name=\"robots\" content=\"index, follow, max-snippet:-1, max-image-preview:large, max-video-preview:-1\" \/>\n<link rel=\"canonical\" href=\"https:\/\/guineediversite.com\/index.php\/2014\/03\/27\/270314-culture-portons-guineen-et-africain-cest-le-theme-dun-defile-de-mode-qui-sannonce-bientot-a-conakry-2\/\" \/>\n<meta property=\"og:locale\" content=\"fr_FR\" \/>\n<meta property=\"og:type\" content=\"article\" \/>\n<meta property=\"og:title\" content=\"27\/03\/14 Culture : &#039;&#039;Portons guin\u00e9en et africain&#039;\u2019, c\u2019est le th\u00e8me d\u2019un d\u00e9fil\u00e9 de mode qui s\u2019annonce bient\u00f4t \u00e0 Conakry | Guin\u00e9e Diversit\u00e9\" \/>\n<meta property=\"og:description\" content=\"A l\u2019approche de cette c\u00e9r\u00e9monie, la r\u00e9daction de notre site d\u2019information guineediversite.com s\u2019est int\u00e9ress\u00e9e sur ce sujet. Ce pour mettre au parfum les citoyens guin\u00e9ens sur les d\u00e9marches que les organisateurs entendent mettre en place pour la r\u00e9ussite de cet \u00e9v\u00e8nement. A cette occasion nous vous proposons l\u2019interview que nous a accord\u00e9e l\u2019une des organisatrices [&hellip;]\" \/>\n<meta property=\"og:url\" content=\"https:\/\/guineediversite.com\/index.php\/2014\/03\/27\/270314-culture-portons-guineen-et-africain-cest-le-theme-dun-defile-de-mode-qui-sannonce-bientot-a-conakry-2\/\" \/>\n<meta property=\"og:site_name\" content=\"Guin\u00e9e Diversit\u00e9\" \/>\n<meta property=\"article:publisher\" content=\"https:\/\/www.facebook.com\/guineediversite\/\" \/>\n<meta property=\"article:published_time\" content=\"2014-03-26T23:00:00+00:00\" \/>\n<meta name=\"author\" content=\"Guin\u00e9e Diversit\u00e9\" \/>\n<meta name=\"twitter:card\" content=\"summary_large_image\" \/>\n<meta name=\"twitter:creator\" content=\"@GuineeDiversite\" \/>\n<meta name=\"twitter:site\" content=\"@GuineeDiversite\" \/>\n<meta name=\"twitter:label1\" content=\"\u00c9crit par\" \/>\n\t<meta name=\"twitter:data1\" content=\"Guin\u00e9e Diversit\u00e9\" \/>\n\t<meta name=\"twitter:label2\" content=\"Dur\u00e9e de lecture estim\u00e9e\" \/>\n\t<meta name=\"twitter:data2\" content=\"8 minutes\" \/>\n<script type=\"application\/ld+json\" class=\"yoast-schema-graph\">{\"@context\":\"https:\/\/schema.org\",\"@graph\":[{\"@type\":\"Article\",\"@id\":\"https:\/\/guineediversite.com\/index.php\/2014\/03\/27\/270314-culture-portons-guineen-et-africain-cest-le-theme-dun-defile-de-mode-qui-sannonce-bientot-a-conakry-2\/#article\",\"isPartOf\":{\"@id\":\"https:\/\/guineediversite.com\/index.php\/2014\/03\/27\/270314-culture-portons-guineen-et-africain-cest-le-theme-dun-defile-de-mode-qui-sannonce-bientot-a-conakry-2\/\"},\"author\":{\"name\":\"Guin\u00e9e Diversit\u00e9\",\"@id\":\"https:\/\/guineediversite.com\/#\/schema\/person\/afa08fb34e7fc6e1feafc892612bc836\"},\"headline\":\"27\/03\/14 Culture : \u00a0\u00bbPortons guin\u00e9en et africain&rsquo;\u2019, c\u2019est le th\u00e8me d\u2019un d\u00e9fil\u00e9 de mode qui s\u2019annonce bient\u00f4t \u00e0 Conakry\",\"datePublished\":\"2014-03-26T23:00:00+00:00\",\"dateModified\":\"2014-03-26T23:00:00+00:00\",\"mainEntityOfPage\":{\"@id\":\"https:\/\/guineediversite.com\/index.php\/2014\/03\/27\/270314-culture-portons-guineen-et-africain-cest-le-theme-dun-defile-de-mode-qui-sannonce-bientot-a-conakry-2\/\"},\"wordCount\":1541,\"commentCount\":0,\"publisher\":{\"@id\":\"https:\/\/guineediversite.com\/#organization\"},\"articleSection\":[\"Archives\"],\"inLanguage\":\"fr-FR\",\"potentialAction\":[{\"@type\":\"CommentAction\",\"name\":\"Comment\",\"target\":[\"https:\/\/guineediversite.com\/index.php\/2014\/03\/27\/270314-culture-portons-guineen-et-africain-cest-le-theme-dun-defile-de-mode-qui-sannonce-bientot-a-conakry-2\/#respond\"]}]},{\"@type\":\"WebPage\",\"@id\":\"https:\/\/guineediversite.com\/index.php\/2014\/03\/27\/270314-culture-portons-guineen-et-africain-cest-le-theme-dun-defile-de-mode-qui-sannonce-bientot-a-conakry-2\/\",\"url\":\"https:\/\/guineediversite.com\/index.php\/2014\/03\/27\/270314-culture-portons-guineen-et-africain-cest-le-theme-dun-defile-de-mode-qui-sannonce-bientot-a-conakry-2\/\",\"name\":\"27\/03\/14 Culture : ''Portons guin\u00e9en et africain'\u2019, c\u2019est le th\u00e8me d\u2019un d\u00e9fil\u00e9 de mode qui s\u2019annonce bient\u00f4t \u00e0 Conakry | Guin\u00e9e Diversit\u00e9\",\"isPartOf\":{\"@id\":\"https:\/\/guineediversite.com\/#website\"},\"datePublished\":\"2014-03-26T23:00:00+00:00\",\"dateModified\":\"2014-03-26T23:00:00+00:00\",\"breadcrumb\":{\"@id\":\"https:\/\/guineediversite.com\/index.php\/2014\/03\/27\/270314-culture-portons-guineen-et-africain-cest-le-theme-dun-defile-de-mode-qui-sannonce-bientot-a-conakry-2\/#breadcrumb\"},\"inLanguage\":\"fr-FR\",\"potentialAction\":[{\"@type\":\"ReadAction\",\"target\":[\"https:\/\/guineediversite.com\/index.php\/2014\/03\/27\/270314-culture-portons-guineen-et-africain-cest-le-theme-dun-defile-de-mode-qui-sannonce-bientot-a-conakry-2\/\"]}]},{\"@type\":\"BreadcrumbList\",\"@id\":\"https:\/\/guineediversite.com\/index.php\/2014\/03\/27\/270314-culture-portons-guineen-et-africain-cest-le-theme-dun-defile-de-mode-qui-sannonce-bientot-a-conakry-2\/#breadcrumb\",\"itemListElement\":[{\"@type\":\"ListItem\",\"position\":1,\"name\":\"Accueil\",\"item\":\"https:\/\/guineediversite.com\/\"},{\"@type\":\"ListItem\",\"position\":2,\"name\":\"27\/03\/14 Culture : \u00a0\u00bbPortons guin\u00e9en et africain&rsquo;\u2019, c\u2019est le th\u00e8me d\u2019un d\u00e9fil\u00e9 de mode qui s\u2019annonce bient\u00f4t \u00e0 Conakry\"}]},{\"@type\":\"WebSite\",\"@id\":\"https:\/\/guineediversite.com\/#website\",\"url\":\"https:\/\/guineediversite.com\/\",\"name\":\"Guin\u00e9e Diversit\u00e9\",\"description\":\"L&#039;Info dans toute sa diversit\u00e9\",\"publisher\":{\"@id\":\"https:\/\/guineediversite.com\/#organization\"},\"potentialAction\":[{\"@type\":\"SearchAction\",\"target\":{\"@type\":\"EntryPoint\",\"urlTemplate\":\"https:\/\/guineediversite.com\/?s={search_term_string}\"},\"query-input\":{\"@type\":\"PropertyValueSpecification\",\"valueRequired\":true,\"valueName\":\"search_term_string\"}}],\"inLanguage\":\"fr-FR\"},{\"@type\":\"Organization\",\"@id\":\"https:\/\/guineediversite.com\/#organization\",\"name\":\"Guin\u00e9e Diversit\u00e9\",\"url\":\"https:\/\/guineediversite.com\/\",\"logo\":{\"@type\":\"ImageObject\",\"inLanguage\":\"fr-FR\",\"@id\":\"https:\/\/guineediversite.com\/#\/schema\/logo\/image\/\",\"url\":\"https:\/\/guineediversite.com\/wp-content\/uploads\/2017\/04\/cropped-1jojlxEOMkX9Wyqfhe43D6kjPOGqBBKmx3EwWJqZ0cMrFF54yM49.png\",\"contentUrl\":\"https:\/\/guineediversite.com\/wp-content\/uploads\/2017\/04\/cropped-1jojlxEOMkX9Wyqfhe43D6kjPOGqBBKmx3EwWJqZ0cMrFF54yM49.png\",\"width\":186,\"height\":112,\"caption\":\"Guin\u00e9e Diversit\u00e9\"},\"image\":{\"@id\":\"https:\/\/guineediversite.com\/#\/schema\/logo\/image\/\"},\"sameAs\":[\"https:\/\/www.facebook.com\/guineediversite\/\",\"https:\/\/x.com\/GuineeDiversite\",\"https:\/\/www.youtube.com\/channel\/UC8sUY16qelG5ge6_D5SB83g\"]},{\"@type\":\"Person\",\"@id\":\"https:\/\/guineediversite.com\/#\/schema\/person\/afa08fb34e7fc6e1feafc892612bc836\",\"name\":\"Guin\u00e9e Diversit\u00e9\",\"image\":{\"@type\":\"ImageObject\",\"inLanguage\":\"fr-FR\",\"@id\":\"https:\/\/guineediversite.com\/#\/schema\/person\/image\/\",\"url\":\"https:\/\/secure.gravatar.com\/avatar\/50d5eb5b390f8b65ac30ac6f898eb83a?s=96&d=mm&r=g\",\"contentUrl\":\"https:\/\/secure.gravatar.com\/avatar\/50d5eb5b390f8b65ac30ac6f898eb83a?s=96&d=mm&r=g\",\"caption\":\"Guin\u00e9e Diversit\u00e9\"},\"url\":\"https:\/\/guineediversite.com\/index.php\/author\/guineediversite\/\"}]}<\/script>\n<!-- \/ Yoast SEO plugin. -->","yoast_head_json":{"title":"27\/03\/14 Culture : ''Portons guin\u00e9en et africain'\u2019, c\u2019est le th\u00e8me d\u2019un d\u00e9fil\u00e9 de mode qui s\u2019annonce bient\u00f4t \u00e0 Conakry | Guin\u00e9e Diversit\u00e9","robots":{"index":"index","follow":"follow","max-snippet":"max-snippet:-1","max-image-preview":"max-image-preview:large","max-video-preview":"max-video-preview:-1"},"canonical":"https:\/\/guineediversite.com\/index.php\/2014\/03\/27\/270314-culture-portons-guineen-et-africain-cest-le-theme-dun-defile-de-mode-qui-sannonce-bientot-a-conakry-2\/","og_locale":"fr_FR","og_type":"article","og_title":"27\/03\/14 Culture : ''Portons guin\u00e9en et africain'\u2019, c\u2019est le th\u00e8me d\u2019un d\u00e9fil\u00e9 de mode qui s\u2019annonce bient\u00f4t \u00e0 Conakry | Guin\u00e9e Diversit\u00e9","og_description":"A l\u2019approche de cette c\u00e9r\u00e9monie, la r\u00e9daction de notre site d\u2019information guineediversite.com s\u2019est int\u00e9ress\u00e9e sur ce sujet. Ce pour mettre au parfum les citoyens guin\u00e9ens sur les d\u00e9marches que les organisateurs entendent mettre en place pour la r\u00e9ussite de cet \u00e9v\u00e8nement. A cette occasion nous vous proposons l\u2019interview que nous a accord\u00e9e l\u2019une des organisatrices [&hellip;]","og_url":"https:\/\/guineediversite.com\/index.php\/2014\/03\/27\/270314-culture-portons-guineen-et-africain-cest-le-theme-dun-defile-de-mode-qui-sannonce-bientot-a-conakry-2\/","og_site_name":"Guin\u00e9e Diversit\u00e9","article_publisher":"https:\/\/www.facebook.com\/guineediversite\/","article_published_time":"2014-03-26T23:00:00+00:00","author":"Guin\u00e9e Diversit\u00e9","twitter_card":"summary_large_image","twitter_creator":"@GuineeDiversite","twitter_site":"@GuineeDiversite","twitter_misc":{"\u00c9crit par":"Guin\u00e9e Diversit\u00e9","Dur\u00e9e de lecture estim\u00e9e":"8 minutes"},"schema":{"@context":"https:\/\/schema.org","@graph":[{"@type":"Article","@id":"https:\/\/guineediversite.com\/index.php\/2014\/03\/27\/270314-culture-portons-guineen-et-africain-cest-le-theme-dun-defile-de-mode-qui-sannonce-bientot-a-conakry-2\/#article","isPartOf":{"@id":"https:\/\/guineediversite.com\/index.php\/2014\/03\/27\/270314-culture-portons-guineen-et-africain-cest-le-theme-dun-defile-de-mode-qui-sannonce-bientot-a-conakry-2\/"},"author":{"name":"Guin\u00e9e Diversit\u00e9","@id":"https:\/\/guineediversite.com\/#\/schema\/person\/afa08fb34e7fc6e1feafc892612bc836"},"headline":"27\/03\/14 Culture : \u00a0\u00bbPortons guin\u00e9en et africain&rsquo;\u2019, c\u2019est le th\u00e8me d\u2019un d\u00e9fil\u00e9 de mode qui s\u2019annonce bient\u00f4t \u00e0 Conakry","datePublished":"2014-03-26T23:00:00+00:00","dateModified":"2014-03-26T23:00:00+00:00","mainEntityOfPage":{"@id":"https:\/\/guineediversite.com\/index.php\/2014\/03\/27\/270314-culture-portons-guineen-et-africain-cest-le-theme-dun-defile-de-mode-qui-sannonce-bientot-a-conakry-2\/"},"wordCount":1541,"commentCount":0,"publisher":{"@id":"https:\/\/guineediversite.com\/#organization"},"articleSection":["Archives"],"inLanguage":"fr-FR","potentialAction":[{"@type":"CommentAction","name":"Comment","target":["https:\/\/guineediversite.com\/index.php\/2014\/03\/27\/270314-culture-portons-guineen-et-africain-cest-le-theme-dun-defile-de-mode-qui-sannonce-bientot-a-conakry-2\/#respond"]}]},{"@type":"WebPage","@id":"https:\/\/guineediversite.com\/index.php\/2014\/03\/27\/270314-culture-portons-guineen-et-africain-cest-le-theme-dun-defile-de-mode-qui-sannonce-bientot-a-conakry-2\/","url":"https:\/\/guineediversite.com\/index.php\/2014\/03\/27\/270314-culture-portons-guineen-et-africain-cest-le-theme-dun-defile-de-mode-qui-sannonce-bientot-a-conakry-2\/","name":"27\/03\/14 Culture : ''Portons guin\u00e9en et africain'\u2019, c\u2019est le th\u00e8me d\u2019un d\u00e9fil\u00e9 de mode qui s\u2019annonce bient\u00f4t \u00e0 Conakry | Guin\u00e9e Diversit\u00e9","isPartOf":{"@id":"https:\/\/guineediversite.com\/#website"},"datePublished":"2014-03-26T23:00:00+00:00","dateModified":"2014-03-26T23:00:00+00:00","breadcrumb":{"@id":"https:\/\/guineediversite.com\/index.php\/2014\/03\/27\/270314-culture-portons-guineen-et-africain-cest-le-theme-dun-defile-de-mode-qui-sannonce-bientot-a-conakry-2\/#breadcrumb"},"inLanguage":"fr-FR","potentialAction":[{"@type":"ReadAction","target":["https:\/\/guineediversite.com\/index.php\/2014\/03\/27\/270314-culture-portons-guineen-et-africain-cest-le-theme-dun-defile-de-mode-qui-sannonce-bientot-a-conakry-2\/"]}]},{"@type":"BreadcrumbList","@id":"https:\/\/guineediversite.com\/index.php\/2014\/03\/27\/270314-culture-portons-guineen-et-africain-cest-le-theme-dun-defile-de-mode-qui-sannonce-bientot-a-conakry-2\/#breadcrumb","itemListElement":[{"@type":"ListItem","position":1,"name":"Accueil","item":"https:\/\/guineediversite.com\/"},{"@type":"ListItem","position":2,"name":"27\/03\/14 Culture : \u00a0\u00bbPortons guin\u00e9en et africain&rsquo;\u2019, c\u2019est le th\u00e8me d\u2019un d\u00e9fil\u00e9 de mode qui s\u2019annonce bient\u00f4t \u00e0 Conakry"}]},{"@type":"WebSite","@id":"https:\/\/guineediversite.com\/#website","url":"https:\/\/guineediversite.com\/","name":"Guin\u00e9e Diversit\u00e9","description":"L&#039;Info dans toute sa diversit\u00e9","publisher":{"@id":"https:\/\/guineediversite.com\/#organization"},"potentialAction":[{"@type":"SearchAction","target":{"@type":"EntryPoint","urlTemplate":"https:\/\/guineediversite.com\/?s={search_term_string}"},"query-input":{"@type":"PropertyValueSpecification","valueRequired":true,"valueName":"search_term_string"}}],"inLanguage":"fr-FR"},{"@type":"Organization","@id":"https:\/\/guineediversite.com\/#organization","name":"Guin\u00e9e Diversit\u00e9","url":"https:\/\/guineediversite.com\/","logo":{"@type":"ImageObject","inLanguage":"fr-FR","@id":"https:\/\/guineediversite.com\/#\/schema\/logo\/image\/","url":"https:\/\/guineediversite.com\/wp-content\/uploads\/2017\/04\/cropped-1jojlxEOMkX9Wyqfhe43D6kjPOGqBBKmx3EwWJqZ0cMrFF54yM49.png","contentUrl":"https:\/\/guineediversite.com\/wp-content\/uploads\/2017\/04\/cropped-1jojlxEOMkX9Wyqfhe43D6kjPOGqBBKmx3EwWJqZ0cMrFF54yM49.png","width":186,"height":112,"caption":"Guin\u00e9e Diversit\u00e9"},"image":{"@id":"https:\/\/guineediversite.com\/#\/schema\/logo\/image\/"},"sameAs":["https:\/\/www.facebook.com\/guineediversite\/","https:\/\/x.com\/GuineeDiversite","https:\/\/www.youtube.com\/channel\/UC8sUY16qelG5ge6_D5SB83g"]},{"@type":"Person","@id":"https:\/\/guineediversite.com\/#\/schema\/person\/afa08fb34e7fc6e1feafc892612bc836","name":"Guin\u00e9e Diversit\u00e9","image":{"@type":"ImageObject","inLanguage":"fr-FR","@id":"https:\/\/guineediversite.com\/#\/schema\/person\/image\/","url":"https:\/\/secure.gravatar.com\/avatar\/50d5eb5b390f8b65ac30ac6f898eb83a?s=96&d=mm&r=g","contentUrl":"https:\/\/secure.gravatar.com\/avatar\/50d5eb5b390f8b65ac30ac6f898eb83a?s=96&d=mm&r=g","caption":"Guin\u00e9e Diversit\u00e9"},"url":"https:\/\/guineediversite.com\/index.php\/author\/guineediversite\/"}]}},"_links":{"self":[{"href":"https:\/\/guineediversite.com\/index.php\/wp-json\/wp\/v2\/posts\/16537"}],"collection":[{"href":"https:\/\/guineediversite.com\/index.php\/wp-json\/wp\/v2\/posts"}],"about":[{"href":"https:\/\/guineediversite.com\/index.php\/wp-json\/wp\/v2\/types\/post"}],"author":[{"embeddable":true,"href":"https:\/\/guineediversite.com\/index.php\/wp-json\/wp\/v2\/users\/12"}],"replies":[{"embeddable":true,"href":"https:\/\/guineediversite.com\/index.php\/wp-json\/wp\/v2\/comments?post=16537"}],"version-history":[{"count":0,"href":"https:\/\/guineediversite.com\/index.php\/wp-json\/wp\/v2\/posts\/16537\/revisions"}],"wp:attachment":[{"href":"https:\/\/guineediversite.com\/index.php\/wp-json\/wp\/v2\/media?parent=16537"}],"wp:term":[{"taxonomy":"category","embeddable":true,"href":"https:\/\/guineediversite.com\/index.php\/wp-json\/wp\/v2\/categories?post=16537"},{"taxonomy":"post_tag","embeddable":true,"href":"https:\/\/guineediversite.com\/index.php\/wp-json\/wp\/v2\/tags?post=16537"}],"curies":[{"name":"wp","href":"https:\/\/api.w.org\/{rel}","templated":true}]}}