{"id":16534,"date":"2014-03-27T00:00:00","date_gmt":"2014-03-26T23:00:00","guid":{"rendered":"https:\/\/www.guineediversite.com\/index.php\/2014\/03\/27\/270314-bientot-le-stade-de-nongo-sera-operationnel-2\/"},"modified":"2014-03-27T00:00:00","modified_gmt":"2014-03-26T23:00:00","slug":"270314-bientot-le-stade-de-nongo-sera-operationnel-2","status":"publish","type":"post","link":"https:\/\/guineediversite.com\/index.php\/2014\/03\/27\/270314-bientot-le-stade-de-nongo-sera-operationnel-2\/","title":{"rendered":"27\/03\/14 Bient\u00f4t le stade de Nongo sera op\u00e9rationnel"},"content":{"rendered":"<p>Le stade de Nongo sera-t-il fonctionnel d\u2019ici le mois d\u2019Aout prochain ? Oui, dira  le directeur g\u00e9n\u00e9ral dudit stade.<br \/>\nIssa Soumah l\u2019a fait savoir hier mercredi 26 mars, suite \u00e0 un entretien qu\u2019il a eu avec l\u2019ambassadeur de la Chine en Guin\u00e9e et la ministre des sports, Domani Dor\u00e9.<br \/>\nSelon le directeur g\u00e9n\u00e9ral du stade de Nongo, plusieurs techniciens Chinois sont en route pour Conakry pour la fourniture de l\u2019eau et de l\u2019\u00e9lectricit\u00e9 au stade.<br \/>\n\u00ab  L\u2019infrastructure est d\u00e9j\u00e0 fonctionnelle, il ne reste que des petits travaux techniques compl\u00e9mentaires qui restent encore \u00e0 finaliser. Et pour ceux-ci, des techniciens chinois sont d\u00e9j\u00e0 attendus dans les prochains jours \u00e0 Conakry \u00bb dira  Issa Soumah.<br \/>\nL\u2019ambassadeur de la Chine en Guin\u00e9e a quant \u00e0 lui indiqu\u00e9 que le stade de Nongo est le fruit d\u2019une coop\u00e9ration r\u00e9ussi entre la Guin\u00e9e et son pays.<br \/>\nPar ailleurs, Bian Jianing a r\u00e9it\u00e9r\u00e9 la volont\u00e9 de la Chine \u00e0 toujours travailler avec la Guin\u00e9e pour son d\u00e9veloppement.<br \/>\nAbdoulaye Ciss\u00e9<\/p>\n","protected":false},"excerpt":{"rendered":"<p>Le stade de Nongo sera-t-il fonctionnel d\u2019ici le mois d\u2019Aout prochain ? Oui, dira le directeur g\u00e9n\u00e9ral dudit stade. Issa Soumah l\u2019a fait savoir hier mercredi 26 mars, suite \u00e0 un entretien qu\u2019il a eu avec l\u2019ambassadeur de la Chine en Guin\u00e9e et la ministre des sports, Domani Dor\u00e9. Selon le directeur g\u00e9n\u00e9ral du stade [&hellip;]<\/p>\n","protected":false},"author":12,"featured_media":0,"comment_status":"open","ping_status":"open","sticky":false,"template":"","format":"standard","meta":{"_exactmetrics_skip_tracking":false,"_exactmetrics_sitenote_active":false,"_exactmetrics_sitenote_note":"","_exactmetrics_sitenote_category":0,"tdm_status":"","tdm_grid_status":"","footnotes":""},"categories":[28],"tags":[],"class_list":{"0":"post-16534","1":"post","2":"type-post","3":"status-publish","4":"format-standard","6":"category-archives"},"yoast_head":"<!-- This site is optimized with the Yoast SEO plugin v24.2 - https:\/\/yoast.com\/wordpress\/plugins\/seo\/ -->\n<title>27\/03\/14 Bient\u00f4t le stade de Nongo sera op\u00e9rationnel | Guin\u00e9e Diversit\u00e9<\/title>\n<meta name=\"robots\" content=\"index, follow, max-snippet:-1, max-image-preview:large, max-video-preview:-1\" \/>\n<link rel=\"canonical\" href=\"https:\/\/guineediversite.com\/index.php\/2014\/03\/27\/270314-bientot-le-stade-de-nongo-sera-operationnel-2\/\" \/>\n<meta property=\"og:locale\" content=\"fr_FR\" \/>\n<meta property=\"og:type\" content=\"article\" \/>\n<meta property=\"og:title\" content=\"27\/03\/14 Bient\u00f4t le stade de Nongo sera op\u00e9rationnel | Guin\u00e9e Diversit\u00e9\" \/>\n<meta property=\"og:description\" content=\"Le stade de Nongo sera-t-il fonctionnel d\u2019ici le mois d\u2019Aout prochain ? Oui, dira le directeur g\u00e9n\u00e9ral dudit stade. Issa Soumah l\u2019a fait savoir hier mercredi 26 mars, suite \u00e0 un entretien qu\u2019il a eu avec l\u2019ambassadeur de la Chine en Guin\u00e9e et la ministre des sports, Domani Dor\u00e9. Selon le directeur g\u00e9n\u00e9ral du stade [&hellip;]\" \/>\n<meta property=\"og:url\" content=\"https:\/\/guineediversite.com\/index.php\/2014\/03\/27\/270314-bientot-le-stade-de-nongo-sera-operationnel-2\/\" \/>\n<meta property=\"og:site_name\" content=\"Guin\u00e9e Diversit\u00e9\" \/>\n<meta property=\"article:publisher\" content=\"https:\/\/www.facebook.com\/guineediversite\/\" \/>\n<meta property=\"article:published_time\" content=\"2014-03-26T23:00:00+00:00\" \/>\n<meta name=\"author\" content=\"Guin\u00e9e Diversit\u00e9\" \/>\n<meta name=\"twitter:card\" content=\"summary_large_image\" \/>\n<meta name=\"twitter:creator\" content=\"@GuineeDiversite\" \/>\n<meta name=\"twitter:site\" content=\"@GuineeDiversite\" \/>\n<meta name=\"twitter:label1\" content=\"\u00c9crit par\" \/>\n\t<meta name=\"twitter:data1\" content=\"Guin\u00e9e Diversit\u00e9\" \/>\n\t<meta name=\"twitter:label2\" content=\"Dur\u00e9e de lecture estim\u00e9e\" \/>\n\t<meta name=\"twitter:data2\" content=\"1 minute\" \/>\n<script type=\"application\/ld+json\" class=\"yoast-schema-graph\">{\"@context\":\"https:\/\/schema.org\",\"@graph\":[{\"@type\":\"Article\",\"@id\":\"https:\/\/guineediversite.com\/index.php\/2014\/03\/27\/270314-bientot-le-stade-de-nongo-sera-operationnel-2\/#article\",\"isPartOf\":{\"@id\":\"https:\/\/guineediversite.com\/index.php\/2014\/03\/27\/270314-bientot-le-stade-de-nongo-sera-operationnel-2\/\"},\"author\":{\"name\":\"Guin\u00e9e Diversit\u00e9\",\"@id\":\"https:\/\/guineediversite.com\/#\/schema\/person\/afa08fb34e7fc6e1feafc892612bc836\"},\"headline\":\"27\/03\/14 Bient\u00f4t le stade de Nongo sera op\u00e9rationnel\",\"datePublished\":\"2014-03-26T23:00:00+00:00\",\"dateModified\":\"2014-03-26T23:00:00+00:00\",\"mainEntityOfPage\":{\"@id\":\"https:\/\/guineediversite.com\/index.php\/2014\/03\/27\/270314-bientot-le-stade-de-nongo-sera-operationnel-2\/\"},\"wordCount\":189,\"commentCount\":0,\"publisher\":{\"@id\":\"https:\/\/guineediversite.com\/#organization\"},\"articleSection\":[\"Archives\"],\"inLanguage\":\"fr-FR\",\"potentialAction\":[{\"@type\":\"CommentAction\",\"name\":\"Comment\",\"target\":[\"https:\/\/guineediversite.com\/index.php\/2014\/03\/27\/270314-bientot-le-stade-de-nongo-sera-operationnel-2\/#respond\"]}]},{\"@type\":\"WebPage\",\"@id\":\"https:\/\/guineediversite.com\/index.php\/2014\/03\/27\/270314-bientot-le-stade-de-nongo-sera-operationnel-2\/\",\"url\":\"https:\/\/guineediversite.com\/index.php\/2014\/03\/27\/270314-bientot-le-stade-de-nongo-sera-operationnel-2\/\",\"name\":\"27\/03\/14 Bient\u00f4t le stade de Nongo sera op\u00e9rationnel | Guin\u00e9e Diversit\u00e9\",\"isPartOf\":{\"@id\":\"https:\/\/guineediversite.com\/#website\"},\"datePublished\":\"2014-03-26T23:00:00+00:00\",\"dateModified\":\"2014-03-26T23:00:00+00:00\",\"breadcrumb\":{\"@id\":\"https:\/\/guineediversite.com\/index.php\/2014\/03\/27\/270314-bientot-le-stade-de-nongo-sera-operationnel-2\/#breadcrumb\"},\"inLanguage\":\"fr-FR\",\"potentialAction\":[{\"@type\":\"ReadAction\",\"target\":[\"https:\/\/guineediversite.com\/index.php\/2014\/03\/27\/270314-bientot-le-stade-de-nongo-sera-operationnel-2\/\"]}]},{\"@type\":\"BreadcrumbList\",\"@id\":\"https:\/\/guineediversite.com\/index.php\/2014\/03\/27\/270314-bientot-le-stade-de-nongo-sera-operationnel-2\/#breadcrumb\",\"itemListElement\":[{\"@type\":\"ListItem\",\"position\":1,\"name\":\"Accueil\",\"item\":\"https:\/\/guineediversite.com\/\"},{\"@type\":\"ListItem\",\"position\":2,\"name\":\"27\/03\/14 Bient\u00f4t le stade de Nongo sera op\u00e9rationnel\"}]},{\"@type\":\"WebSite\",\"@id\":\"https:\/\/guineediversite.com\/#website\",\"url\":\"https:\/\/guineediversite.com\/\",\"name\":\"Guin\u00e9e Diversit\u00e9\",\"description\":\"L&#039;Info dans toute sa diversit\u00e9\",\"publisher\":{\"@id\":\"https:\/\/guineediversite.com\/#organization\"},\"potentialAction\":[{\"@type\":\"SearchAction\",\"target\":{\"@type\":\"EntryPoint\",\"urlTemplate\":\"https:\/\/guineediversite.com\/?s={search_term_string}\"},\"query-input\":{\"@type\":\"PropertyValueSpecification\",\"valueRequired\":true,\"valueName\":\"search_term_string\"}}],\"inLanguage\":\"fr-FR\"},{\"@type\":\"Organization\",\"@id\":\"https:\/\/guineediversite.com\/#organization\",\"name\":\"Guin\u00e9e Diversit\u00e9\",\"url\":\"https:\/\/guineediversite.com\/\",\"logo\":{\"@type\":\"ImageObject\",\"inLanguage\":\"fr-FR\",\"@id\":\"https:\/\/guineediversite.com\/#\/schema\/logo\/image\/\",\"url\":\"https:\/\/guineediversite.com\/wp-content\/uploads\/2017\/04\/cropped-1jojlxEOMkX9Wyqfhe43D6kjPOGqBBKmx3EwWJqZ0cMrFF54yM49.png\",\"contentUrl\":\"https:\/\/guineediversite.com\/wp-content\/uploads\/2017\/04\/cropped-1jojlxEOMkX9Wyqfhe43D6kjPOGqBBKmx3EwWJqZ0cMrFF54yM49.png\",\"width\":186,\"height\":112,\"caption\":\"Guin\u00e9e Diversit\u00e9\"},\"image\":{\"@id\":\"https:\/\/guineediversite.com\/#\/schema\/logo\/image\/\"},\"sameAs\":[\"https:\/\/www.facebook.com\/guineediversite\/\",\"https:\/\/x.com\/GuineeDiversite\",\"https:\/\/www.youtube.com\/channel\/UC8sUY16qelG5ge6_D5SB83g\"]},{\"@type\":\"Person\",\"@id\":\"https:\/\/guineediversite.com\/#\/schema\/person\/afa08fb34e7fc6e1feafc892612bc836\",\"name\":\"Guin\u00e9e Diversit\u00e9\",\"image\":{\"@type\":\"ImageObject\",\"inLanguage\":\"fr-FR\",\"@id\":\"https:\/\/guineediversite.com\/#\/schema\/person\/image\/\",\"url\":\"https:\/\/secure.gravatar.com\/avatar\/50d5eb5b390f8b65ac30ac6f898eb83a?s=96&d=mm&r=g\",\"contentUrl\":\"https:\/\/secure.gravatar.com\/avatar\/50d5eb5b390f8b65ac30ac6f898eb83a?s=96&d=mm&r=g\",\"caption\":\"Guin\u00e9e Diversit\u00e9\"},\"url\":\"https:\/\/guineediversite.com\/index.php\/author\/guineediversite\/\"}]}<\/script>\n<!-- \/ Yoast SEO plugin. -->","yoast_head_json":{"title":"27\/03\/14 Bient\u00f4t le stade de Nongo sera op\u00e9rationnel | Guin\u00e9e Diversit\u00e9","robots":{"index":"index","follow":"follow","max-snippet":"max-snippet:-1","max-image-preview":"max-image-preview:large","max-video-preview":"max-video-preview:-1"},"canonical":"https:\/\/guineediversite.com\/index.php\/2014\/03\/27\/270314-bientot-le-stade-de-nongo-sera-operationnel-2\/","og_locale":"fr_FR","og_type":"article","og_title":"27\/03\/14 Bient\u00f4t le stade de Nongo sera op\u00e9rationnel | Guin\u00e9e Diversit\u00e9","og_description":"Le stade de Nongo sera-t-il fonctionnel d\u2019ici le mois d\u2019Aout prochain ? Oui, dira le directeur g\u00e9n\u00e9ral dudit stade. Issa Soumah l\u2019a fait savoir hier mercredi 26 mars, suite \u00e0 un entretien qu\u2019il a eu avec l\u2019ambassadeur de la Chine en Guin\u00e9e et la ministre des sports, Domani Dor\u00e9. Selon le directeur g\u00e9n\u00e9ral du stade [&hellip;]","og_url":"https:\/\/guineediversite.com\/index.php\/2014\/03\/27\/270314-bientot-le-stade-de-nongo-sera-operationnel-2\/","og_site_name":"Guin\u00e9e Diversit\u00e9","article_publisher":"https:\/\/www.facebook.com\/guineediversite\/","article_published_time":"2014-03-26T23:00:00+00:00","author":"Guin\u00e9e Diversit\u00e9","twitter_card":"summary_large_image","twitter_creator":"@GuineeDiversite","twitter_site":"@GuineeDiversite","twitter_misc":{"\u00c9crit par":"Guin\u00e9e Diversit\u00e9","Dur\u00e9e de lecture estim\u00e9e":"1 minute"},"schema":{"@context":"https:\/\/schema.org","@graph":[{"@type":"Article","@id":"https:\/\/guineediversite.com\/index.php\/2014\/03\/27\/270314-bientot-le-stade-de-nongo-sera-operationnel-2\/#article","isPartOf":{"@id":"https:\/\/guineediversite.com\/index.php\/2014\/03\/27\/270314-bientot-le-stade-de-nongo-sera-operationnel-2\/"},"author":{"name":"Guin\u00e9e Diversit\u00e9","@id":"https:\/\/guineediversite.com\/#\/schema\/person\/afa08fb34e7fc6e1feafc892612bc836"},"headline":"27\/03\/14 Bient\u00f4t le stade de Nongo sera op\u00e9rationnel","datePublished":"2014-03-26T23:00:00+00:00","dateModified":"2014-03-26T23:00:00+00:00","mainEntityOfPage":{"@id":"https:\/\/guineediversite.com\/index.php\/2014\/03\/27\/270314-bientot-le-stade-de-nongo-sera-operationnel-2\/"},"wordCount":189,"commentCount":0,"publisher":{"@id":"https:\/\/guineediversite.com\/#organization"},"articleSection":["Archives"],"inLanguage":"fr-FR","potentialAction":[{"@type":"CommentAction","name":"Comment","target":["https:\/\/guineediversite.com\/index.php\/2014\/03\/27\/270314-bientot-le-stade-de-nongo-sera-operationnel-2\/#respond"]}]},{"@type":"WebPage","@id":"https:\/\/guineediversite.com\/index.php\/2014\/03\/27\/270314-bientot-le-stade-de-nongo-sera-operationnel-2\/","url":"https:\/\/guineediversite.com\/index.php\/2014\/03\/27\/270314-bientot-le-stade-de-nongo-sera-operationnel-2\/","name":"27\/03\/14 Bient\u00f4t le stade de Nongo sera op\u00e9rationnel | Guin\u00e9e Diversit\u00e9","isPartOf":{"@id":"https:\/\/guineediversite.com\/#website"},"datePublished":"2014-03-26T23:00:00+00:00","dateModified":"2014-03-26T23:00:00+00:00","breadcrumb":{"@id":"https:\/\/guineediversite.com\/index.php\/2014\/03\/27\/270314-bientot-le-stade-de-nongo-sera-operationnel-2\/#breadcrumb"},"inLanguage":"fr-FR","potentialAction":[{"@type":"ReadAction","target":["https:\/\/guineediversite.com\/index.php\/2014\/03\/27\/270314-bientot-le-stade-de-nongo-sera-operationnel-2\/"]}]},{"@type":"BreadcrumbList","@id":"https:\/\/guineediversite.com\/index.php\/2014\/03\/27\/270314-bientot-le-stade-de-nongo-sera-operationnel-2\/#breadcrumb","itemListElement":[{"@type":"ListItem","position":1,"name":"Accueil","item":"https:\/\/guineediversite.com\/"},{"@type":"ListItem","position":2,"name":"27\/03\/14 Bient\u00f4t le stade de Nongo sera op\u00e9rationnel"}]},{"@type":"WebSite","@id":"https:\/\/guineediversite.com\/#website","url":"https:\/\/guineediversite.com\/","name":"Guin\u00e9e Diversit\u00e9","description":"L&#039;Info dans toute sa diversit\u00e9","publisher":{"@id":"https:\/\/guineediversite.com\/#organization"},"potentialAction":[{"@type":"SearchAction","target":{"@type":"EntryPoint","urlTemplate":"https:\/\/guineediversite.com\/?s={search_term_string}"},"query-input":{"@type":"PropertyValueSpecification","valueRequired":true,"valueName":"search_term_string"}}],"inLanguage":"fr-FR"},{"@type":"Organization","@id":"https:\/\/guineediversite.com\/#organization","name":"Guin\u00e9e Diversit\u00e9","url":"https:\/\/guineediversite.com\/","logo":{"@type":"ImageObject","inLanguage":"fr-FR","@id":"https:\/\/guineediversite.com\/#\/schema\/logo\/image\/","url":"https:\/\/guineediversite.com\/wp-content\/uploads\/2017\/04\/cropped-1jojlxEOMkX9Wyqfhe43D6kjPOGqBBKmx3EwWJqZ0cMrFF54yM49.png","contentUrl":"https:\/\/guineediversite.com\/wp-content\/uploads\/2017\/04\/cropped-1jojlxEOMkX9Wyqfhe43D6kjPOGqBBKmx3EwWJqZ0cMrFF54yM49.png","width":186,"height":112,"caption":"Guin\u00e9e Diversit\u00e9"},"image":{"@id":"https:\/\/guineediversite.com\/#\/schema\/logo\/image\/"},"sameAs":["https:\/\/www.facebook.com\/guineediversite\/","https:\/\/x.com\/GuineeDiversite","https:\/\/www.youtube.com\/channel\/UC8sUY16qelG5ge6_D5SB83g"]},{"@type":"Person","@id":"https:\/\/guineediversite.com\/#\/schema\/person\/afa08fb34e7fc6e1feafc892612bc836","name":"Guin\u00e9e Diversit\u00e9","image":{"@type":"ImageObject","inLanguage":"fr-FR","@id":"https:\/\/guineediversite.com\/#\/schema\/person\/image\/","url":"https:\/\/secure.gravatar.com\/avatar\/50d5eb5b390f8b65ac30ac6f898eb83a?s=96&d=mm&r=g","contentUrl":"https:\/\/secure.gravatar.com\/avatar\/50d5eb5b390f8b65ac30ac6f898eb83a?s=96&d=mm&r=g","caption":"Guin\u00e9e Diversit\u00e9"},"url":"https:\/\/guineediversite.com\/index.php\/author\/guineediversite\/"}]}},"_links":{"self":[{"href":"https:\/\/guineediversite.com\/index.php\/wp-json\/wp\/v2\/posts\/16534"}],"collection":[{"href":"https:\/\/guineediversite.com\/index.php\/wp-json\/wp\/v2\/posts"}],"about":[{"href":"https:\/\/guineediversite.com\/index.php\/wp-json\/wp\/v2\/types\/post"}],"author":[{"embeddable":true,"href":"https:\/\/guineediversite.com\/index.php\/wp-json\/wp\/v2\/users\/12"}],"replies":[{"embeddable":true,"href":"https:\/\/guineediversite.com\/index.php\/wp-json\/wp\/v2\/comments?post=16534"}],"version-history":[{"count":0,"href":"https:\/\/guineediversite.com\/index.php\/wp-json\/wp\/v2\/posts\/16534\/revisions"}],"wp:attachment":[{"href":"https:\/\/guineediversite.com\/index.php\/wp-json\/wp\/v2\/media?parent=16534"}],"wp:term":[{"taxonomy":"category","embeddable":true,"href":"https:\/\/guineediversite.com\/index.php\/wp-json\/wp\/v2\/categories?post=16534"},{"taxonomy":"post_tag","embeddable":true,"href":"https:\/\/guineediversite.com\/index.php\/wp-json\/wp\/v2\/tags?post=16534"}],"curies":[{"name":"wp","href":"https:\/\/api.w.org\/{rel}","templated":true}]}}