{"id":16494,"date":"2014-03-16T00:00:00","date_gmt":"2014-03-15T23:00:00","guid":{"rendered":"https:\/\/www.guineediversite.com\/index.php\/2014\/03\/16\/160314crise-a-lufdg-bah-oury-repond-a-cellou-dalein-diallo-2\/"},"modified":"2014-03-16T00:00:00","modified_gmt":"2014-03-15T23:00:00","slug":"160314crise-a-lufdg-bah-oury-repond-a-cellou-dalein-diallo-2","status":"publish","type":"post","link":"https:\/\/guineediversite.com\/index.php\/2014\/03\/16\/160314crise-a-lufdg-bah-oury-repond-a-cellou-dalein-diallo-2\/","title":{"rendered":"16\/03\/14\nCrise \u00e0 l&rsquo;UFDG: Bah Oury repond \u00e0 Cellou Dalein Diallo"},"content":{"rendered":"<p>Apr\u00e8s la sortie m\u00e9diatique du Pr\u00e9sident de l\u2019UFDG sur la sc\u00e8ne de t\u00e9l\u00e9vision France24 jeudi dernier sur le diff\u00e9rent qui l\u2019oppose \u00e0 Bah Oury, le premier vice pr\u00e9sident du parti r\u00e9pond dans cette d\u00e9claration que nous vous proposons l\u2019int\u00e9gralit\u00e9:<\/p>\n<p>Le Pr\u00e9sident de L&rsquo;UFDG a au cours d&rsquo;une interview accord\u00e9e \u00e0 la t\u00e9l\u00e9vision France24 le jeudi 13 mars 2014, abord\u00e9 le diff\u00e9rend qui l&rsquo;oppose \u00e0 BAH Oury, 1er Vice-pr\u00e9sident du parti. M. Cellou Dalein Diallo a d\u00e9clar\u00e9 que : \u00ab BAH Oury , refuse le d\u00e9bat \u2026.il a cr\u00e9\u00e9 l&rsquo;Opposition Extra-parlementaire dont il s&rsquo;est proclam\u00e9 pr\u00e9sident. C&rsquo;est lui qui s&rsquo;est exclu de l&rsquo;UFDG&#8230; \u00bb . Cette d\u00e9claration a soulev\u00e9 un toll\u00e9 g\u00e9n\u00e9ral de r\u00e9probation et de col\u00e8re parmi les militants et les sympathisants de l&rsquo;UFDG en Guin\u00e9e et \u00e0 travers le monde.<br \/>\nCette sortie m\u00e9diatique de M.Cellou Dalein Diallo est \u00e0 contre-courant de l&rsquo;attente et des espoirs de l&rsquo;\u00e9crasante majorit\u00e9 des membres du parti.<br \/>\nEn effet depuis plus de deux ans, des initiatives existent un peu partout pour \u0153uvrer au rapprochement au sein du parti. J&rsquo;ai toujours exprim\u00e9 ma disponibilit\u00e9 pour s&rsquo;inscrire dans cette d\u00e9marche de dialogue pour assurer la coh\u00e9sion et la p\u00e9rennit\u00e9 de l&rsquo;UFDG. J&rsquo;ai \u00e9galement exprim\u00e9 \u00e0 maintes reprises publiquement \u00ab la main tendue de BAH Oury \u00e0 Cellou Dalein \u00bb dont une vid\u00e9o post\u00e9e en novembre 2013 dans mon blog \u00abwww.bahoury.com \u00bb en est une illustration la plus \u00e9loquente. Dans cette intervention, j&rsquo;avais indiqu\u00e9 les voies et moyens \u00e0 mettre en \u0153uvre pour parvenir \u00e0 un r\u00e9sultat b\u00e9n\u00e9fique pour tous.<br \/>\nDans la m\u00eame logique, j&rsquo;ai re\u00e7u \u00e0 domicile le 18 f\u00e9vrier dernier un \u00e9missaire du Doyen des sages El hadj Sa\u00efkou Yaya BARRY de la Coordination Nationale Haal-Pular pour s&rsquo;enqu\u00e9rir de l&rsquo;\u00e9tat de ma famille d&rsquo;une part et exprimer d&rsquo;autre part la n\u00e9cessit\u00e9 de pr\u00e9server la coh\u00e9sion organique du principal parti de la Guin\u00e9e, seul instrument valable et cr\u00e9dible pour s&rsquo;opposer \u00e0 la d\u00e9rive dictatoriale et offrir une perspective de changement d\u00e9mocratique \u00e0 notre pays. Cet \u00e9missaire venu de Conakry s&rsquo;est retourn\u00e9 porteur d&rsquo;un message \u00e9crit r\u00e9pondant positivement \u00e0 leurs pr\u00e9occupations \u00e0 savoir :<br \/>\n1. Je suis dispos\u00e9 \u00e0 rencontrer M. Cellou Dalein dans un cadre de discussion qui met en avant la v\u00e9rit\u00e9 et l&rsquo;int\u00e9r\u00eat national sans aucun parti-pris afin de permettre \u00e0 l&rsquo;UFDG d&rsquo;avoir une feuille de route engageant tout le monde afin de redonner espoir et confiance \u00e0 ses membres d&rsquo;une part et \u00e0 s&rsquo;opposer d&rsquo;autre part, \u00e0 la descente aux enfers de notre pays, la Guin\u00e9e. Ce cadre de dialogue sera pilot\u00e9 par le Doyen des sages et pourrait se tenir partout o\u00f9 je pourrai m&rsquo;y rendre sans entraves.<br \/>\n2. Le second point est relatif aux d\u00e9marches \u00e0 faire en faveur de la lib\u00e9ration de toutes les personnes injustement incarc\u00e9r\u00e9es depuis le 19 juillet 2011.<br \/>\n3. J&rsquo;ai \u00e9galement notifi\u00e9 dans cette lettre, mon long combat pour faire \u00e9merger une force politique capable d&rsquo;incarner les aspirations au changement de tous les guin\u00e9ens sans aucune discrimination d&rsquo;aucune sorte. Le combat pour les droits de l&rsquo;homme par la cr\u00e9ation de l&rsquo;OGDH en 1989-1990, l&rsquo;impulsion des dynamiques de r\u00e9conciliation nationale en tant que Ministre de la R\u00e9conciliation Nationale et de la Solidarit\u00e9 Nationale en 2008, la construction d&rsquo;une institution politique durable et forte en acceptant d&rsquo;accueillir feu BA Mamadou et de le porter \u00e0 la t\u00eate de l&rsquo;UFDG en octobre 2002, et aussi en faisant de la place en 2007 \u00e0 Cellou Dalein comme pr\u00e9sident du parti et candidat de l&rsquo;UFDG pour les \u00e9lections pr\u00e9sidentielles de 2010 sont des preuves irr\u00e9futables de mon enracinement \u00e0 l&rsquo;id\u00e9al de d\u00e9mocratie et d&rsquo;unit\u00e9. Fort de cela, j&rsquo;ai r\u00e9it\u00e9r\u00e9 mon appartenance et mon attachement \u00e0 l&rsquo;UFDG, parti pour lequel j&rsquo;ai consacr\u00e9 jusqu&rsquo;\u00e0 pr\u00e9sent pr\u00e9s de trente ann\u00e9es de mon existence, en d\u00e9pit de multiples man\u0153uvres occultes pour m&rsquo;en \u00e9loigner.<br \/>\nA tous les citoyens guin\u00e9ens et \u00e0 tous les militants de l&rsquo;UFDG je r\u00e9affirme solennellement mon attachement \u00e0 la d\u00e9marche initi\u00e9e par El hadj Saikou Yaya BARRY et rien ne pourra me d\u00e9vier de ce chemin, car il est conforme \u00e0 nos int\u00e9r\u00eats et aux souhaits de la majorit\u00e9 des membres de l&rsquo;UFDG.<br \/>\nJe garde confiance en l&rsquo;avenir de notre pays. Notre combat n&rsquo;est pas l&rsquo;expression d&rsquo;une ambition \u00e9go\u00efste d\u00e9mesur\u00e9e mais de convictions fortes autour d&rsquo;un projet collectif pour construire une Guin\u00e9e prosp\u00e8re, r\u00e9concili\u00e9e et tourn\u00e9e vers l&rsquo;avenir. Nous le devons \u00e0 tous les martyrs de la cause de la d\u00e9mocratie et \u00e0 tous ceux et \u00e0 toutes celles qui luttent pour le changement d\u00e9mocratique et pour la libert\u00e9 dans notre cher pays, la Guin\u00e9e.<br \/>\nLe 15 mars 2014<br \/>\nBAH Oury 1er Vice-pr\u00e9sident de l&rsquo;UFDG, Pr\u00e9sident de l&rsquo;Opposition R\u00e9publicaine Extra-parlementaire, Ancien Ministre de la R\u00e9conciliation Nationale et de la Solidarit\u00e9 Nationale<\/p>\n","protected":false},"excerpt":{"rendered":"<p>Apr\u00e8s la sortie m\u00e9diatique du Pr\u00e9sident de l\u2019UFDG sur la sc\u00e8ne de t\u00e9l\u00e9vision France24 jeudi dernier sur le diff\u00e9rent qui l\u2019oppose \u00e0 Bah Oury, le premier vice pr\u00e9sident du parti r\u00e9pond dans cette d\u00e9claration que nous vous proposons l\u2019int\u00e9gralit\u00e9: Le Pr\u00e9sident de L&rsquo;UFDG a au cours d&rsquo;une interview accord\u00e9e \u00e0 la t\u00e9l\u00e9vision France24 le jeudi [&hellip;]<\/p>\n","protected":false},"author":12,"featured_media":0,"comment_status":"open","ping_status":"open","sticky":false,"template":"","format":"standard","meta":{"_exactmetrics_skip_tracking":false,"_exactmetrics_sitenote_active":false,"_exactmetrics_sitenote_note":"","_exactmetrics_sitenote_category":0,"tdm_status":"","tdm_grid_status":"","footnotes":""},"categories":[28],"tags":[],"class_list":{"0":"post-16494","1":"post","2":"type-post","3":"status-publish","4":"format-standard","6":"category-archives"},"yoast_head":"<!-- This site is optimized with the Yoast SEO plugin v24.2 - https:\/\/yoast.com\/wordpress\/plugins\/seo\/ -->\n<title>16\/03\/14 Crise \u00e0 l&#039;UFDG: Bah Oury repond \u00e0 Cellou Dalein Diallo | Guin\u00e9e Diversit\u00e9<\/title>\n<meta name=\"robots\" content=\"index, follow, max-snippet:-1, max-image-preview:large, max-video-preview:-1\" \/>\n<link rel=\"canonical\" href=\"https:\/\/guineediversite.com\/index.php\/2014\/03\/16\/160314crise-a-lufdg-bah-oury-repond-a-cellou-dalein-diallo-2\/\" \/>\n<meta property=\"og:locale\" content=\"fr_FR\" \/>\n<meta property=\"og:type\" content=\"article\" \/>\n<meta property=\"og:title\" content=\"16\/03\/14 Crise \u00e0 l&#039;UFDG: Bah Oury repond \u00e0 Cellou Dalein Diallo | Guin\u00e9e Diversit\u00e9\" \/>\n<meta property=\"og:description\" content=\"Apr\u00e8s la sortie m\u00e9diatique du Pr\u00e9sident de l\u2019UFDG sur la sc\u00e8ne de t\u00e9l\u00e9vision France24 jeudi dernier sur le diff\u00e9rent qui l\u2019oppose \u00e0 Bah Oury, le premier vice pr\u00e9sident du parti r\u00e9pond dans cette d\u00e9claration que nous vous proposons l\u2019int\u00e9gralit\u00e9: Le Pr\u00e9sident de L&rsquo;UFDG a au cours d&rsquo;une interview accord\u00e9e \u00e0 la t\u00e9l\u00e9vision France24 le jeudi [&hellip;]\" \/>\n<meta property=\"og:url\" content=\"https:\/\/guineediversite.com\/index.php\/2014\/03\/16\/160314crise-a-lufdg-bah-oury-repond-a-cellou-dalein-diallo-2\/\" \/>\n<meta property=\"og:site_name\" content=\"Guin\u00e9e Diversit\u00e9\" \/>\n<meta property=\"article:publisher\" content=\"https:\/\/www.facebook.com\/guineediversite\/\" \/>\n<meta property=\"article:published_time\" content=\"2014-03-15T23:00:00+00:00\" \/>\n<meta name=\"author\" content=\"Guin\u00e9e Diversit\u00e9\" \/>\n<meta name=\"twitter:card\" content=\"summary_large_image\" \/>\n<meta name=\"twitter:creator\" content=\"@GuineeDiversite\" \/>\n<meta name=\"twitter:site\" content=\"@GuineeDiversite\" \/>\n<meta name=\"twitter:label1\" content=\"\u00c9crit par\" \/>\n\t<meta name=\"twitter:data1\" content=\"Guin\u00e9e Diversit\u00e9\" \/>\n\t<meta name=\"twitter:label2\" content=\"Dur\u00e9e de lecture estim\u00e9e\" \/>\n\t<meta name=\"twitter:data2\" content=\"4 minutes\" \/>\n<script type=\"application\/ld+json\" class=\"yoast-schema-graph\">{\"@context\":\"https:\/\/schema.org\",\"@graph\":[{\"@type\":\"Article\",\"@id\":\"https:\/\/guineediversite.com\/index.php\/2014\/03\/16\/160314crise-a-lufdg-bah-oury-repond-a-cellou-dalein-diallo-2\/#article\",\"isPartOf\":{\"@id\":\"https:\/\/guineediversite.com\/index.php\/2014\/03\/16\/160314crise-a-lufdg-bah-oury-repond-a-cellou-dalein-diallo-2\/\"},\"author\":{\"name\":\"Guin\u00e9e Diversit\u00e9\",\"@id\":\"https:\/\/guineediversite.com\/#\/schema\/person\/afa08fb34e7fc6e1feafc892612bc836\"},\"headline\":\"16\/03\/14 Crise \u00e0 l&rsquo;UFDG: Bah Oury repond \u00e0 Cellou Dalein Diallo\",\"datePublished\":\"2014-03-15T23:00:00+00:00\",\"dateModified\":\"2014-03-15T23:00:00+00:00\",\"mainEntityOfPage\":{\"@id\":\"https:\/\/guineediversite.com\/index.php\/2014\/03\/16\/160314crise-a-lufdg-bah-oury-repond-a-cellou-dalein-diallo-2\/\"},\"wordCount\":893,\"commentCount\":0,\"publisher\":{\"@id\":\"https:\/\/guineediversite.com\/#organization\"},\"articleSection\":[\"Archives\"],\"inLanguage\":\"fr-FR\",\"potentialAction\":[{\"@type\":\"CommentAction\",\"name\":\"Comment\",\"target\":[\"https:\/\/guineediversite.com\/index.php\/2014\/03\/16\/160314crise-a-lufdg-bah-oury-repond-a-cellou-dalein-diallo-2\/#respond\"]}]},{\"@type\":\"WebPage\",\"@id\":\"https:\/\/guineediversite.com\/index.php\/2014\/03\/16\/160314crise-a-lufdg-bah-oury-repond-a-cellou-dalein-diallo-2\/\",\"url\":\"https:\/\/guineediversite.com\/index.php\/2014\/03\/16\/160314crise-a-lufdg-bah-oury-repond-a-cellou-dalein-diallo-2\/\",\"name\":\"16\/03\/14 Crise \u00e0 l'UFDG: Bah Oury repond \u00e0 Cellou Dalein Diallo | Guin\u00e9e Diversit\u00e9\",\"isPartOf\":{\"@id\":\"https:\/\/guineediversite.com\/#website\"},\"datePublished\":\"2014-03-15T23:00:00+00:00\",\"dateModified\":\"2014-03-15T23:00:00+00:00\",\"breadcrumb\":{\"@id\":\"https:\/\/guineediversite.com\/index.php\/2014\/03\/16\/160314crise-a-lufdg-bah-oury-repond-a-cellou-dalein-diallo-2\/#breadcrumb\"},\"inLanguage\":\"fr-FR\",\"potentialAction\":[{\"@type\":\"ReadAction\",\"target\":[\"https:\/\/guineediversite.com\/index.php\/2014\/03\/16\/160314crise-a-lufdg-bah-oury-repond-a-cellou-dalein-diallo-2\/\"]}]},{\"@type\":\"BreadcrumbList\",\"@id\":\"https:\/\/guineediversite.com\/index.php\/2014\/03\/16\/160314crise-a-lufdg-bah-oury-repond-a-cellou-dalein-diallo-2\/#breadcrumb\",\"itemListElement\":[{\"@type\":\"ListItem\",\"position\":1,\"name\":\"Accueil\",\"item\":\"https:\/\/guineediversite.com\/\"},{\"@type\":\"ListItem\",\"position\":2,\"name\":\"16\/03\/14 Crise \u00e0 l&rsquo;UFDG: Bah Oury repond \u00e0 Cellou Dalein Diallo\"}]},{\"@type\":\"WebSite\",\"@id\":\"https:\/\/guineediversite.com\/#website\",\"url\":\"https:\/\/guineediversite.com\/\",\"name\":\"Guin\u00e9e Diversit\u00e9\",\"description\":\"L&#039;Info dans toute sa diversit\u00e9\",\"publisher\":{\"@id\":\"https:\/\/guineediversite.com\/#organization\"},\"potentialAction\":[{\"@type\":\"SearchAction\",\"target\":{\"@type\":\"EntryPoint\",\"urlTemplate\":\"https:\/\/guineediversite.com\/?s={search_term_string}\"},\"query-input\":{\"@type\":\"PropertyValueSpecification\",\"valueRequired\":true,\"valueName\":\"search_term_string\"}}],\"inLanguage\":\"fr-FR\"},{\"@type\":\"Organization\",\"@id\":\"https:\/\/guineediversite.com\/#organization\",\"name\":\"Guin\u00e9e Diversit\u00e9\",\"url\":\"https:\/\/guineediversite.com\/\",\"logo\":{\"@type\":\"ImageObject\",\"inLanguage\":\"fr-FR\",\"@id\":\"https:\/\/guineediversite.com\/#\/schema\/logo\/image\/\",\"url\":\"https:\/\/guineediversite.com\/wp-content\/uploads\/2017\/04\/cropped-1jojlxEOMkX9Wyqfhe43D6kjPOGqBBKmx3EwWJqZ0cMrFF54yM49.png\",\"contentUrl\":\"https:\/\/guineediversite.com\/wp-content\/uploads\/2017\/04\/cropped-1jojlxEOMkX9Wyqfhe43D6kjPOGqBBKmx3EwWJqZ0cMrFF54yM49.png\",\"width\":186,\"height\":112,\"caption\":\"Guin\u00e9e Diversit\u00e9\"},\"image\":{\"@id\":\"https:\/\/guineediversite.com\/#\/schema\/logo\/image\/\"},\"sameAs\":[\"https:\/\/www.facebook.com\/guineediversite\/\",\"https:\/\/x.com\/GuineeDiversite\",\"https:\/\/www.youtube.com\/channel\/UC8sUY16qelG5ge6_D5SB83g\"]},{\"@type\":\"Person\",\"@id\":\"https:\/\/guineediversite.com\/#\/schema\/person\/afa08fb34e7fc6e1feafc892612bc836\",\"name\":\"Guin\u00e9e Diversit\u00e9\",\"image\":{\"@type\":\"ImageObject\",\"inLanguage\":\"fr-FR\",\"@id\":\"https:\/\/guineediversite.com\/#\/schema\/person\/image\/\",\"url\":\"https:\/\/secure.gravatar.com\/avatar\/50d5eb5b390f8b65ac30ac6f898eb83a?s=96&d=mm&r=g\",\"contentUrl\":\"https:\/\/secure.gravatar.com\/avatar\/50d5eb5b390f8b65ac30ac6f898eb83a?s=96&d=mm&r=g\",\"caption\":\"Guin\u00e9e Diversit\u00e9\"},\"url\":\"https:\/\/guineediversite.com\/index.php\/author\/guineediversite\/\"}]}<\/script>\n<!-- \/ Yoast SEO plugin. -->","yoast_head_json":{"title":"16\/03\/14 Crise \u00e0 l'UFDG: Bah Oury repond \u00e0 Cellou Dalein Diallo | Guin\u00e9e Diversit\u00e9","robots":{"index":"index","follow":"follow","max-snippet":"max-snippet:-1","max-image-preview":"max-image-preview:large","max-video-preview":"max-video-preview:-1"},"canonical":"https:\/\/guineediversite.com\/index.php\/2014\/03\/16\/160314crise-a-lufdg-bah-oury-repond-a-cellou-dalein-diallo-2\/","og_locale":"fr_FR","og_type":"article","og_title":"16\/03\/14 Crise \u00e0 l'UFDG: Bah Oury repond \u00e0 Cellou Dalein Diallo | Guin\u00e9e Diversit\u00e9","og_description":"Apr\u00e8s la sortie m\u00e9diatique du Pr\u00e9sident de l\u2019UFDG sur la sc\u00e8ne de t\u00e9l\u00e9vision France24 jeudi dernier sur le diff\u00e9rent qui l\u2019oppose \u00e0 Bah Oury, le premier vice pr\u00e9sident du parti r\u00e9pond dans cette d\u00e9claration que nous vous proposons l\u2019int\u00e9gralit\u00e9: Le Pr\u00e9sident de L&rsquo;UFDG a au cours d&rsquo;une interview accord\u00e9e \u00e0 la t\u00e9l\u00e9vision France24 le jeudi [&hellip;]","og_url":"https:\/\/guineediversite.com\/index.php\/2014\/03\/16\/160314crise-a-lufdg-bah-oury-repond-a-cellou-dalein-diallo-2\/","og_site_name":"Guin\u00e9e Diversit\u00e9","article_publisher":"https:\/\/www.facebook.com\/guineediversite\/","article_published_time":"2014-03-15T23:00:00+00:00","author":"Guin\u00e9e Diversit\u00e9","twitter_card":"summary_large_image","twitter_creator":"@GuineeDiversite","twitter_site":"@GuineeDiversite","twitter_misc":{"\u00c9crit par":"Guin\u00e9e Diversit\u00e9","Dur\u00e9e de lecture estim\u00e9e":"4 minutes"},"schema":{"@context":"https:\/\/schema.org","@graph":[{"@type":"Article","@id":"https:\/\/guineediversite.com\/index.php\/2014\/03\/16\/160314crise-a-lufdg-bah-oury-repond-a-cellou-dalein-diallo-2\/#article","isPartOf":{"@id":"https:\/\/guineediversite.com\/index.php\/2014\/03\/16\/160314crise-a-lufdg-bah-oury-repond-a-cellou-dalein-diallo-2\/"},"author":{"name":"Guin\u00e9e Diversit\u00e9","@id":"https:\/\/guineediversite.com\/#\/schema\/person\/afa08fb34e7fc6e1feafc892612bc836"},"headline":"16\/03\/14 Crise \u00e0 l&rsquo;UFDG: Bah Oury repond \u00e0 Cellou Dalein Diallo","datePublished":"2014-03-15T23:00:00+00:00","dateModified":"2014-03-15T23:00:00+00:00","mainEntityOfPage":{"@id":"https:\/\/guineediversite.com\/index.php\/2014\/03\/16\/160314crise-a-lufdg-bah-oury-repond-a-cellou-dalein-diallo-2\/"},"wordCount":893,"commentCount":0,"publisher":{"@id":"https:\/\/guineediversite.com\/#organization"},"articleSection":["Archives"],"inLanguage":"fr-FR","potentialAction":[{"@type":"CommentAction","name":"Comment","target":["https:\/\/guineediversite.com\/index.php\/2014\/03\/16\/160314crise-a-lufdg-bah-oury-repond-a-cellou-dalein-diallo-2\/#respond"]}]},{"@type":"WebPage","@id":"https:\/\/guineediversite.com\/index.php\/2014\/03\/16\/160314crise-a-lufdg-bah-oury-repond-a-cellou-dalein-diallo-2\/","url":"https:\/\/guineediversite.com\/index.php\/2014\/03\/16\/160314crise-a-lufdg-bah-oury-repond-a-cellou-dalein-diallo-2\/","name":"16\/03\/14 Crise \u00e0 l'UFDG: Bah Oury repond \u00e0 Cellou Dalein Diallo | Guin\u00e9e Diversit\u00e9","isPartOf":{"@id":"https:\/\/guineediversite.com\/#website"},"datePublished":"2014-03-15T23:00:00+00:00","dateModified":"2014-03-15T23:00:00+00:00","breadcrumb":{"@id":"https:\/\/guineediversite.com\/index.php\/2014\/03\/16\/160314crise-a-lufdg-bah-oury-repond-a-cellou-dalein-diallo-2\/#breadcrumb"},"inLanguage":"fr-FR","potentialAction":[{"@type":"ReadAction","target":["https:\/\/guineediversite.com\/index.php\/2014\/03\/16\/160314crise-a-lufdg-bah-oury-repond-a-cellou-dalein-diallo-2\/"]}]},{"@type":"BreadcrumbList","@id":"https:\/\/guineediversite.com\/index.php\/2014\/03\/16\/160314crise-a-lufdg-bah-oury-repond-a-cellou-dalein-diallo-2\/#breadcrumb","itemListElement":[{"@type":"ListItem","position":1,"name":"Accueil","item":"https:\/\/guineediversite.com\/"},{"@type":"ListItem","position":2,"name":"16\/03\/14 Crise \u00e0 l&rsquo;UFDG: Bah Oury repond \u00e0 Cellou Dalein Diallo"}]},{"@type":"WebSite","@id":"https:\/\/guineediversite.com\/#website","url":"https:\/\/guineediversite.com\/","name":"Guin\u00e9e Diversit\u00e9","description":"L&#039;Info dans toute sa diversit\u00e9","publisher":{"@id":"https:\/\/guineediversite.com\/#organization"},"potentialAction":[{"@type":"SearchAction","target":{"@type":"EntryPoint","urlTemplate":"https:\/\/guineediversite.com\/?s={search_term_string}"},"query-input":{"@type":"PropertyValueSpecification","valueRequired":true,"valueName":"search_term_string"}}],"inLanguage":"fr-FR"},{"@type":"Organization","@id":"https:\/\/guineediversite.com\/#organization","name":"Guin\u00e9e Diversit\u00e9","url":"https:\/\/guineediversite.com\/","logo":{"@type":"ImageObject","inLanguage":"fr-FR","@id":"https:\/\/guineediversite.com\/#\/schema\/logo\/image\/","url":"https:\/\/guineediversite.com\/wp-content\/uploads\/2017\/04\/cropped-1jojlxEOMkX9Wyqfhe43D6kjPOGqBBKmx3EwWJqZ0cMrFF54yM49.png","contentUrl":"https:\/\/guineediversite.com\/wp-content\/uploads\/2017\/04\/cropped-1jojlxEOMkX9Wyqfhe43D6kjPOGqBBKmx3EwWJqZ0cMrFF54yM49.png","width":186,"height":112,"caption":"Guin\u00e9e Diversit\u00e9"},"image":{"@id":"https:\/\/guineediversite.com\/#\/schema\/logo\/image\/"},"sameAs":["https:\/\/www.facebook.com\/guineediversite\/","https:\/\/x.com\/GuineeDiversite","https:\/\/www.youtube.com\/channel\/UC8sUY16qelG5ge6_D5SB83g"]},{"@type":"Person","@id":"https:\/\/guineediversite.com\/#\/schema\/person\/afa08fb34e7fc6e1feafc892612bc836","name":"Guin\u00e9e Diversit\u00e9","image":{"@type":"ImageObject","inLanguage":"fr-FR","@id":"https:\/\/guineediversite.com\/#\/schema\/person\/image\/","url":"https:\/\/secure.gravatar.com\/avatar\/50d5eb5b390f8b65ac30ac6f898eb83a?s=96&d=mm&r=g","contentUrl":"https:\/\/secure.gravatar.com\/avatar\/50d5eb5b390f8b65ac30ac6f898eb83a?s=96&d=mm&r=g","caption":"Guin\u00e9e Diversit\u00e9"},"url":"https:\/\/guineediversite.com\/index.php\/author\/guineediversite\/"}]}},"_links":{"self":[{"href":"https:\/\/guineediversite.com\/index.php\/wp-json\/wp\/v2\/posts\/16494"}],"collection":[{"href":"https:\/\/guineediversite.com\/index.php\/wp-json\/wp\/v2\/posts"}],"about":[{"href":"https:\/\/guineediversite.com\/index.php\/wp-json\/wp\/v2\/types\/post"}],"author":[{"embeddable":true,"href":"https:\/\/guineediversite.com\/index.php\/wp-json\/wp\/v2\/users\/12"}],"replies":[{"embeddable":true,"href":"https:\/\/guineediversite.com\/index.php\/wp-json\/wp\/v2\/comments?post=16494"}],"version-history":[{"count":0,"href":"https:\/\/guineediversite.com\/index.php\/wp-json\/wp\/v2\/posts\/16494\/revisions"}],"wp:attachment":[{"href":"https:\/\/guineediversite.com\/index.php\/wp-json\/wp\/v2\/media?parent=16494"}],"wp:term":[{"taxonomy":"category","embeddable":true,"href":"https:\/\/guineediversite.com\/index.php\/wp-json\/wp\/v2\/categories?post=16494"},{"taxonomy":"post_tag","embeddable":true,"href":"https:\/\/guineediversite.com\/index.php\/wp-json\/wp\/v2\/tags?post=16494"}],"curies":[{"name":"wp","href":"https:\/\/api.w.org\/{rel}","templated":true}]}}