{"id":16492,"date":"2014-03-16T00:00:00","date_gmt":"2014-03-15T23:00:00","guid":{"rendered":"https:\/\/www.guineediversite.com\/index.php\/2014\/03\/16\/160314lutte-contre-le-sida-en-guinee-des-medecins-renforcent-leur-capacite-2\/"},"modified":"2014-03-16T00:00:00","modified_gmt":"2014-03-15T23:00:00","slug":"160314lutte-contre-le-sida-en-guinee-des-medecins-renforcent-leur-capacite-2","status":"publish","type":"post","link":"https:\/\/guineediversite.com\/index.php\/2014\/03\/16\/160314lutte-contre-le-sida-en-guinee-des-medecins-renforcent-leur-capacite-2\/","title":{"rendered":"16\/03\/14\nLutte contre le Sida en Guin\u00e9e, des m\u00e9decins renforcent leur capacit\u00e9"},"content":{"rendered":"<p>Renforcer et d\u00e9centraliser la riposte nationale \u00e0 l\u2019\u00e9pid\u00e9mie du Sida en Guin\u00e9e, voil\u00e0 l\u2019objectif d\u2019un atelier de formation qui a prix fin ce samedi 15 mars \u00e0 Conakry. C\u2019est une initiative de l\u2019ONG DREAM de la  Communaut\u00e9 de Sant \u2018Egidio.<\/p>\n<p>Pendant 6 jours, les participants compos\u00e9s de m\u00e9decins, des agents techniques de sant\u00e9 et des laborantins ont \u00e9t\u00e9 outill\u00e9s en strat\u00e9gie de lutte contre le Sida.<\/p>\n<p>Pour le ministre de la sant\u00e9, cette formation vient \u00e0 point nomm\u00e9, avant d\u2019indiquer qu\u2019elle aura un impacte dans les services sanitaires du pays.\u00ab Nous sommes rassur\u00e9 que cette s\u00e9rie de formation donnera une contribution importante \u00e0 la lutte contre les maladies, notamment le VIH\/Sida en Guin\u00e9e \u00bb a d\u00e9clar\u00e9  le colonel R\u00e9my Lamah.<\/p>\n<p>De leur cot\u00e9, les participants \u00e0 travers leur porte parole, se sont engag\u00e9s \u00e0 faire la restitution dans leurs structures sanitaires au b\u00e9n\u00e9fice de la population.<\/p>\n<p>Par ailleurs, Mariama Dalanda Bah a mis l\u2019occasion \u00e0 profit, pour inviter les initiateurs \u00e0 p\u00e9renniser ce genre.<br \/>\nAblaye Ciss\u00e9<\/p>\n","protected":false},"excerpt":{"rendered":"<p>Renforcer et d\u00e9centraliser la riposte nationale \u00e0 l\u2019\u00e9pid\u00e9mie du Sida en Guin\u00e9e, voil\u00e0 l\u2019objectif d\u2019un atelier de formation qui a prix fin ce samedi 15 mars \u00e0 Conakry. C\u2019est une initiative de l\u2019ONG DREAM de la Communaut\u00e9 de Sant \u2018Egidio. Pendant 6 jours, les participants compos\u00e9s de m\u00e9decins, des agents techniques de sant\u00e9 et des [&hellip;]<\/p>\n","protected":false},"author":12,"featured_media":0,"comment_status":"open","ping_status":"open","sticky":false,"template":"","format":"standard","meta":{"_exactmetrics_skip_tracking":false,"_exactmetrics_sitenote_active":false,"_exactmetrics_sitenote_note":"","_exactmetrics_sitenote_category":0,"tdm_status":"","tdm_grid_status":"","footnotes":""},"categories":[28],"tags":[],"class_list":{"0":"post-16492","1":"post","2":"type-post","3":"status-publish","4":"format-standard","6":"category-archives"},"yoast_head":"<!-- This site is optimized with the Yoast SEO plugin v24.2 - https:\/\/yoast.com\/wordpress\/plugins\/seo\/ -->\n<title>16\/03\/14 Lutte contre le Sida en Guin\u00e9e, des m\u00e9decins renforcent leur capacit\u00e9 | Guin\u00e9e Diversit\u00e9<\/title>\n<meta name=\"robots\" content=\"index, follow, max-snippet:-1, max-image-preview:large, max-video-preview:-1\" \/>\n<link rel=\"canonical\" href=\"https:\/\/guineediversite.com\/index.php\/2014\/03\/16\/160314lutte-contre-le-sida-en-guinee-des-medecins-renforcent-leur-capacite-2\/\" \/>\n<meta property=\"og:locale\" content=\"fr_FR\" \/>\n<meta property=\"og:type\" content=\"article\" \/>\n<meta property=\"og:title\" content=\"16\/03\/14 Lutte contre le Sida en Guin\u00e9e, des m\u00e9decins renforcent leur capacit\u00e9 | Guin\u00e9e Diversit\u00e9\" \/>\n<meta property=\"og:description\" content=\"Renforcer et d\u00e9centraliser la riposte nationale \u00e0 l\u2019\u00e9pid\u00e9mie du Sida en Guin\u00e9e, voil\u00e0 l\u2019objectif d\u2019un atelier de formation qui a prix fin ce samedi 15 mars \u00e0 Conakry. C\u2019est une initiative de l\u2019ONG DREAM de la Communaut\u00e9 de Sant \u2018Egidio. Pendant 6 jours, les participants compos\u00e9s de m\u00e9decins, des agents techniques de sant\u00e9 et des [&hellip;]\" \/>\n<meta property=\"og:url\" content=\"https:\/\/guineediversite.com\/index.php\/2014\/03\/16\/160314lutte-contre-le-sida-en-guinee-des-medecins-renforcent-leur-capacite-2\/\" \/>\n<meta property=\"og:site_name\" content=\"Guin\u00e9e Diversit\u00e9\" \/>\n<meta property=\"article:publisher\" content=\"https:\/\/www.facebook.com\/guineediversite\/\" \/>\n<meta property=\"article:published_time\" content=\"2014-03-15T23:00:00+00:00\" \/>\n<meta name=\"author\" content=\"Guin\u00e9e Diversit\u00e9\" \/>\n<meta name=\"twitter:card\" content=\"summary_large_image\" \/>\n<meta name=\"twitter:creator\" content=\"@GuineeDiversite\" \/>\n<meta name=\"twitter:site\" content=\"@GuineeDiversite\" \/>\n<meta name=\"twitter:label1\" content=\"\u00c9crit par\" \/>\n\t<meta name=\"twitter:data1\" content=\"Guin\u00e9e Diversit\u00e9\" \/>\n\t<meta name=\"twitter:label2\" content=\"Dur\u00e9e de lecture estim\u00e9e\" \/>\n\t<meta name=\"twitter:data2\" content=\"1 minute\" \/>\n<script type=\"application\/ld+json\" class=\"yoast-schema-graph\">{\"@context\":\"https:\/\/schema.org\",\"@graph\":[{\"@type\":\"Article\",\"@id\":\"https:\/\/guineediversite.com\/index.php\/2014\/03\/16\/160314lutte-contre-le-sida-en-guinee-des-medecins-renforcent-leur-capacite-2\/#article\",\"isPartOf\":{\"@id\":\"https:\/\/guineediversite.com\/index.php\/2014\/03\/16\/160314lutte-contre-le-sida-en-guinee-des-medecins-renforcent-leur-capacite-2\/\"},\"author\":{\"name\":\"Guin\u00e9e Diversit\u00e9\",\"@id\":\"https:\/\/guineediversite.com\/#\/schema\/person\/afa08fb34e7fc6e1feafc892612bc836\"},\"headline\":\"16\/03\/14 Lutte contre le Sida en Guin\u00e9e, des m\u00e9decins renforcent leur capacit\u00e9\",\"datePublished\":\"2014-03-15T23:00:00+00:00\",\"dateModified\":\"2014-03-15T23:00:00+00:00\",\"mainEntityOfPage\":{\"@id\":\"https:\/\/guineediversite.com\/index.php\/2014\/03\/16\/160314lutte-contre-le-sida-en-guinee-des-medecins-renforcent-leur-capacite-2\/\"},\"wordCount\":192,\"commentCount\":0,\"publisher\":{\"@id\":\"https:\/\/guineediversite.com\/#organization\"},\"articleSection\":[\"Archives\"],\"inLanguage\":\"fr-FR\",\"potentialAction\":[{\"@type\":\"CommentAction\",\"name\":\"Comment\",\"target\":[\"https:\/\/guineediversite.com\/index.php\/2014\/03\/16\/160314lutte-contre-le-sida-en-guinee-des-medecins-renforcent-leur-capacite-2\/#respond\"]}]},{\"@type\":\"WebPage\",\"@id\":\"https:\/\/guineediversite.com\/index.php\/2014\/03\/16\/160314lutte-contre-le-sida-en-guinee-des-medecins-renforcent-leur-capacite-2\/\",\"url\":\"https:\/\/guineediversite.com\/index.php\/2014\/03\/16\/160314lutte-contre-le-sida-en-guinee-des-medecins-renforcent-leur-capacite-2\/\",\"name\":\"16\/03\/14 Lutte contre le Sida en Guin\u00e9e, des m\u00e9decins renforcent leur capacit\u00e9 | Guin\u00e9e Diversit\u00e9\",\"isPartOf\":{\"@id\":\"https:\/\/guineediversite.com\/#website\"},\"datePublished\":\"2014-03-15T23:00:00+00:00\",\"dateModified\":\"2014-03-15T23:00:00+00:00\",\"breadcrumb\":{\"@id\":\"https:\/\/guineediversite.com\/index.php\/2014\/03\/16\/160314lutte-contre-le-sida-en-guinee-des-medecins-renforcent-leur-capacite-2\/#breadcrumb\"},\"inLanguage\":\"fr-FR\",\"potentialAction\":[{\"@type\":\"ReadAction\",\"target\":[\"https:\/\/guineediversite.com\/index.php\/2014\/03\/16\/160314lutte-contre-le-sida-en-guinee-des-medecins-renforcent-leur-capacite-2\/\"]}]},{\"@type\":\"BreadcrumbList\",\"@id\":\"https:\/\/guineediversite.com\/index.php\/2014\/03\/16\/160314lutte-contre-le-sida-en-guinee-des-medecins-renforcent-leur-capacite-2\/#breadcrumb\",\"itemListElement\":[{\"@type\":\"ListItem\",\"position\":1,\"name\":\"Accueil\",\"item\":\"https:\/\/guineediversite.com\/\"},{\"@type\":\"ListItem\",\"position\":2,\"name\":\"16\/03\/14 Lutte contre le Sida en Guin\u00e9e, des m\u00e9decins renforcent leur capacit\u00e9\"}]},{\"@type\":\"WebSite\",\"@id\":\"https:\/\/guineediversite.com\/#website\",\"url\":\"https:\/\/guineediversite.com\/\",\"name\":\"Guin\u00e9e Diversit\u00e9\",\"description\":\"L&#039;Info dans toute sa diversit\u00e9\",\"publisher\":{\"@id\":\"https:\/\/guineediversite.com\/#organization\"},\"potentialAction\":[{\"@type\":\"SearchAction\",\"target\":{\"@type\":\"EntryPoint\",\"urlTemplate\":\"https:\/\/guineediversite.com\/?s={search_term_string}\"},\"query-input\":{\"@type\":\"PropertyValueSpecification\",\"valueRequired\":true,\"valueName\":\"search_term_string\"}}],\"inLanguage\":\"fr-FR\"},{\"@type\":\"Organization\",\"@id\":\"https:\/\/guineediversite.com\/#organization\",\"name\":\"Guin\u00e9e Diversit\u00e9\",\"url\":\"https:\/\/guineediversite.com\/\",\"logo\":{\"@type\":\"ImageObject\",\"inLanguage\":\"fr-FR\",\"@id\":\"https:\/\/guineediversite.com\/#\/schema\/logo\/image\/\",\"url\":\"https:\/\/guineediversite.com\/wp-content\/uploads\/2017\/04\/cropped-1jojlxEOMkX9Wyqfhe43D6kjPOGqBBKmx3EwWJqZ0cMrFF54yM49.png\",\"contentUrl\":\"https:\/\/guineediversite.com\/wp-content\/uploads\/2017\/04\/cropped-1jojlxEOMkX9Wyqfhe43D6kjPOGqBBKmx3EwWJqZ0cMrFF54yM49.png\",\"width\":186,\"height\":112,\"caption\":\"Guin\u00e9e Diversit\u00e9\"},\"image\":{\"@id\":\"https:\/\/guineediversite.com\/#\/schema\/logo\/image\/\"},\"sameAs\":[\"https:\/\/www.facebook.com\/guineediversite\/\",\"https:\/\/x.com\/GuineeDiversite\",\"https:\/\/www.youtube.com\/channel\/UC8sUY16qelG5ge6_D5SB83g\"]},{\"@type\":\"Person\",\"@id\":\"https:\/\/guineediversite.com\/#\/schema\/person\/afa08fb34e7fc6e1feafc892612bc836\",\"name\":\"Guin\u00e9e Diversit\u00e9\",\"image\":{\"@type\":\"ImageObject\",\"inLanguage\":\"fr-FR\",\"@id\":\"https:\/\/guineediversite.com\/#\/schema\/person\/image\/\",\"url\":\"https:\/\/secure.gravatar.com\/avatar\/50d5eb5b390f8b65ac30ac6f898eb83a?s=96&d=mm&r=g\",\"contentUrl\":\"https:\/\/secure.gravatar.com\/avatar\/50d5eb5b390f8b65ac30ac6f898eb83a?s=96&d=mm&r=g\",\"caption\":\"Guin\u00e9e Diversit\u00e9\"},\"url\":\"https:\/\/guineediversite.com\/index.php\/author\/guineediversite\/\"}]}<\/script>\n<!-- \/ Yoast SEO plugin. -->","yoast_head_json":{"title":"16\/03\/14 Lutte contre le Sida en Guin\u00e9e, des m\u00e9decins renforcent leur capacit\u00e9 | Guin\u00e9e Diversit\u00e9","robots":{"index":"index","follow":"follow","max-snippet":"max-snippet:-1","max-image-preview":"max-image-preview:large","max-video-preview":"max-video-preview:-1"},"canonical":"https:\/\/guineediversite.com\/index.php\/2014\/03\/16\/160314lutte-contre-le-sida-en-guinee-des-medecins-renforcent-leur-capacite-2\/","og_locale":"fr_FR","og_type":"article","og_title":"16\/03\/14 Lutte contre le Sida en Guin\u00e9e, des m\u00e9decins renforcent leur capacit\u00e9 | Guin\u00e9e Diversit\u00e9","og_description":"Renforcer et d\u00e9centraliser la riposte nationale \u00e0 l\u2019\u00e9pid\u00e9mie du Sida en Guin\u00e9e, voil\u00e0 l\u2019objectif d\u2019un atelier de formation qui a prix fin ce samedi 15 mars \u00e0 Conakry. C\u2019est une initiative de l\u2019ONG DREAM de la Communaut\u00e9 de Sant \u2018Egidio. Pendant 6 jours, les participants compos\u00e9s de m\u00e9decins, des agents techniques de sant\u00e9 et des [&hellip;]","og_url":"https:\/\/guineediversite.com\/index.php\/2014\/03\/16\/160314lutte-contre-le-sida-en-guinee-des-medecins-renforcent-leur-capacite-2\/","og_site_name":"Guin\u00e9e Diversit\u00e9","article_publisher":"https:\/\/www.facebook.com\/guineediversite\/","article_published_time":"2014-03-15T23:00:00+00:00","author":"Guin\u00e9e Diversit\u00e9","twitter_card":"summary_large_image","twitter_creator":"@GuineeDiversite","twitter_site":"@GuineeDiversite","twitter_misc":{"\u00c9crit par":"Guin\u00e9e Diversit\u00e9","Dur\u00e9e de lecture estim\u00e9e":"1 minute"},"schema":{"@context":"https:\/\/schema.org","@graph":[{"@type":"Article","@id":"https:\/\/guineediversite.com\/index.php\/2014\/03\/16\/160314lutte-contre-le-sida-en-guinee-des-medecins-renforcent-leur-capacite-2\/#article","isPartOf":{"@id":"https:\/\/guineediversite.com\/index.php\/2014\/03\/16\/160314lutte-contre-le-sida-en-guinee-des-medecins-renforcent-leur-capacite-2\/"},"author":{"name":"Guin\u00e9e Diversit\u00e9","@id":"https:\/\/guineediversite.com\/#\/schema\/person\/afa08fb34e7fc6e1feafc892612bc836"},"headline":"16\/03\/14 Lutte contre le Sida en Guin\u00e9e, des m\u00e9decins renforcent leur capacit\u00e9","datePublished":"2014-03-15T23:00:00+00:00","dateModified":"2014-03-15T23:00:00+00:00","mainEntityOfPage":{"@id":"https:\/\/guineediversite.com\/index.php\/2014\/03\/16\/160314lutte-contre-le-sida-en-guinee-des-medecins-renforcent-leur-capacite-2\/"},"wordCount":192,"commentCount":0,"publisher":{"@id":"https:\/\/guineediversite.com\/#organization"},"articleSection":["Archives"],"inLanguage":"fr-FR","potentialAction":[{"@type":"CommentAction","name":"Comment","target":["https:\/\/guineediversite.com\/index.php\/2014\/03\/16\/160314lutte-contre-le-sida-en-guinee-des-medecins-renforcent-leur-capacite-2\/#respond"]}]},{"@type":"WebPage","@id":"https:\/\/guineediversite.com\/index.php\/2014\/03\/16\/160314lutte-contre-le-sida-en-guinee-des-medecins-renforcent-leur-capacite-2\/","url":"https:\/\/guineediversite.com\/index.php\/2014\/03\/16\/160314lutte-contre-le-sida-en-guinee-des-medecins-renforcent-leur-capacite-2\/","name":"16\/03\/14 Lutte contre le Sida en Guin\u00e9e, des m\u00e9decins renforcent leur capacit\u00e9 | Guin\u00e9e Diversit\u00e9","isPartOf":{"@id":"https:\/\/guineediversite.com\/#website"},"datePublished":"2014-03-15T23:00:00+00:00","dateModified":"2014-03-15T23:00:00+00:00","breadcrumb":{"@id":"https:\/\/guineediversite.com\/index.php\/2014\/03\/16\/160314lutte-contre-le-sida-en-guinee-des-medecins-renforcent-leur-capacite-2\/#breadcrumb"},"inLanguage":"fr-FR","potentialAction":[{"@type":"ReadAction","target":["https:\/\/guineediversite.com\/index.php\/2014\/03\/16\/160314lutte-contre-le-sida-en-guinee-des-medecins-renforcent-leur-capacite-2\/"]}]},{"@type":"BreadcrumbList","@id":"https:\/\/guineediversite.com\/index.php\/2014\/03\/16\/160314lutte-contre-le-sida-en-guinee-des-medecins-renforcent-leur-capacite-2\/#breadcrumb","itemListElement":[{"@type":"ListItem","position":1,"name":"Accueil","item":"https:\/\/guineediversite.com\/"},{"@type":"ListItem","position":2,"name":"16\/03\/14 Lutte contre le Sida en Guin\u00e9e, des m\u00e9decins renforcent leur capacit\u00e9"}]},{"@type":"WebSite","@id":"https:\/\/guineediversite.com\/#website","url":"https:\/\/guineediversite.com\/","name":"Guin\u00e9e Diversit\u00e9","description":"L&#039;Info dans toute sa diversit\u00e9","publisher":{"@id":"https:\/\/guineediversite.com\/#organization"},"potentialAction":[{"@type":"SearchAction","target":{"@type":"EntryPoint","urlTemplate":"https:\/\/guineediversite.com\/?s={search_term_string}"},"query-input":{"@type":"PropertyValueSpecification","valueRequired":true,"valueName":"search_term_string"}}],"inLanguage":"fr-FR"},{"@type":"Organization","@id":"https:\/\/guineediversite.com\/#organization","name":"Guin\u00e9e Diversit\u00e9","url":"https:\/\/guineediversite.com\/","logo":{"@type":"ImageObject","inLanguage":"fr-FR","@id":"https:\/\/guineediversite.com\/#\/schema\/logo\/image\/","url":"https:\/\/guineediversite.com\/wp-content\/uploads\/2017\/04\/cropped-1jojlxEOMkX9Wyqfhe43D6kjPOGqBBKmx3EwWJqZ0cMrFF54yM49.png","contentUrl":"https:\/\/guineediversite.com\/wp-content\/uploads\/2017\/04\/cropped-1jojlxEOMkX9Wyqfhe43D6kjPOGqBBKmx3EwWJqZ0cMrFF54yM49.png","width":186,"height":112,"caption":"Guin\u00e9e Diversit\u00e9"},"image":{"@id":"https:\/\/guineediversite.com\/#\/schema\/logo\/image\/"},"sameAs":["https:\/\/www.facebook.com\/guineediversite\/","https:\/\/x.com\/GuineeDiversite","https:\/\/www.youtube.com\/channel\/UC8sUY16qelG5ge6_D5SB83g"]},{"@type":"Person","@id":"https:\/\/guineediversite.com\/#\/schema\/person\/afa08fb34e7fc6e1feafc892612bc836","name":"Guin\u00e9e Diversit\u00e9","image":{"@type":"ImageObject","inLanguage":"fr-FR","@id":"https:\/\/guineediversite.com\/#\/schema\/person\/image\/","url":"https:\/\/secure.gravatar.com\/avatar\/50d5eb5b390f8b65ac30ac6f898eb83a?s=96&d=mm&r=g","contentUrl":"https:\/\/secure.gravatar.com\/avatar\/50d5eb5b390f8b65ac30ac6f898eb83a?s=96&d=mm&r=g","caption":"Guin\u00e9e Diversit\u00e9"},"url":"https:\/\/guineediversite.com\/index.php\/author\/guineediversite\/"}]}},"_links":{"self":[{"href":"https:\/\/guineediversite.com\/index.php\/wp-json\/wp\/v2\/posts\/16492"}],"collection":[{"href":"https:\/\/guineediversite.com\/index.php\/wp-json\/wp\/v2\/posts"}],"about":[{"href":"https:\/\/guineediversite.com\/index.php\/wp-json\/wp\/v2\/types\/post"}],"author":[{"embeddable":true,"href":"https:\/\/guineediversite.com\/index.php\/wp-json\/wp\/v2\/users\/12"}],"replies":[{"embeddable":true,"href":"https:\/\/guineediversite.com\/index.php\/wp-json\/wp\/v2\/comments?post=16492"}],"version-history":[{"count":0,"href":"https:\/\/guineediversite.com\/index.php\/wp-json\/wp\/v2\/posts\/16492\/revisions"}],"wp:attachment":[{"href":"https:\/\/guineediversite.com\/index.php\/wp-json\/wp\/v2\/media?parent=16492"}],"wp:term":[{"taxonomy":"category","embeddable":true,"href":"https:\/\/guineediversite.com\/index.php\/wp-json\/wp\/v2\/categories?post=16492"},{"taxonomy":"post_tag","embeddable":true,"href":"https:\/\/guineediversite.com\/index.php\/wp-json\/wp\/v2\/tags?post=16492"}],"curies":[{"name":"wp","href":"https:\/\/api.w.org\/{rel}","templated":true}]}}