{"id":16488,"date":"2014-03-15T00:00:00","date_gmt":"2014-03-14T23:00:00","guid":{"rendered":"https:\/\/www.guineediversite.com\/index.php\/2014\/03\/15\/150314lepidemie-qui-sevit-a-macenta-continue-de-faire-des-victimes-et-gagne-la-prefecture-de-gueckedou-2\/"},"modified":"2014-03-15T00:00:00","modified_gmt":"2014-03-14T23:00:00","slug":"150314lepidemie-qui-sevit-a-macenta-continue-de-faire-des-victimes-et-gagne-la-prefecture-de-gueckedou-2","status":"publish","type":"post","link":"https:\/\/guineediversite.com\/index.php\/2014\/03\/15\/150314lepidemie-qui-sevit-a-macenta-continue-de-faire-des-victimes-et-gagne-la-prefecture-de-gueckedou-2\/","title":{"rendered":"15\/03\/14\nL\u2019\u00e9pid\u00e9mie qui s\u00e9vit \u00e0 Macenta continue de faire des victimes et gagne la pr\u00e9fecture de Gueckedou"},"content":{"rendered":"<p>Depuis mercredi  12 mars 2014  huit personnes soufrant de cette maladie encore non identifi\u00e9e  ont \u00e9t\u00e9 re\u00e7ues \u00e0 l\u2019h\u00f4pital pr\u00e9fectoral de Gueckedou. Malgr\u00e9 la  collaboration  entre les m\u00e9decins de l\u2019h\u00f4pital et les travailleurs de l&rsquo;ONG m\u00e9decin sans fronti\u00e8re suisse  pour donner des soins intenses aux patients,  deux parmi eux ont rendu l\u2019\u00e2me. Il s&rsquo;agit d&rsquo;un enfant  de moins de 5 ans d\u00e9c\u00e9d\u00e9 le jeudi 13 mars et un autre jeune  de 18 ans d\u00e9c\u00e9d\u00e9 le lendemain \u00e0 l\u2019h\u00f4pital. <\/p>\n<p>Face \u00e0 cette pathologie, le personnel sanitaire est appel\u00e9 \u00e0 rechercher la cause afin de juguler ce mal.<br \/>\nApr\u00e8s des cris d&rsquo;alarme lanc\u00e9s par les autorit\u00e9s du district sanitaire de Gueckedou une \u00e9quipe du minist\u00e8re de la sant\u00e9 et de l\u2019hygi\u00e8ne publique est attendue sur les lieux pour une synergie d&rsquo;action afin d&rsquo;identifier l&rsquo;agent causal de la maladie et \u00e9ventuellement trouver un m\u00e9dicament.<\/p>\n<p>En attendant, les autorit\u00e9s privil\u00e9gient la sensibilisation \u00e0 travers la radio rurale. Il est directement demand\u00e9 \u00e0 toute personne  souffrant de diarrh\u00e9e et de vomissement  avec ou sans fi\u00e8vre accompagn\u00e9e d\u2019h\u00e9morragie buccale, anale, nasale et auriculaire, de se rendre  \u00e0 l\u2019h\u00f4pital pour une \u00e9ventuelle prise en charge.<br \/>\nNous y reviendrons<\/p>\n<p>L&rsquo;EMIR<br \/>\n664858638<\/p>\n","protected":false},"excerpt":{"rendered":"<p>Depuis mercredi 12 mars 2014 huit personnes soufrant de cette maladie encore non identifi\u00e9e ont \u00e9t\u00e9 re\u00e7ues \u00e0 l\u2019h\u00f4pital pr\u00e9fectoral de Gueckedou. Malgr\u00e9 la collaboration entre les m\u00e9decins de l\u2019h\u00f4pital et les travailleurs de l&rsquo;ONG m\u00e9decin sans fronti\u00e8re suisse pour donner des soins intenses aux patients, deux parmi eux ont rendu l\u2019\u00e2me. Il s&rsquo;agit d&rsquo;un [&hellip;]<\/p>\n","protected":false},"author":12,"featured_media":0,"comment_status":"open","ping_status":"open","sticky":false,"template":"","format":"standard","meta":{"_exactmetrics_skip_tracking":false,"_exactmetrics_sitenote_active":false,"_exactmetrics_sitenote_note":"","_exactmetrics_sitenote_category":0,"tdm_status":"","tdm_grid_status":"","footnotes":""},"categories":[28],"tags":[],"class_list":{"0":"post-16488","1":"post","2":"type-post","3":"status-publish","4":"format-standard","6":"category-archives"},"yoast_head":"<!-- This site is optimized with the Yoast SEO plugin v24.2 - https:\/\/yoast.com\/wordpress\/plugins\/seo\/ -->\n<title>15\/03\/14 L\u2019\u00e9pid\u00e9mie qui s\u00e9vit \u00e0 Macenta continue de faire des victimes et gagne la pr\u00e9fecture de Gueckedou | Guin\u00e9e Diversit\u00e9<\/title>\n<meta name=\"robots\" content=\"index, follow, max-snippet:-1, max-image-preview:large, max-video-preview:-1\" \/>\n<link rel=\"canonical\" href=\"https:\/\/guineediversite.com\/index.php\/2014\/03\/15\/150314lepidemie-qui-sevit-a-macenta-continue-de-faire-des-victimes-et-gagne-la-prefecture-de-gueckedou-2\/\" \/>\n<meta property=\"og:locale\" content=\"fr_FR\" \/>\n<meta property=\"og:type\" content=\"article\" \/>\n<meta property=\"og:title\" content=\"15\/03\/14 L\u2019\u00e9pid\u00e9mie qui s\u00e9vit \u00e0 Macenta continue de faire des victimes et gagne la pr\u00e9fecture de Gueckedou | Guin\u00e9e Diversit\u00e9\" \/>\n<meta property=\"og:description\" content=\"Depuis mercredi 12 mars 2014 huit personnes soufrant de cette maladie encore non identifi\u00e9e ont \u00e9t\u00e9 re\u00e7ues \u00e0 l\u2019h\u00f4pital pr\u00e9fectoral de Gueckedou. Malgr\u00e9 la collaboration entre les m\u00e9decins de l\u2019h\u00f4pital et les travailleurs de l&rsquo;ONG m\u00e9decin sans fronti\u00e8re suisse pour donner des soins intenses aux patients, deux parmi eux ont rendu l\u2019\u00e2me. Il s&rsquo;agit d&rsquo;un [&hellip;]\" \/>\n<meta property=\"og:url\" content=\"https:\/\/guineediversite.com\/index.php\/2014\/03\/15\/150314lepidemie-qui-sevit-a-macenta-continue-de-faire-des-victimes-et-gagne-la-prefecture-de-gueckedou-2\/\" \/>\n<meta property=\"og:site_name\" content=\"Guin\u00e9e Diversit\u00e9\" \/>\n<meta property=\"article:publisher\" content=\"https:\/\/www.facebook.com\/guineediversite\/\" \/>\n<meta property=\"article:published_time\" content=\"2014-03-14T23:00:00+00:00\" \/>\n<meta name=\"author\" content=\"Guin\u00e9e Diversit\u00e9\" \/>\n<meta name=\"twitter:card\" content=\"summary_large_image\" \/>\n<meta name=\"twitter:creator\" content=\"@GuineeDiversite\" \/>\n<meta name=\"twitter:site\" content=\"@GuineeDiversite\" \/>\n<meta name=\"twitter:label1\" content=\"\u00c9crit par\" \/>\n\t<meta name=\"twitter:data1\" content=\"Guin\u00e9e Diversit\u00e9\" \/>\n\t<meta name=\"twitter:label2\" content=\"Dur\u00e9e de lecture estim\u00e9e\" \/>\n\t<meta name=\"twitter:data2\" content=\"1 minute\" \/>\n<script type=\"application\/ld+json\" class=\"yoast-schema-graph\">{\"@context\":\"https:\/\/schema.org\",\"@graph\":[{\"@type\":\"Article\",\"@id\":\"https:\/\/guineediversite.com\/index.php\/2014\/03\/15\/150314lepidemie-qui-sevit-a-macenta-continue-de-faire-des-victimes-et-gagne-la-prefecture-de-gueckedou-2\/#article\",\"isPartOf\":{\"@id\":\"https:\/\/guineediversite.com\/index.php\/2014\/03\/15\/150314lepidemie-qui-sevit-a-macenta-continue-de-faire-des-victimes-et-gagne-la-prefecture-de-gueckedou-2\/\"},\"author\":{\"name\":\"Guin\u00e9e Diversit\u00e9\",\"@id\":\"https:\/\/guineediversite.com\/#\/schema\/person\/afa08fb34e7fc6e1feafc892612bc836\"},\"headline\":\"15\/03\/14 L\u2019\u00e9pid\u00e9mie qui s\u00e9vit \u00e0 Macenta continue de faire des victimes et gagne la pr\u00e9fecture de Gueckedou\",\"datePublished\":\"2014-03-14T23:00:00+00:00\",\"dateModified\":\"2014-03-14T23:00:00+00:00\",\"mainEntityOfPage\":{\"@id\":\"https:\/\/guineediversite.com\/index.php\/2014\/03\/15\/150314lepidemie-qui-sevit-a-macenta-continue-de-faire-des-victimes-et-gagne-la-prefecture-de-gueckedou-2\/\"},\"wordCount\":240,\"commentCount\":0,\"publisher\":{\"@id\":\"https:\/\/guineediversite.com\/#organization\"},\"articleSection\":[\"Archives\"],\"inLanguage\":\"fr-FR\",\"potentialAction\":[{\"@type\":\"CommentAction\",\"name\":\"Comment\",\"target\":[\"https:\/\/guineediversite.com\/index.php\/2014\/03\/15\/150314lepidemie-qui-sevit-a-macenta-continue-de-faire-des-victimes-et-gagne-la-prefecture-de-gueckedou-2\/#respond\"]}]},{\"@type\":\"WebPage\",\"@id\":\"https:\/\/guineediversite.com\/index.php\/2014\/03\/15\/150314lepidemie-qui-sevit-a-macenta-continue-de-faire-des-victimes-et-gagne-la-prefecture-de-gueckedou-2\/\",\"url\":\"https:\/\/guineediversite.com\/index.php\/2014\/03\/15\/150314lepidemie-qui-sevit-a-macenta-continue-de-faire-des-victimes-et-gagne-la-prefecture-de-gueckedou-2\/\",\"name\":\"15\/03\/14 L\u2019\u00e9pid\u00e9mie qui s\u00e9vit \u00e0 Macenta continue de faire des victimes et gagne la pr\u00e9fecture de Gueckedou | Guin\u00e9e Diversit\u00e9\",\"isPartOf\":{\"@id\":\"https:\/\/guineediversite.com\/#website\"},\"datePublished\":\"2014-03-14T23:00:00+00:00\",\"dateModified\":\"2014-03-14T23:00:00+00:00\",\"breadcrumb\":{\"@id\":\"https:\/\/guineediversite.com\/index.php\/2014\/03\/15\/150314lepidemie-qui-sevit-a-macenta-continue-de-faire-des-victimes-et-gagne-la-prefecture-de-gueckedou-2\/#breadcrumb\"},\"inLanguage\":\"fr-FR\",\"potentialAction\":[{\"@type\":\"ReadAction\",\"target\":[\"https:\/\/guineediversite.com\/index.php\/2014\/03\/15\/150314lepidemie-qui-sevit-a-macenta-continue-de-faire-des-victimes-et-gagne-la-prefecture-de-gueckedou-2\/\"]}]},{\"@type\":\"BreadcrumbList\",\"@id\":\"https:\/\/guineediversite.com\/index.php\/2014\/03\/15\/150314lepidemie-qui-sevit-a-macenta-continue-de-faire-des-victimes-et-gagne-la-prefecture-de-gueckedou-2\/#breadcrumb\",\"itemListElement\":[{\"@type\":\"ListItem\",\"position\":1,\"name\":\"Accueil\",\"item\":\"https:\/\/guineediversite.com\/\"},{\"@type\":\"ListItem\",\"position\":2,\"name\":\"15\/03\/14 L\u2019\u00e9pid\u00e9mie qui s\u00e9vit \u00e0 Macenta continue de faire des victimes et gagne la pr\u00e9fecture de Gueckedou\"}]},{\"@type\":\"WebSite\",\"@id\":\"https:\/\/guineediversite.com\/#website\",\"url\":\"https:\/\/guineediversite.com\/\",\"name\":\"Guin\u00e9e Diversit\u00e9\",\"description\":\"L&#039;Info dans toute sa diversit\u00e9\",\"publisher\":{\"@id\":\"https:\/\/guineediversite.com\/#organization\"},\"potentialAction\":[{\"@type\":\"SearchAction\",\"target\":{\"@type\":\"EntryPoint\",\"urlTemplate\":\"https:\/\/guineediversite.com\/?s={search_term_string}\"},\"query-input\":{\"@type\":\"PropertyValueSpecification\",\"valueRequired\":true,\"valueName\":\"search_term_string\"}}],\"inLanguage\":\"fr-FR\"},{\"@type\":\"Organization\",\"@id\":\"https:\/\/guineediversite.com\/#organization\",\"name\":\"Guin\u00e9e Diversit\u00e9\",\"url\":\"https:\/\/guineediversite.com\/\",\"logo\":{\"@type\":\"ImageObject\",\"inLanguage\":\"fr-FR\",\"@id\":\"https:\/\/guineediversite.com\/#\/schema\/logo\/image\/\",\"url\":\"https:\/\/guineediversite.com\/wp-content\/uploads\/2017\/04\/cropped-1jojlxEOMkX9Wyqfhe43D6kjPOGqBBKmx3EwWJqZ0cMrFF54yM49.png\",\"contentUrl\":\"https:\/\/guineediversite.com\/wp-content\/uploads\/2017\/04\/cropped-1jojlxEOMkX9Wyqfhe43D6kjPOGqBBKmx3EwWJqZ0cMrFF54yM49.png\",\"width\":186,\"height\":112,\"caption\":\"Guin\u00e9e Diversit\u00e9\"},\"image\":{\"@id\":\"https:\/\/guineediversite.com\/#\/schema\/logo\/image\/\"},\"sameAs\":[\"https:\/\/www.facebook.com\/guineediversite\/\",\"https:\/\/x.com\/GuineeDiversite\",\"https:\/\/www.youtube.com\/channel\/UC8sUY16qelG5ge6_D5SB83g\"]},{\"@type\":\"Person\",\"@id\":\"https:\/\/guineediversite.com\/#\/schema\/person\/afa08fb34e7fc6e1feafc892612bc836\",\"name\":\"Guin\u00e9e Diversit\u00e9\",\"image\":{\"@type\":\"ImageObject\",\"inLanguage\":\"fr-FR\",\"@id\":\"https:\/\/guineediversite.com\/#\/schema\/person\/image\/\",\"url\":\"https:\/\/secure.gravatar.com\/avatar\/50d5eb5b390f8b65ac30ac6f898eb83a?s=96&d=mm&r=g\",\"contentUrl\":\"https:\/\/secure.gravatar.com\/avatar\/50d5eb5b390f8b65ac30ac6f898eb83a?s=96&d=mm&r=g\",\"caption\":\"Guin\u00e9e Diversit\u00e9\"},\"url\":\"https:\/\/guineediversite.com\/index.php\/author\/guineediversite\/\"}]}<\/script>\n<!-- \/ Yoast SEO plugin. -->","yoast_head_json":{"title":"15\/03\/14 L\u2019\u00e9pid\u00e9mie qui s\u00e9vit \u00e0 Macenta continue de faire des victimes et gagne la pr\u00e9fecture de Gueckedou | Guin\u00e9e Diversit\u00e9","robots":{"index":"index","follow":"follow","max-snippet":"max-snippet:-1","max-image-preview":"max-image-preview:large","max-video-preview":"max-video-preview:-1"},"canonical":"https:\/\/guineediversite.com\/index.php\/2014\/03\/15\/150314lepidemie-qui-sevit-a-macenta-continue-de-faire-des-victimes-et-gagne-la-prefecture-de-gueckedou-2\/","og_locale":"fr_FR","og_type":"article","og_title":"15\/03\/14 L\u2019\u00e9pid\u00e9mie qui s\u00e9vit \u00e0 Macenta continue de faire des victimes et gagne la pr\u00e9fecture de Gueckedou | Guin\u00e9e Diversit\u00e9","og_description":"Depuis mercredi 12 mars 2014 huit personnes soufrant de cette maladie encore non identifi\u00e9e ont \u00e9t\u00e9 re\u00e7ues \u00e0 l\u2019h\u00f4pital pr\u00e9fectoral de Gueckedou. Malgr\u00e9 la collaboration entre les m\u00e9decins de l\u2019h\u00f4pital et les travailleurs de l&rsquo;ONG m\u00e9decin sans fronti\u00e8re suisse pour donner des soins intenses aux patients, deux parmi eux ont rendu l\u2019\u00e2me. Il s&rsquo;agit d&rsquo;un [&hellip;]","og_url":"https:\/\/guineediversite.com\/index.php\/2014\/03\/15\/150314lepidemie-qui-sevit-a-macenta-continue-de-faire-des-victimes-et-gagne-la-prefecture-de-gueckedou-2\/","og_site_name":"Guin\u00e9e Diversit\u00e9","article_publisher":"https:\/\/www.facebook.com\/guineediversite\/","article_published_time":"2014-03-14T23:00:00+00:00","author":"Guin\u00e9e Diversit\u00e9","twitter_card":"summary_large_image","twitter_creator":"@GuineeDiversite","twitter_site":"@GuineeDiversite","twitter_misc":{"\u00c9crit par":"Guin\u00e9e Diversit\u00e9","Dur\u00e9e de lecture estim\u00e9e":"1 minute"},"schema":{"@context":"https:\/\/schema.org","@graph":[{"@type":"Article","@id":"https:\/\/guineediversite.com\/index.php\/2014\/03\/15\/150314lepidemie-qui-sevit-a-macenta-continue-de-faire-des-victimes-et-gagne-la-prefecture-de-gueckedou-2\/#article","isPartOf":{"@id":"https:\/\/guineediversite.com\/index.php\/2014\/03\/15\/150314lepidemie-qui-sevit-a-macenta-continue-de-faire-des-victimes-et-gagne-la-prefecture-de-gueckedou-2\/"},"author":{"name":"Guin\u00e9e Diversit\u00e9","@id":"https:\/\/guineediversite.com\/#\/schema\/person\/afa08fb34e7fc6e1feafc892612bc836"},"headline":"15\/03\/14 L\u2019\u00e9pid\u00e9mie qui s\u00e9vit \u00e0 Macenta continue de faire des victimes et gagne la pr\u00e9fecture de Gueckedou","datePublished":"2014-03-14T23:00:00+00:00","dateModified":"2014-03-14T23:00:00+00:00","mainEntityOfPage":{"@id":"https:\/\/guineediversite.com\/index.php\/2014\/03\/15\/150314lepidemie-qui-sevit-a-macenta-continue-de-faire-des-victimes-et-gagne-la-prefecture-de-gueckedou-2\/"},"wordCount":240,"commentCount":0,"publisher":{"@id":"https:\/\/guineediversite.com\/#organization"},"articleSection":["Archives"],"inLanguage":"fr-FR","potentialAction":[{"@type":"CommentAction","name":"Comment","target":["https:\/\/guineediversite.com\/index.php\/2014\/03\/15\/150314lepidemie-qui-sevit-a-macenta-continue-de-faire-des-victimes-et-gagne-la-prefecture-de-gueckedou-2\/#respond"]}]},{"@type":"WebPage","@id":"https:\/\/guineediversite.com\/index.php\/2014\/03\/15\/150314lepidemie-qui-sevit-a-macenta-continue-de-faire-des-victimes-et-gagne-la-prefecture-de-gueckedou-2\/","url":"https:\/\/guineediversite.com\/index.php\/2014\/03\/15\/150314lepidemie-qui-sevit-a-macenta-continue-de-faire-des-victimes-et-gagne-la-prefecture-de-gueckedou-2\/","name":"15\/03\/14 L\u2019\u00e9pid\u00e9mie qui s\u00e9vit \u00e0 Macenta continue de faire des victimes et gagne la pr\u00e9fecture de Gueckedou | Guin\u00e9e Diversit\u00e9","isPartOf":{"@id":"https:\/\/guineediversite.com\/#website"},"datePublished":"2014-03-14T23:00:00+00:00","dateModified":"2014-03-14T23:00:00+00:00","breadcrumb":{"@id":"https:\/\/guineediversite.com\/index.php\/2014\/03\/15\/150314lepidemie-qui-sevit-a-macenta-continue-de-faire-des-victimes-et-gagne-la-prefecture-de-gueckedou-2\/#breadcrumb"},"inLanguage":"fr-FR","potentialAction":[{"@type":"ReadAction","target":["https:\/\/guineediversite.com\/index.php\/2014\/03\/15\/150314lepidemie-qui-sevit-a-macenta-continue-de-faire-des-victimes-et-gagne-la-prefecture-de-gueckedou-2\/"]}]},{"@type":"BreadcrumbList","@id":"https:\/\/guineediversite.com\/index.php\/2014\/03\/15\/150314lepidemie-qui-sevit-a-macenta-continue-de-faire-des-victimes-et-gagne-la-prefecture-de-gueckedou-2\/#breadcrumb","itemListElement":[{"@type":"ListItem","position":1,"name":"Accueil","item":"https:\/\/guineediversite.com\/"},{"@type":"ListItem","position":2,"name":"15\/03\/14 L\u2019\u00e9pid\u00e9mie qui s\u00e9vit \u00e0 Macenta continue de faire des victimes et gagne la pr\u00e9fecture de Gueckedou"}]},{"@type":"WebSite","@id":"https:\/\/guineediversite.com\/#website","url":"https:\/\/guineediversite.com\/","name":"Guin\u00e9e Diversit\u00e9","description":"L&#039;Info dans toute sa diversit\u00e9","publisher":{"@id":"https:\/\/guineediversite.com\/#organization"},"potentialAction":[{"@type":"SearchAction","target":{"@type":"EntryPoint","urlTemplate":"https:\/\/guineediversite.com\/?s={search_term_string}"},"query-input":{"@type":"PropertyValueSpecification","valueRequired":true,"valueName":"search_term_string"}}],"inLanguage":"fr-FR"},{"@type":"Organization","@id":"https:\/\/guineediversite.com\/#organization","name":"Guin\u00e9e Diversit\u00e9","url":"https:\/\/guineediversite.com\/","logo":{"@type":"ImageObject","inLanguage":"fr-FR","@id":"https:\/\/guineediversite.com\/#\/schema\/logo\/image\/","url":"https:\/\/guineediversite.com\/wp-content\/uploads\/2017\/04\/cropped-1jojlxEOMkX9Wyqfhe43D6kjPOGqBBKmx3EwWJqZ0cMrFF54yM49.png","contentUrl":"https:\/\/guineediversite.com\/wp-content\/uploads\/2017\/04\/cropped-1jojlxEOMkX9Wyqfhe43D6kjPOGqBBKmx3EwWJqZ0cMrFF54yM49.png","width":186,"height":112,"caption":"Guin\u00e9e Diversit\u00e9"},"image":{"@id":"https:\/\/guineediversite.com\/#\/schema\/logo\/image\/"},"sameAs":["https:\/\/www.facebook.com\/guineediversite\/","https:\/\/x.com\/GuineeDiversite","https:\/\/www.youtube.com\/channel\/UC8sUY16qelG5ge6_D5SB83g"]},{"@type":"Person","@id":"https:\/\/guineediversite.com\/#\/schema\/person\/afa08fb34e7fc6e1feafc892612bc836","name":"Guin\u00e9e Diversit\u00e9","image":{"@type":"ImageObject","inLanguage":"fr-FR","@id":"https:\/\/guineediversite.com\/#\/schema\/person\/image\/","url":"https:\/\/secure.gravatar.com\/avatar\/50d5eb5b390f8b65ac30ac6f898eb83a?s=96&d=mm&r=g","contentUrl":"https:\/\/secure.gravatar.com\/avatar\/50d5eb5b390f8b65ac30ac6f898eb83a?s=96&d=mm&r=g","caption":"Guin\u00e9e Diversit\u00e9"},"url":"https:\/\/guineediversite.com\/index.php\/author\/guineediversite\/"}]}},"_links":{"self":[{"href":"https:\/\/guineediversite.com\/index.php\/wp-json\/wp\/v2\/posts\/16488"}],"collection":[{"href":"https:\/\/guineediversite.com\/index.php\/wp-json\/wp\/v2\/posts"}],"about":[{"href":"https:\/\/guineediversite.com\/index.php\/wp-json\/wp\/v2\/types\/post"}],"author":[{"embeddable":true,"href":"https:\/\/guineediversite.com\/index.php\/wp-json\/wp\/v2\/users\/12"}],"replies":[{"embeddable":true,"href":"https:\/\/guineediversite.com\/index.php\/wp-json\/wp\/v2\/comments?post=16488"}],"version-history":[{"count":0,"href":"https:\/\/guineediversite.com\/index.php\/wp-json\/wp\/v2\/posts\/16488\/revisions"}],"wp:attachment":[{"href":"https:\/\/guineediversite.com\/index.php\/wp-json\/wp\/v2\/media?parent=16488"}],"wp:term":[{"taxonomy":"category","embeddable":true,"href":"https:\/\/guineediversite.com\/index.php\/wp-json\/wp\/v2\/categories?post=16488"},{"taxonomy":"post_tag","embeddable":true,"href":"https:\/\/guineediversite.com\/index.php\/wp-json\/wp\/v2\/tags?post=16488"}],"curies":[{"name":"wp","href":"https:\/\/api.w.org\/{rel}","templated":true}]}}