{"id":16487,"date":"2014-03-14T00:00:00","date_gmt":"2014-03-13T23:00:00","guid":{"rendered":"https:\/\/www.guineediversite.com\/index.php\/2014\/03\/14\/140314trois-organisations-guineennes-portent-plainte-contre-deux-ministres-en-fonction-et-un-directeur-national-2\/"},"modified":"2014-03-14T00:00:00","modified_gmt":"2014-03-13T23:00:00","slug":"140314trois-organisations-guineennes-portent-plainte-contre-deux-ministres-en-fonction-et-un-directeur-national-2","status":"publish","type":"post","link":"https:\/\/guineediversite.com\/index.php\/2014\/03\/14\/140314trois-organisations-guineennes-portent-plainte-contre-deux-ministres-en-fonction-et-un-directeur-national-2\/","title":{"rendered":"14\/03\/14\nTrois organisations guin\u00e9ennes portent plainte contre deux ministres en fonction et un directeur national"},"content":{"rendered":"<p>L\u2019institut de recherche sur la d\u00e9mocratie et l\u2019Etat de droit, le mouvement africain pour la d\u00e9fense des droits de l\u2019homme et de la gouvernance et l\u2019ONG avocat sans fronti\u00e8re Guin\u00e9e ont d\u00e9clar\u00e9 ce vendredi 14 mars 2014 avoir port\u00e9 plainte contre deux ministres guin\u00e9ens et un directeur. Il s\u2019agit de l\u2019ancien ministre des travaux publics et actuel ministre conseill\u00e9 \u00e0 la pr\u00e9sidence Bah Ousmane, l\u2019actuel ministre des travaux publics Mohamed Traor\u00e9, et le directeur national de l\u2019entretien routier Benjamin Sandouno. Ces trois ONG de d\u00e9fense de droit de l\u2019homme accusent ces hauts cadres de complicit\u00e9, abstention d\u00e9lictueuse, faux en \u00e9criture, d\u00e9tournement des derniers publics, trafic d\u2019influence et corruption.<\/p>\n<p>Pour le pr\u00e9sident de l\u2019IRDED, cette plainte fait suite aux surfacturations de certains projets d\u2019entretien routier \u00e0 Conakry, mais aussi \u00e0 l\u2019int\u00e9rieur du pays. Thierno Souleymane Bald\u00e9 soutient que ce d\u00e9tournement n\u2019est  qu\u2019un exemple parmi tant d\u2019autres.<\/p>\n<p>De son cot\u00e9, le pr\u00e9sident de l\u2019AFRDHO a d\u00e9plor\u00e9 le fait que la soci\u00e9t\u00e9 civile \u00e0 travers la justice, ne s\u2019est pas plut\u00f4t saisi du dossier. Face \u00e0 cela donc, Nouha Traor\u00e9 a mis l\u2019occasion \u00e0 profit pour interpeller les autorit\u00e9s judiciaires du pays \u00e0 donner force \u00e0 cette plainte.<br \/>\nAbdoulaye Ciss\u00e9<\/p>\n","protected":false},"excerpt":{"rendered":"<p>L\u2019institut de recherche sur la d\u00e9mocratie et l\u2019Etat de droit, le mouvement africain pour la d\u00e9fense des droits de l\u2019homme et de la gouvernance et l\u2019ONG avocat sans fronti\u00e8re Guin\u00e9e ont d\u00e9clar\u00e9 ce vendredi 14 mars 2014 avoir port\u00e9 plainte contre deux ministres guin\u00e9ens et un directeur. Il s\u2019agit de l\u2019ancien ministre des travaux publics [&hellip;]<\/p>\n","protected":false},"author":12,"featured_media":0,"comment_status":"open","ping_status":"open","sticky":false,"template":"","format":"standard","meta":{"_exactmetrics_skip_tracking":false,"_exactmetrics_sitenote_active":false,"_exactmetrics_sitenote_note":"","_exactmetrics_sitenote_category":0,"tdm_status":"","tdm_grid_status":"","footnotes":""},"categories":[28],"tags":[],"class_list":{"0":"post-16487","1":"post","2":"type-post","3":"status-publish","4":"format-standard","6":"category-archives"},"yoast_head":"<!-- This site is optimized with the Yoast SEO plugin v24.2 - https:\/\/yoast.com\/wordpress\/plugins\/seo\/ -->\n<title>14\/03\/14 Trois organisations guin\u00e9ennes portent plainte contre deux ministres en fonction et un directeur national | Guin\u00e9e Diversit\u00e9<\/title>\n<meta name=\"robots\" content=\"index, follow, max-snippet:-1, max-image-preview:large, max-video-preview:-1\" \/>\n<link rel=\"canonical\" href=\"https:\/\/guineediversite.com\/index.php\/2014\/03\/14\/140314trois-organisations-guineennes-portent-plainte-contre-deux-ministres-en-fonction-et-un-directeur-national-2\/\" \/>\n<meta property=\"og:locale\" content=\"fr_FR\" \/>\n<meta property=\"og:type\" content=\"article\" \/>\n<meta property=\"og:title\" content=\"14\/03\/14 Trois organisations guin\u00e9ennes portent plainte contre deux ministres en fonction et un directeur national | Guin\u00e9e Diversit\u00e9\" \/>\n<meta property=\"og:description\" content=\"L\u2019institut de recherche sur la d\u00e9mocratie et l\u2019Etat de droit, le mouvement africain pour la d\u00e9fense des droits de l\u2019homme et de la gouvernance et l\u2019ONG avocat sans fronti\u00e8re Guin\u00e9e ont d\u00e9clar\u00e9 ce vendredi 14 mars 2014 avoir port\u00e9 plainte contre deux ministres guin\u00e9ens et un directeur. Il s\u2019agit de l\u2019ancien ministre des travaux publics [&hellip;]\" \/>\n<meta property=\"og:url\" content=\"https:\/\/guineediversite.com\/index.php\/2014\/03\/14\/140314trois-organisations-guineennes-portent-plainte-contre-deux-ministres-en-fonction-et-un-directeur-national-2\/\" \/>\n<meta property=\"og:site_name\" content=\"Guin\u00e9e Diversit\u00e9\" \/>\n<meta property=\"article:publisher\" content=\"https:\/\/www.facebook.com\/guineediversite\/\" \/>\n<meta property=\"article:published_time\" content=\"2014-03-13T23:00:00+00:00\" \/>\n<meta name=\"author\" content=\"Guin\u00e9e Diversit\u00e9\" \/>\n<meta name=\"twitter:card\" content=\"summary_large_image\" \/>\n<meta name=\"twitter:creator\" content=\"@GuineeDiversite\" \/>\n<meta name=\"twitter:site\" content=\"@GuineeDiversite\" \/>\n<meta name=\"twitter:label1\" content=\"\u00c9crit par\" \/>\n\t<meta name=\"twitter:data1\" content=\"Guin\u00e9e Diversit\u00e9\" \/>\n\t<meta name=\"twitter:label2\" content=\"Dur\u00e9e de lecture estim\u00e9e\" \/>\n\t<meta name=\"twitter:data2\" content=\"1 minute\" \/>\n<script type=\"application\/ld+json\" class=\"yoast-schema-graph\">{\"@context\":\"https:\/\/schema.org\",\"@graph\":[{\"@type\":\"Article\",\"@id\":\"https:\/\/guineediversite.com\/index.php\/2014\/03\/14\/140314trois-organisations-guineennes-portent-plainte-contre-deux-ministres-en-fonction-et-un-directeur-national-2\/#article\",\"isPartOf\":{\"@id\":\"https:\/\/guineediversite.com\/index.php\/2014\/03\/14\/140314trois-organisations-guineennes-portent-plainte-contre-deux-ministres-en-fonction-et-un-directeur-national-2\/\"},\"author\":{\"name\":\"Guin\u00e9e Diversit\u00e9\",\"@id\":\"https:\/\/guineediversite.com\/#\/schema\/person\/afa08fb34e7fc6e1feafc892612bc836\"},\"headline\":\"14\/03\/14 Trois organisations guin\u00e9ennes portent plainte contre deux ministres en fonction et un directeur national\",\"datePublished\":\"2014-03-13T23:00:00+00:00\",\"dateModified\":\"2014-03-13T23:00:00+00:00\",\"mainEntityOfPage\":{\"@id\":\"https:\/\/guineediversite.com\/index.php\/2014\/03\/14\/140314trois-organisations-guineennes-portent-plainte-contre-deux-ministres-en-fonction-et-un-directeur-national-2\/\"},\"wordCount\":239,\"commentCount\":0,\"publisher\":{\"@id\":\"https:\/\/guineediversite.com\/#organization\"},\"articleSection\":[\"Archives\"],\"inLanguage\":\"fr-FR\",\"potentialAction\":[{\"@type\":\"CommentAction\",\"name\":\"Comment\",\"target\":[\"https:\/\/guineediversite.com\/index.php\/2014\/03\/14\/140314trois-organisations-guineennes-portent-plainte-contre-deux-ministres-en-fonction-et-un-directeur-national-2\/#respond\"]}]},{\"@type\":\"WebPage\",\"@id\":\"https:\/\/guineediversite.com\/index.php\/2014\/03\/14\/140314trois-organisations-guineennes-portent-plainte-contre-deux-ministres-en-fonction-et-un-directeur-national-2\/\",\"url\":\"https:\/\/guineediversite.com\/index.php\/2014\/03\/14\/140314trois-organisations-guineennes-portent-plainte-contre-deux-ministres-en-fonction-et-un-directeur-national-2\/\",\"name\":\"14\/03\/14 Trois organisations guin\u00e9ennes portent plainte contre deux ministres en fonction et un directeur national | Guin\u00e9e Diversit\u00e9\",\"isPartOf\":{\"@id\":\"https:\/\/guineediversite.com\/#website\"},\"datePublished\":\"2014-03-13T23:00:00+00:00\",\"dateModified\":\"2014-03-13T23:00:00+00:00\",\"breadcrumb\":{\"@id\":\"https:\/\/guineediversite.com\/index.php\/2014\/03\/14\/140314trois-organisations-guineennes-portent-plainte-contre-deux-ministres-en-fonction-et-un-directeur-national-2\/#breadcrumb\"},\"inLanguage\":\"fr-FR\",\"potentialAction\":[{\"@type\":\"ReadAction\",\"target\":[\"https:\/\/guineediversite.com\/index.php\/2014\/03\/14\/140314trois-organisations-guineennes-portent-plainte-contre-deux-ministres-en-fonction-et-un-directeur-national-2\/\"]}]},{\"@type\":\"BreadcrumbList\",\"@id\":\"https:\/\/guineediversite.com\/index.php\/2014\/03\/14\/140314trois-organisations-guineennes-portent-plainte-contre-deux-ministres-en-fonction-et-un-directeur-national-2\/#breadcrumb\",\"itemListElement\":[{\"@type\":\"ListItem\",\"position\":1,\"name\":\"Accueil\",\"item\":\"https:\/\/guineediversite.com\/\"},{\"@type\":\"ListItem\",\"position\":2,\"name\":\"14\/03\/14 Trois organisations guin\u00e9ennes portent plainte contre deux ministres en fonction et un directeur national\"}]},{\"@type\":\"WebSite\",\"@id\":\"https:\/\/guineediversite.com\/#website\",\"url\":\"https:\/\/guineediversite.com\/\",\"name\":\"Guin\u00e9e Diversit\u00e9\",\"description\":\"L&#039;Info dans toute sa diversit\u00e9\",\"publisher\":{\"@id\":\"https:\/\/guineediversite.com\/#organization\"},\"potentialAction\":[{\"@type\":\"SearchAction\",\"target\":{\"@type\":\"EntryPoint\",\"urlTemplate\":\"https:\/\/guineediversite.com\/?s={search_term_string}\"},\"query-input\":{\"@type\":\"PropertyValueSpecification\",\"valueRequired\":true,\"valueName\":\"search_term_string\"}}],\"inLanguage\":\"fr-FR\"},{\"@type\":\"Organization\",\"@id\":\"https:\/\/guineediversite.com\/#organization\",\"name\":\"Guin\u00e9e Diversit\u00e9\",\"url\":\"https:\/\/guineediversite.com\/\",\"logo\":{\"@type\":\"ImageObject\",\"inLanguage\":\"fr-FR\",\"@id\":\"https:\/\/guineediversite.com\/#\/schema\/logo\/image\/\",\"url\":\"https:\/\/guineediversite.com\/wp-content\/uploads\/2017\/04\/cropped-1jojlxEOMkX9Wyqfhe43D6kjPOGqBBKmx3EwWJqZ0cMrFF54yM49.png\",\"contentUrl\":\"https:\/\/guineediversite.com\/wp-content\/uploads\/2017\/04\/cropped-1jojlxEOMkX9Wyqfhe43D6kjPOGqBBKmx3EwWJqZ0cMrFF54yM49.png\",\"width\":186,\"height\":112,\"caption\":\"Guin\u00e9e Diversit\u00e9\"},\"image\":{\"@id\":\"https:\/\/guineediversite.com\/#\/schema\/logo\/image\/\"},\"sameAs\":[\"https:\/\/www.facebook.com\/guineediversite\/\",\"https:\/\/x.com\/GuineeDiversite\",\"https:\/\/www.youtube.com\/channel\/UC8sUY16qelG5ge6_D5SB83g\"]},{\"@type\":\"Person\",\"@id\":\"https:\/\/guineediversite.com\/#\/schema\/person\/afa08fb34e7fc6e1feafc892612bc836\",\"name\":\"Guin\u00e9e Diversit\u00e9\",\"image\":{\"@type\":\"ImageObject\",\"inLanguage\":\"fr-FR\",\"@id\":\"https:\/\/guineediversite.com\/#\/schema\/person\/image\/\",\"url\":\"https:\/\/secure.gravatar.com\/avatar\/50d5eb5b390f8b65ac30ac6f898eb83a?s=96&d=mm&r=g\",\"contentUrl\":\"https:\/\/secure.gravatar.com\/avatar\/50d5eb5b390f8b65ac30ac6f898eb83a?s=96&d=mm&r=g\",\"caption\":\"Guin\u00e9e Diversit\u00e9\"},\"url\":\"https:\/\/guineediversite.com\/index.php\/author\/guineediversite\/\"}]}<\/script>\n<!-- \/ Yoast SEO plugin. -->","yoast_head_json":{"title":"14\/03\/14 Trois organisations guin\u00e9ennes portent plainte contre deux ministres en fonction et un directeur national | Guin\u00e9e Diversit\u00e9","robots":{"index":"index","follow":"follow","max-snippet":"max-snippet:-1","max-image-preview":"max-image-preview:large","max-video-preview":"max-video-preview:-1"},"canonical":"https:\/\/guineediversite.com\/index.php\/2014\/03\/14\/140314trois-organisations-guineennes-portent-plainte-contre-deux-ministres-en-fonction-et-un-directeur-national-2\/","og_locale":"fr_FR","og_type":"article","og_title":"14\/03\/14 Trois organisations guin\u00e9ennes portent plainte contre deux ministres en fonction et un directeur national | Guin\u00e9e Diversit\u00e9","og_description":"L\u2019institut de recherche sur la d\u00e9mocratie et l\u2019Etat de droit, le mouvement africain pour la d\u00e9fense des droits de l\u2019homme et de la gouvernance et l\u2019ONG avocat sans fronti\u00e8re Guin\u00e9e ont d\u00e9clar\u00e9 ce vendredi 14 mars 2014 avoir port\u00e9 plainte contre deux ministres guin\u00e9ens et un directeur. Il s\u2019agit de l\u2019ancien ministre des travaux publics [&hellip;]","og_url":"https:\/\/guineediversite.com\/index.php\/2014\/03\/14\/140314trois-organisations-guineennes-portent-plainte-contre-deux-ministres-en-fonction-et-un-directeur-national-2\/","og_site_name":"Guin\u00e9e Diversit\u00e9","article_publisher":"https:\/\/www.facebook.com\/guineediversite\/","article_published_time":"2014-03-13T23:00:00+00:00","author":"Guin\u00e9e Diversit\u00e9","twitter_card":"summary_large_image","twitter_creator":"@GuineeDiversite","twitter_site":"@GuineeDiversite","twitter_misc":{"\u00c9crit par":"Guin\u00e9e Diversit\u00e9","Dur\u00e9e de lecture estim\u00e9e":"1 minute"},"schema":{"@context":"https:\/\/schema.org","@graph":[{"@type":"Article","@id":"https:\/\/guineediversite.com\/index.php\/2014\/03\/14\/140314trois-organisations-guineennes-portent-plainte-contre-deux-ministres-en-fonction-et-un-directeur-national-2\/#article","isPartOf":{"@id":"https:\/\/guineediversite.com\/index.php\/2014\/03\/14\/140314trois-organisations-guineennes-portent-plainte-contre-deux-ministres-en-fonction-et-un-directeur-national-2\/"},"author":{"name":"Guin\u00e9e Diversit\u00e9","@id":"https:\/\/guineediversite.com\/#\/schema\/person\/afa08fb34e7fc6e1feafc892612bc836"},"headline":"14\/03\/14 Trois organisations guin\u00e9ennes portent plainte contre deux ministres en fonction et un directeur national","datePublished":"2014-03-13T23:00:00+00:00","dateModified":"2014-03-13T23:00:00+00:00","mainEntityOfPage":{"@id":"https:\/\/guineediversite.com\/index.php\/2014\/03\/14\/140314trois-organisations-guineennes-portent-plainte-contre-deux-ministres-en-fonction-et-un-directeur-national-2\/"},"wordCount":239,"commentCount":0,"publisher":{"@id":"https:\/\/guineediversite.com\/#organization"},"articleSection":["Archives"],"inLanguage":"fr-FR","potentialAction":[{"@type":"CommentAction","name":"Comment","target":["https:\/\/guineediversite.com\/index.php\/2014\/03\/14\/140314trois-organisations-guineennes-portent-plainte-contre-deux-ministres-en-fonction-et-un-directeur-national-2\/#respond"]}]},{"@type":"WebPage","@id":"https:\/\/guineediversite.com\/index.php\/2014\/03\/14\/140314trois-organisations-guineennes-portent-plainte-contre-deux-ministres-en-fonction-et-un-directeur-national-2\/","url":"https:\/\/guineediversite.com\/index.php\/2014\/03\/14\/140314trois-organisations-guineennes-portent-plainte-contre-deux-ministres-en-fonction-et-un-directeur-national-2\/","name":"14\/03\/14 Trois organisations guin\u00e9ennes portent plainte contre deux ministres en fonction et un directeur national | Guin\u00e9e Diversit\u00e9","isPartOf":{"@id":"https:\/\/guineediversite.com\/#website"},"datePublished":"2014-03-13T23:00:00+00:00","dateModified":"2014-03-13T23:00:00+00:00","breadcrumb":{"@id":"https:\/\/guineediversite.com\/index.php\/2014\/03\/14\/140314trois-organisations-guineennes-portent-plainte-contre-deux-ministres-en-fonction-et-un-directeur-national-2\/#breadcrumb"},"inLanguage":"fr-FR","potentialAction":[{"@type":"ReadAction","target":["https:\/\/guineediversite.com\/index.php\/2014\/03\/14\/140314trois-organisations-guineennes-portent-plainte-contre-deux-ministres-en-fonction-et-un-directeur-national-2\/"]}]},{"@type":"BreadcrumbList","@id":"https:\/\/guineediversite.com\/index.php\/2014\/03\/14\/140314trois-organisations-guineennes-portent-plainte-contre-deux-ministres-en-fonction-et-un-directeur-national-2\/#breadcrumb","itemListElement":[{"@type":"ListItem","position":1,"name":"Accueil","item":"https:\/\/guineediversite.com\/"},{"@type":"ListItem","position":2,"name":"14\/03\/14 Trois organisations guin\u00e9ennes portent plainte contre deux ministres en fonction et un directeur national"}]},{"@type":"WebSite","@id":"https:\/\/guineediversite.com\/#website","url":"https:\/\/guineediversite.com\/","name":"Guin\u00e9e Diversit\u00e9","description":"L&#039;Info dans toute sa diversit\u00e9","publisher":{"@id":"https:\/\/guineediversite.com\/#organization"},"potentialAction":[{"@type":"SearchAction","target":{"@type":"EntryPoint","urlTemplate":"https:\/\/guineediversite.com\/?s={search_term_string}"},"query-input":{"@type":"PropertyValueSpecification","valueRequired":true,"valueName":"search_term_string"}}],"inLanguage":"fr-FR"},{"@type":"Organization","@id":"https:\/\/guineediversite.com\/#organization","name":"Guin\u00e9e Diversit\u00e9","url":"https:\/\/guineediversite.com\/","logo":{"@type":"ImageObject","inLanguage":"fr-FR","@id":"https:\/\/guineediversite.com\/#\/schema\/logo\/image\/","url":"https:\/\/guineediversite.com\/wp-content\/uploads\/2017\/04\/cropped-1jojlxEOMkX9Wyqfhe43D6kjPOGqBBKmx3EwWJqZ0cMrFF54yM49.png","contentUrl":"https:\/\/guineediversite.com\/wp-content\/uploads\/2017\/04\/cropped-1jojlxEOMkX9Wyqfhe43D6kjPOGqBBKmx3EwWJqZ0cMrFF54yM49.png","width":186,"height":112,"caption":"Guin\u00e9e Diversit\u00e9"},"image":{"@id":"https:\/\/guineediversite.com\/#\/schema\/logo\/image\/"},"sameAs":["https:\/\/www.facebook.com\/guineediversite\/","https:\/\/x.com\/GuineeDiversite","https:\/\/www.youtube.com\/channel\/UC8sUY16qelG5ge6_D5SB83g"]},{"@type":"Person","@id":"https:\/\/guineediversite.com\/#\/schema\/person\/afa08fb34e7fc6e1feafc892612bc836","name":"Guin\u00e9e Diversit\u00e9","image":{"@type":"ImageObject","inLanguage":"fr-FR","@id":"https:\/\/guineediversite.com\/#\/schema\/person\/image\/","url":"https:\/\/secure.gravatar.com\/avatar\/50d5eb5b390f8b65ac30ac6f898eb83a?s=96&d=mm&r=g","contentUrl":"https:\/\/secure.gravatar.com\/avatar\/50d5eb5b390f8b65ac30ac6f898eb83a?s=96&d=mm&r=g","caption":"Guin\u00e9e Diversit\u00e9"},"url":"https:\/\/guineediversite.com\/index.php\/author\/guineediversite\/"}]}},"_links":{"self":[{"href":"https:\/\/guineediversite.com\/index.php\/wp-json\/wp\/v2\/posts\/16487"}],"collection":[{"href":"https:\/\/guineediversite.com\/index.php\/wp-json\/wp\/v2\/posts"}],"about":[{"href":"https:\/\/guineediversite.com\/index.php\/wp-json\/wp\/v2\/types\/post"}],"author":[{"embeddable":true,"href":"https:\/\/guineediversite.com\/index.php\/wp-json\/wp\/v2\/users\/12"}],"replies":[{"embeddable":true,"href":"https:\/\/guineediversite.com\/index.php\/wp-json\/wp\/v2\/comments?post=16487"}],"version-history":[{"count":0,"href":"https:\/\/guineediversite.com\/index.php\/wp-json\/wp\/v2\/posts\/16487\/revisions"}],"wp:attachment":[{"href":"https:\/\/guineediversite.com\/index.php\/wp-json\/wp\/v2\/media?parent=16487"}],"wp:term":[{"taxonomy":"category","embeddable":true,"href":"https:\/\/guineediversite.com\/index.php\/wp-json\/wp\/v2\/categories?post=16487"},{"taxonomy":"post_tag","embeddable":true,"href":"https:\/\/guineediversite.com\/index.php\/wp-json\/wp\/v2\/tags?post=16487"}],"curies":[{"name":"wp","href":"https:\/\/api.w.org\/{rel}","templated":true}]}}