{"id":16481,"date":"2014-03-14T00:00:00","date_gmt":"2014-03-13T23:00:00","guid":{"rendered":"https:\/\/www.guineediversite.com\/index.php\/2014\/03\/14\/140314association-des-victimes-du-camp-boiro-nouveau-bureau-nouvelle-plate-forme-revendicative-2\/"},"modified":"2014-03-14T00:00:00","modified_gmt":"2014-03-13T23:00:00","slug":"140314association-des-victimes-du-camp-boiro-nouveau-bureau-nouvelle-plate-forme-revendicative-2","status":"publish","type":"post","link":"https:\/\/guineediversite.com\/index.php\/2014\/03\/14\/140314association-des-victimes-du-camp-boiro-nouveau-bureau-nouvelle-plate-forme-revendicative-2\/","title":{"rendered":"14\/03\/14\nAssociation des victimes du camp Boiro : nouveau bureau, nouvelle plate-forme revendicative"},"content":{"rendered":"<p>L\u2019association des victimes du camp Boiro \u00e9tait devant les medias jeudi 13 mars \u00e0 la maison de la presse de Col\u00e9ah. L\u2019objectif \u00e9tait de pr\u00e9senter sa plate-forme revendicative et le nouveau bureau de l\u2019association.<br \/>\nSelon Alpha Oumar Telly Diallo, vice pr\u00e9sident de cette organisation, l\u2019association a d\u00e9j\u00e0 r\u00e9alis\u00e9 plusieurs actions qui sont entre autre : la v\u00e9rit\u00e9 sur le sort des disparus et la d\u00e9livrance d\u2019un certificat de d\u00e9c\u00e8s, la prise en charge sanitaire des rescap\u00e9s par les nations unies et la restitution des biens saisis, la comm\u00e9moration de certaines dates symboliques (25 janvier 1971, 18 octobre 1971) pour conserver le souvenir des martyrs dans la m\u00e9moire collective, le classement du r\u00e9gime Ahmed S\u00e9kou Tour\u00e9 comme un r\u00e9gime qui a viol\u00e9 syst\u00e9miquement les droits de l\u2019homme avec une \u00e9valuation de 50.000 victimes par Amnesty International, le d\u00e9classement de la partie carc\u00e9rale du Camp Boiro avec la reconstruction \u00e0 l\u2019identique de \u00ab la t\u00eate de mort \u00bb, la cl\u00f4ture du cimeti\u00e8re de Nongo pour prot\u00e9ger les charniers qui s\u2019y trouvent.<\/p>\n<p>En d\u00e9pit de ces r\u00e9alisations, Alpha Oumar Telly Diallo, indique \u00e9galement que l\u2019association compte participer  \u00e0 tous les combats pour la r\u00e9habilitation des victimes dans leur droit en Guin\u00e9e. Pour ce faire, il a \u00e9num\u00e9r\u00e9 un certains points de revendication de l\u2019association des victimes du camp Boiro. Il s\u2019agit, de la reconnaissance des torts et la justice pour toutes les victimes du syst\u00e8me Ahmed S\u00e9kou Tour\u00e9, la r\u00e9habilitation totale de toutes les familles des victimes, la mise en place d\u2019un processus national de v\u00e9rit\u00e9-justice-R\u00e9conciliation professionnel et efficace avec un calendrier pr\u00e9cis des actions.<\/p>\n<p>Ciss\u00e9 Ablaye<\/p>\n","protected":false},"excerpt":{"rendered":"<p>L\u2019association des victimes du camp Boiro \u00e9tait devant les medias jeudi 13 mars \u00e0 la maison de la presse de Col\u00e9ah. L\u2019objectif \u00e9tait de pr\u00e9senter sa plate-forme revendicative et le nouveau bureau de l\u2019association. Selon Alpha Oumar Telly Diallo, vice pr\u00e9sident de cette organisation, l\u2019association a d\u00e9j\u00e0 r\u00e9alis\u00e9 plusieurs actions qui sont entre autre : [&hellip;]<\/p>\n","protected":false},"author":12,"featured_media":0,"comment_status":"open","ping_status":"open","sticky":false,"template":"","format":"standard","meta":{"_exactmetrics_skip_tracking":false,"_exactmetrics_sitenote_active":false,"_exactmetrics_sitenote_note":"","_exactmetrics_sitenote_category":0,"tdm_status":"","tdm_grid_status":"","footnotes":""},"categories":[28],"tags":[],"class_list":{"0":"post-16481","1":"post","2":"type-post","3":"status-publish","4":"format-standard","6":"category-archives"},"yoast_head":"<!-- This site is optimized with the Yoast SEO plugin v24.2 - https:\/\/yoast.com\/wordpress\/plugins\/seo\/ -->\n<title>14\/03\/14 Association des victimes du camp Boiro : nouveau bureau, nouvelle plate-forme revendicative | Guin\u00e9e Diversit\u00e9<\/title>\n<meta name=\"robots\" content=\"index, follow, max-snippet:-1, max-image-preview:large, max-video-preview:-1\" \/>\n<link rel=\"canonical\" href=\"https:\/\/guineediversite.com\/index.php\/2014\/03\/14\/140314association-des-victimes-du-camp-boiro-nouveau-bureau-nouvelle-plate-forme-revendicative-2\/\" \/>\n<meta property=\"og:locale\" content=\"fr_FR\" \/>\n<meta property=\"og:type\" content=\"article\" \/>\n<meta property=\"og:title\" content=\"14\/03\/14 Association des victimes du camp Boiro : nouveau bureau, nouvelle plate-forme revendicative | Guin\u00e9e Diversit\u00e9\" \/>\n<meta property=\"og:description\" content=\"L\u2019association des victimes du camp Boiro \u00e9tait devant les medias jeudi 13 mars \u00e0 la maison de la presse de Col\u00e9ah. L\u2019objectif \u00e9tait de pr\u00e9senter sa plate-forme revendicative et le nouveau bureau de l\u2019association. Selon Alpha Oumar Telly Diallo, vice pr\u00e9sident de cette organisation, l\u2019association a d\u00e9j\u00e0 r\u00e9alis\u00e9 plusieurs actions qui sont entre autre : [&hellip;]\" \/>\n<meta property=\"og:url\" content=\"https:\/\/guineediversite.com\/index.php\/2014\/03\/14\/140314association-des-victimes-du-camp-boiro-nouveau-bureau-nouvelle-plate-forme-revendicative-2\/\" \/>\n<meta property=\"og:site_name\" content=\"Guin\u00e9e Diversit\u00e9\" \/>\n<meta property=\"article:publisher\" content=\"https:\/\/www.facebook.com\/guineediversite\/\" \/>\n<meta property=\"article:published_time\" content=\"2014-03-13T23:00:00+00:00\" \/>\n<meta name=\"author\" content=\"Guin\u00e9e Diversit\u00e9\" \/>\n<meta name=\"twitter:card\" content=\"summary_large_image\" \/>\n<meta name=\"twitter:creator\" content=\"@GuineeDiversite\" \/>\n<meta name=\"twitter:site\" content=\"@GuineeDiversite\" \/>\n<meta name=\"twitter:label1\" content=\"\u00c9crit par\" \/>\n\t<meta name=\"twitter:data1\" content=\"Guin\u00e9e Diversit\u00e9\" \/>\n\t<meta name=\"twitter:label2\" content=\"Dur\u00e9e de lecture estim\u00e9e\" \/>\n\t<meta name=\"twitter:data2\" content=\"1 minute\" \/>\n<script type=\"application\/ld+json\" class=\"yoast-schema-graph\">{\"@context\":\"https:\/\/schema.org\",\"@graph\":[{\"@type\":\"Article\",\"@id\":\"https:\/\/guineediversite.com\/index.php\/2014\/03\/14\/140314association-des-victimes-du-camp-boiro-nouveau-bureau-nouvelle-plate-forme-revendicative-2\/#article\",\"isPartOf\":{\"@id\":\"https:\/\/guineediversite.com\/index.php\/2014\/03\/14\/140314association-des-victimes-du-camp-boiro-nouveau-bureau-nouvelle-plate-forme-revendicative-2\/\"},\"author\":{\"name\":\"Guin\u00e9e Diversit\u00e9\",\"@id\":\"https:\/\/guineediversite.com\/#\/schema\/person\/afa08fb34e7fc6e1feafc892612bc836\"},\"headline\":\"14\/03\/14 Association des victimes du camp Boiro : nouveau bureau, nouvelle plate-forme revendicative\",\"datePublished\":\"2014-03-13T23:00:00+00:00\",\"dateModified\":\"2014-03-13T23:00:00+00:00\",\"mainEntityOfPage\":{\"@id\":\"https:\/\/guineediversite.com\/index.php\/2014\/03\/14\/140314association-des-victimes-du-camp-boiro-nouveau-bureau-nouvelle-plate-forme-revendicative-2\/\"},\"wordCount\":309,\"commentCount\":0,\"publisher\":{\"@id\":\"https:\/\/guineediversite.com\/#organization\"},\"articleSection\":[\"Archives\"],\"inLanguage\":\"fr-FR\",\"potentialAction\":[{\"@type\":\"CommentAction\",\"name\":\"Comment\",\"target\":[\"https:\/\/guineediversite.com\/index.php\/2014\/03\/14\/140314association-des-victimes-du-camp-boiro-nouveau-bureau-nouvelle-plate-forme-revendicative-2\/#respond\"]}]},{\"@type\":\"WebPage\",\"@id\":\"https:\/\/guineediversite.com\/index.php\/2014\/03\/14\/140314association-des-victimes-du-camp-boiro-nouveau-bureau-nouvelle-plate-forme-revendicative-2\/\",\"url\":\"https:\/\/guineediversite.com\/index.php\/2014\/03\/14\/140314association-des-victimes-du-camp-boiro-nouveau-bureau-nouvelle-plate-forme-revendicative-2\/\",\"name\":\"14\/03\/14 Association des victimes du camp Boiro : nouveau bureau, nouvelle plate-forme revendicative | Guin\u00e9e Diversit\u00e9\",\"isPartOf\":{\"@id\":\"https:\/\/guineediversite.com\/#website\"},\"datePublished\":\"2014-03-13T23:00:00+00:00\",\"dateModified\":\"2014-03-13T23:00:00+00:00\",\"breadcrumb\":{\"@id\":\"https:\/\/guineediversite.com\/index.php\/2014\/03\/14\/140314association-des-victimes-du-camp-boiro-nouveau-bureau-nouvelle-plate-forme-revendicative-2\/#breadcrumb\"},\"inLanguage\":\"fr-FR\",\"potentialAction\":[{\"@type\":\"ReadAction\",\"target\":[\"https:\/\/guineediversite.com\/index.php\/2014\/03\/14\/140314association-des-victimes-du-camp-boiro-nouveau-bureau-nouvelle-plate-forme-revendicative-2\/\"]}]},{\"@type\":\"BreadcrumbList\",\"@id\":\"https:\/\/guineediversite.com\/index.php\/2014\/03\/14\/140314association-des-victimes-du-camp-boiro-nouveau-bureau-nouvelle-plate-forme-revendicative-2\/#breadcrumb\",\"itemListElement\":[{\"@type\":\"ListItem\",\"position\":1,\"name\":\"Accueil\",\"item\":\"https:\/\/guineediversite.com\/\"},{\"@type\":\"ListItem\",\"position\":2,\"name\":\"14\/03\/14 Association des victimes du camp Boiro : nouveau bureau, nouvelle plate-forme revendicative\"}]},{\"@type\":\"WebSite\",\"@id\":\"https:\/\/guineediversite.com\/#website\",\"url\":\"https:\/\/guineediversite.com\/\",\"name\":\"Guin\u00e9e Diversit\u00e9\",\"description\":\"L&#039;Info dans toute sa diversit\u00e9\",\"publisher\":{\"@id\":\"https:\/\/guineediversite.com\/#organization\"},\"potentialAction\":[{\"@type\":\"SearchAction\",\"target\":{\"@type\":\"EntryPoint\",\"urlTemplate\":\"https:\/\/guineediversite.com\/?s={search_term_string}\"},\"query-input\":{\"@type\":\"PropertyValueSpecification\",\"valueRequired\":true,\"valueName\":\"search_term_string\"}}],\"inLanguage\":\"fr-FR\"},{\"@type\":\"Organization\",\"@id\":\"https:\/\/guineediversite.com\/#organization\",\"name\":\"Guin\u00e9e Diversit\u00e9\",\"url\":\"https:\/\/guineediversite.com\/\",\"logo\":{\"@type\":\"ImageObject\",\"inLanguage\":\"fr-FR\",\"@id\":\"https:\/\/guineediversite.com\/#\/schema\/logo\/image\/\",\"url\":\"https:\/\/guineediversite.com\/wp-content\/uploads\/2017\/04\/cropped-1jojlxEOMkX9Wyqfhe43D6kjPOGqBBKmx3EwWJqZ0cMrFF54yM49.png\",\"contentUrl\":\"https:\/\/guineediversite.com\/wp-content\/uploads\/2017\/04\/cropped-1jojlxEOMkX9Wyqfhe43D6kjPOGqBBKmx3EwWJqZ0cMrFF54yM49.png\",\"width\":186,\"height\":112,\"caption\":\"Guin\u00e9e Diversit\u00e9\"},\"image\":{\"@id\":\"https:\/\/guineediversite.com\/#\/schema\/logo\/image\/\"},\"sameAs\":[\"https:\/\/www.facebook.com\/guineediversite\/\",\"https:\/\/x.com\/GuineeDiversite\",\"https:\/\/www.youtube.com\/channel\/UC8sUY16qelG5ge6_D5SB83g\"]},{\"@type\":\"Person\",\"@id\":\"https:\/\/guineediversite.com\/#\/schema\/person\/afa08fb34e7fc6e1feafc892612bc836\",\"name\":\"Guin\u00e9e Diversit\u00e9\",\"image\":{\"@type\":\"ImageObject\",\"inLanguage\":\"fr-FR\",\"@id\":\"https:\/\/guineediversite.com\/#\/schema\/person\/image\/\",\"url\":\"https:\/\/secure.gravatar.com\/avatar\/50d5eb5b390f8b65ac30ac6f898eb83a?s=96&d=mm&r=g\",\"contentUrl\":\"https:\/\/secure.gravatar.com\/avatar\/50d5eb5b390f8b65ac30ac6f898eb83a?s=96&d=mm&r=g\",\"caption\":\"Guin\u00e9e Diversit\u00e9\"},\"url\":\"https:\/\/guineediversite.com\/index.php\/author\/guineediversite\/\"}]}<\/script>\n<!-- \/ Yoast SEO plugin. -->","yoast_head_json":{"title":"14\/03\/14 Association des victimes du camp Boiro : nouveau bureau, nouvelle plate-forme revendicative | Guin\u00e9e Diversit\u00e9","robots":{"index":"index","follow":"follow","max-snippet":"max-snippet:-1","max-image-preview":"max-image-preview:large","max-video-preview":"max-video-preview:-1"},"canonical":"https:\/\/guineediversite.com\/index.php\/2014\/03\/14\/140314association-des-victimes-du-camp-boiro-nouveau-bureau-nouvelle-plate-forme-revendicative-2\/","og_locale":"fr_FR","og_type":"article","og_title":"14\/03\/14 Association des victimes du camp Boiro : nouveau bureau, nouvelle plate-forme revendicative | Guin\u00e9e Diversit\u00e9","og_description":"L\u2019association des victimes du camp Boiro \u00e9tait devant les medias jeudi 13 mars \u00e0 la maison de la presse de Col\u00e9ah. L\u2019objectif \u00e9tait de pr\u00e9senter sa plate-forme revendicative et le nouveau bureau de l\u2019association. Selon Alpha Oumar Telly Diallo, vice pr\u00e9sident de cette organisation, l\u2019association a d\u00e9j\u00e0 r\u00e9alis\u00e9 plusieurs actions qui sont entre autre : [&hellip;]","og_url":"https:\/\/guineediversite.com\/index.php\/2014\/03\/14\/140314association-des-victimes-du-camp-boiro-nouveau-bureau-nouvelle-plate-forme-revendicative-2\/","og_site_name":"Guin\u00e9e Diversit\u00e9","article_publisher":"https:\/\/www.facebook.com\/guineediversite\/","article_published_time":"2014-03-13T23:00:00+00:00","author":"Guin\u00e9e Diversit\u00e9","twitter_card":"summary_large_image","twitter_creator":"@GuineeDiversite","twitter_site":"@GuineeDiversite","twitter_misc":{"\u00c9crit par":"Guin\u00e9e Diversit\u00e9","Dur\u00e9e de lecture estim\u00e9e":"1 minute"},"schema":{"@context":"https:\/\/schema.org","@graph":[{"@type":"Article","@id":"https:\/\/guineediversite.com\/index.php\/2014\/03\/14\/140314association-des-victimes-du-camp-boiro-nouveau-bureau-nouvelle-plate-forme-revendicative-2\/#article","isPartOf":{"@id":"https:\/\/guineediversite.com\/index.php\/2014\/03\/14\/140314association-des-victimes-du-camp-boiro-nouveau-bureau-nouvelle-plate-forme-revendicative-2\/"},"author":{"name":"Guin\u00e9e Diversit\u00e9","@id":"https:\/\/guineediversite.com\/#\/schema\/person\/afa08fb34e7fc6e1feafc892612bc836"},"headline":"14\/03\/14 Association des victimes du camp Boiro : nouveau bureau, nouvelle plate-forme revendicative","datePublished":"2014-03-13T23:00:00+00:00","dateModified":"2014-03-13T23:00:00+00:00","mainEntityOfPage":{"@id":"https:\/\/guineediversite.com\/index.php\/2014\/03\/14\/140314association-des-victimes-du-camp-boiro-nouveau-bureau-nouvelle-plate-forme-revendicative-2\/"},"wordCount":309,"commentCount":0,"publisher":{"@id":"https:\/\/guineediversite.com\/#organization"},"articleSection":["Archives"],"inLanguage":"fr-FR","potentialAction":[{"@type":"CommentAction","name":"Comment","target":["https:\/\/guineediversite.com\/index.php\/2014\/03\/14\/140314association-des-victimes-du-camp-boiro-nouveau-bureau-nouvelle-plate-forme-revendicative-2\/#respond"]}]},{"@type":"WebPage","@id":"https:\/\/guineediversite.com\/index.php\/2014\/03\/14\/140314association-des-victimes-du-camp-boiro-nouveau-bureau-nouvelle-plate-forme-revendicative-2\/","url":"https:\/\/guineediversite.com\/index.php\/2014\/03\/14\/140314association-des-victimes-du-camp-boiro-nouveau-bureau-nouvelle-plate-forme-revendicative-2\/","name":"14\/03\/14 Association des victimes du camp Boiro : nouveau bureau, nouvelle plate-forme revendicative | Guin\u00e9e Diversit\u00e9","isPartOf":{"@id":"https:\/\/guineediversite.com\/#website"},"datePublished":"2014-03-13T23:00:00+00:00","dateModified":"2014-03-13T23:00:00+00:00","breadcrumb":{"@id":"https:\/\/guineediversite.com\/index.php\/2014\/03\/14\/140314association-des-victimes-du-camp-boiro-nouveau-bureau-nouvelle-plate-forme-revendicative-2\/#breadcrumb"},"inLanguage":"fr-FR","potentialAction":[{"@type":"ReadAction","target":["https:\/\/guineediversite.com\/index.php\/2014\/03\/14\/140314association-des-victimes-du-camp-boiro-nouveau-bureau-nouvelle-plate-forme-revendicative-2\/"]}]},{"@type":"BreadcrumbList","@id":"https:\/\/guineediversite.com\/index.php\/2014\/03\/14\/140314association-des-victimes-du-camp-boiro-nouveau-bureau-nouvelle-plate-forme-revendicative-2\/#breadcrumb","itemListElement":[{"@type":"ListItem","position":1,"name":"Accueil","item":"https:\/\/guineediversite.com\/"},{"@type":"ListItem","position":2,"name":"14\/03\/14 Association des victimes du camp Boiro : nouveau bureau, nouvelle plate-forme revendicative"}]},{"@type":"WebSite","@id":"https:\/\/guineediversite.com\/#website","url":"https:\/\/guineediversite.com\/","name":"Guin\u00e9e Diversit\u00e9","description":"L&#039;Info dans toute sa diversit\u00e9","publisher":{"@id":"https:\/\/guineediversite.com\/#organization"},"potentialAction":[{"@type":"SearchAction","target":{"@type":"EntryPoint","urlTemplate":"https:\/\/guineediversite.com\/?s={search_term_string}"},"query-input":{"@type":"PropertyValueSpecification","valueRequired":true,"valueName":"search_term_string"}}],"inLanguage":"fr-FR"},{"@type":"Organization","@id":"https:\/\/guineediversite.com\/#organization","name":"Guin\u00e9e Diversit\u00e9","url":"https:\/\/guineediversite.com\/","logo":{"@type":"ImageObject","inLanguage":"fr-FR","@id":"https:\/\/guineediversite.com\/#\/schema\/logo\/image\/","url":"https:\/\/guineediversite.com\/wp-content\/uploads\/2017\/04\/cropped-1jojlxEOMkX9Wyqfhe43D6kjPOGqBBKmx3EwWJqZ0cMrFF54yM49.png","contentUrl":"https:\/\/guineediversite.com\/wp-content\/uploads\/2017\/04\/cropped-1jojlxEOMkX9Wyqfhe43D6kjPOGqBBKmx3EwWJqZ0cMrFF54yM49.png","width":186,"height":112,"caption":"Guin\u00e9e Diversit\u00e9"},"image":{"@id":"https:\/\/guineediversite.com\/#\/schema\/logo\/image\/"},"sameAs":["https:\/\/www.facebook.com\/guineediversite\/","https:\/\/x.com\/GuineeDiversite","https:\/\/www.youtube.com\/channel\/UC8sUY16qelG5ge6_D5SB83g"]},{"@type":"Person","@id":"https:\/\/guineediversite.com\/#\/schema\/person\/afa08fb34e7fc6e1feafc892612bc836","name":"Guin\u00e9e Diversit\u00e9","image":{"@type":"ImageObject","inLanguage":"fr-FR","@id":"https:\/\/guineediversite.com\/#\/schema\/person\/image\/","url":"https:\/\/secure.gravatar.com\/avatar\/50d5eb5b390f8b65ac30ac6f898eb83a?s=96&d=mm&r=g","contentUrl":"https:\/\/secure.gravatar.com\/avatar\/50d5eb5b390f8b65ac30ac6f898eb83a?s=96&d=mm&r=g","caption":"Guin\u00e9e Diversit\u00e9"},"url":"https:\/\/guineediversite.com\/index.php\/author\/guineediversite\/"}]}},"_links":{"self":[{"href":"https:\/\/guineediversite.com\/index.php\/wp-json\/wp\/v2\/posts\/16481"}],"collection":[{"href":"https:\/\/guineediversite.com\/index.php\/wp-json\/wp\/v2\/posts"}],"about":[{"href":"https:\/\/guineediversite.com\/index.php\/wp-json\/wp\/v2\/types\/post"}],"author":[{"embeddable":true,"href":"https:\/\/guineediversite.com\/index.php\/wp-json\/wp\/v2\/users\/12"}],"replies":[{"embeddable":true,"href":"https:\/\/guineediversite.com\/index.php\/wp-json\/wp\/v2\/comments?post=16481"}],"version-history":[{"count":0,"href":"https:\/\/guineediversite.com\/index.php\/wp-json\/wp\/v2\/posts\/16481\/revisions"}],"wp:attachment":[{"href":"https:\/\/guineediversite.com\/index.php\/wp-json\/wp\/v2\/media?parent=16481"}],"wp:term":[{"taxonomy":"category","embeddable":true,"href":"https:\/\/guineediversite.com\/index.php\/wp-json\/wp\/v2\/categories?post=16481"},{"taxonomy":"post_tag","embeddable":true,"href":"https:\/\/guineediversite.com\/index.php\/wp-json\/wp\/v2\/tags?post=16481"}],"curies":[{"name":"wp","href":"https:\/\/api.w.org\/{rel}","templated":true}]}}