{"id":16480,"date":"2014-03-13T00:00:00","date_gmt":"2014-03-12T23:00:00","guid":{"rendered":"https:\/\/www.guineediversite.com\/index.php\/2014\/03\/13\/130314-cote-divoire-le-gouvernement-publie-ses-photos-de-charles-ble-goude-2\/"},"modified":"2014-03-13T00:00:00","modified_gmt":"2014-03-12T23:00:00","slug":"130314-cote-divoire-le-gouvernement-publie-ses-photos-de-charles-ble-goude-2","status":"publish","type":"post","link":"https:\/\/guineediversite.com\/index.php\/2014\/03\/13\/130314-cote-divoire-le-gouvernement-publie-ses-photos-de-charles-ble-goude-2\/","title":{"rendered":"13\/03\/14 C\u00f4te d&rsquo;Ivoire : le gouvernement publie ses photos de Charles Bl\u00e9 Goud\u00e9"},"content":{"rendered":"<p>Mercredi, le gouvernement ivoirien a officiellement d\u00e9nonc\u00e9 la publication de photos mettant en cause les conditions de d\u00e9tention de Charles Bl\u00e9 Goud\u00e9 et Jean-Yves Dibopieu, deux ex-leaders pro-Gbagbo. Le ministre de l&rsquo;Int\u00e9rieur a quant a lui diffus\u00e9 de nouveaux clich\u00e9s plus dignes et surtout pr\u00e9sent\u00e9s comme r\u00e9cents de l&rsquo;ancien &quot;g\u00e9n\u00e9ral de la rue&quot;.<br \/>\nTrois jours apr\u00e8s le d\u00e9but de la pol\u00e9mique, la r\u00e9action officielle du gouvernement ivoirien s&rsquo;est faite en deux temps. Mercredi 12 mars, ce dernier a d&rsquo;abord d\u00e9nonc\u00e9, par l&rsquo;interm\u00e9diaire de son porte-parole Bruno Kon\u00e9, la publication sur les r\u00e9seaux sociaux (depuis dimanche) puis dans la presse de photos &quot;suppos\u00e9es de Charles Bl\u00e9 Goud\u00e9 et Jean-Yves Dibopieu&quot;. L&rsquo;ex-leader de Jeunesses patriotes pro-Gbagbo et l&rsquo;ancien secr\u00e9taire g\u00e9n\u00e9ral de la F\u00e9d\u00e9ration estudiantine et scolaire de C\u00f4te d&rsquo;Ivoire (Fesci) y apparaissaient d\u00e9nud\u00e9s dans ce qui ressemble \u00e0 des cellules de la Direction de la surveillance du territoire (DST). Des clich\u00e9s non dat\u00e9s mais qui posent clairement la question de la dignit\u00e9 des conditions de d\u00e9tention des deux hommes.<br \/>\n&quot;Ces images sont un montage grossier. C&rsquo;est une mise en sc\u00e8ne de quelqu&rsquo;un dont on ne conna\u00eet pas les motivations&quot;, a r\u00e9agi mercredi Bruno Kon\u00e9, par ailleurs ministre ivoirien des Postes et des Technologies de l&rsquo;information et de la communication. Les &quot;personnes&quot; photographi\u00e9es &#8211; qu&rsquo;il ne nomme pas &#8211; ne &quot;r\u00e9sident&quot; pas dans les lieux &quot;suppos\u00e9s&quot;, poursuit-il. Le gouvernement r\u00e9affirme ainsi sa version : Bl\u00e9 Goud\u00e9 comme Dibopieu sont &quot;en r\u00e9sidence surveill\u00e9es et sont correctement trait\u00e9s&quot;.<\/p>\n<p>Charles Bl\u00e9 Goud\u00e9 lisant un livre, photo publi\u00e9e le 12 mars sur le compte Facebook de Hamed Bagayoko. \u00a9 DR<br \/>\nLieu de d\u00e9tention tenu secret<br \/>\nPuis, \u00e0 l&rsquo;appui de cette assertion, la t\u00e9l\u00e9vision officielle a diffus\u00e9 de nouvelles photos de Charles Bl\u00e9 Goud\u00e9, qui avaient \u00e9t\u00e9 publi\u00e9es sur la page Facebook de Hamed Bakayoko, ministre de l\u2019Int\u00e9rieur et de la S\u00e9curit\u00e9. Elles repr\u00e9sentent l&rsquo;ancien leader de la jeunesse pro-Gbagbo de mani\u00e8re plus d\u00e9cente : ras\u00e9, habill\u00e9, souriant, dans une chambre \u00e9quip\u00e9e de t\u00e9l\u00e9vision et de meubles et non plus allong\u00e9 en cale\u00e7on \u00e0 m\u00eame le sol. Seul probl\u00e8me : la date des clich\u00e9s ne peut \u00eatre v\u00e9rifi\u00e9e. Selon des sources proches du minist\u00e8re cit\u00e9es par l&rsquo;agence APA, ces &quot;vraies photos de Charles Bl\u00e9 Goud\u00e9 ont \u00e9t\u00e9 prises aujourd\u2019hui (mercredi 12 mars 2014) dans sa r\u00e9sidence prot\u00e9g\u00e9e&quot;.<\/p>\n<p>Bl\u00e9 Goud\u00e9 b\u00e9n\u00e9ficierait d&rsquo;une t\u00e9l\u00e9vision dans son lieu de d\u00e9tention. \u00a9 DR<br \/>\nUne chose est s\u00fbre : Bl\u00e9 Goud\u00e9 avait \u00e9t\u00e9 d\u00e9tenu plusieurs semaines \u00e0 la DST juste apr\u00e8s son arrestation au Ghana, le 17 janvier 2013. Mais depuis, il est emprisonn\u00e9 dans un lieu tenu secret. Ses avocats, eux, ne l&rsquo;ont pas vu depuis ao\u00fbt 2013, lors d&rsquo;une audition dans le bureau du juge d&rsquo;instruction \u00e0 Abidjan. La CPI, qui r\u00e9clame son transfert \u00e0 la Haye, a rejet\u00e9 le 3 mars le sursis de trois mois r\u00e9clam\u00e9 par l&rsquo;\u00c9tat ivoirien pour examiner le cas de l&rsquo;ancien leader des jeunes patriotes.<\/p>\n<p>Source jeuneafrique<\/p>\n","protected":false},"excerpt":{"rendered":"<p>Mercredi, le gouvernement ivoirien a officiellement d\u00e9nonc\u00e9 la publication de photos mettant en cause les conditions de d\u00e9tention de Charles Bl\u00e9 Goud\u00e9 et Jean-Yves Dibopieu, deux ex-leaders pro-Gbagbo. Le ministre de l&rsquo;Int\u00e9rieur a quant a lui diffus\u00e9 de nouveaux clich\u00e9s plus dignes et surtout pr\u00e9sent\u00e9s comme r\u00e9cents de l&rsquo;ancien &quot;g\u00e9n\u00e9ral de la rue&quot;. Trois jours [&hellip;]<\/p>\n","protected":false},"author":12,"featured_media":0,"comment_status":"open","ping_status":"open","sticky":false,"template":"","format":"standard","meta":{"_exactmetrics_skip_tracking":false,"_exactmetrics_sitenote_active":false,"_exactmetrics_sitenote_note":"","_exactmetrics_sitenote_category":0,"tdm_status":"","tdm_grid_status":"","footnotes":""},"categories":[28],"tags":[],"class_list":{"0":"post-16480","1":"post","2":"type-post","3":"status-publish","4":"format-standard","6":"category-archives"},"yoast_head":"<!-- This site is optimized with the Yoast SEO plugin v24.2 - https:\/\/yoast.com\/wordpress\/plugins\/seo\/ -->\n<title>13\/03\/14 C\u00f4te d&#039;Ivoire : le gouvernement publie ses photos de Charles Bl\u00e9 Goud\u00e9 | Guin\u00e9e Diversit\u00e9<\/title>\n<meta name=\"robots\" content=\"index, follow, max-snippet:-1, max-image-preview:large, max-video-preview:-1\" \/>\n<link rel=\"canonical\" href=\"https:\/\/guineediversite.com\/index.php\/2014\/03\/13\/130314-cote-divoire-le-gouvernement-publie-ses-photos-de-charles-ble-goude-2\/\" \/>\n<meta property=\"og:locale\" content=\"fr_FR\" \/>\n<meta property=\"og:type\" content=\"article\" \/>\n<meta property=\"og:title\" content=\"13\/03\/14 C\u00f4te d&#039;Ivoire : le gouvernement publie ses photos de Charles Bl\u00e9 Goud\u00e9 | Guin\u00e9e Diversit\u00e9\" \/>\n<meta property=\"og:description\" content=\"Mercredi, le gouvernement ivoirien a officiellement d\u00e9nonc\u00e9 la publication de photos mettant en cause les conditions de d\u00e9tention de Charles Bl\u00e9 Goud\u00e9 et Jean-Yves Dibopieu, deux ex-leaders pro-Gbagbo. Le ministre de l&rsquo;Int\u00e9rieur a quant a lui diffus\u00e9 de nouveaux clich\u00e9s plus dignes et surtout pr\u00e9sent\u00e9s comme r\u00e9cents de l&rsquo;ancien &quot;g\u00e9n\u00e9ral de la rue&quot;. Trois jours [&hellip;]\" \/>\n<meta property=\"og:url\" content=\"https:\/\/guineediversite.com\/index.php\/2014\/03\/13\/130314-cote-divoire-le-gouvernement-publie-ses-photos-de-charles-ble-goude-2\/\" \/>\n<meta property=\"og:site_name\" content=\"Guin\u00e9e Diversit\u00e9\" \/>\n<meta property=\"article:publisher\" content=\"https:\/\/www.facebook.com\/guineediversite\/\" \/>\n<meta property=\"article:published_time\" content=\"2014-03-12T23:00:00+00:00\" \/>\n<meta name=\"author\" content=\"Guin\u00e9e Diversit\u00e9\" \/>\n<meta name=\"twitter:card\" content=\"summary_large_image\" \/>\n<meta name=\"twitter:creator\" content=\"@GuineeDiversite\" \/>\n<meta name=\"twitter:site\" content=\"@GuineeDiversite\" \/>\n<meta name=\"twitter:label1\" content=\"\u00c9crit par\" \/>\n\t<meta name=\"twitter:data1\" content=\"Guin\u00e9e Diversit\u00e9\" \/>\n\t<meta name=\"twitter:label2\" content=\"Dur\u00e9e de lecture estim\u00e9e\" \/>\n\t<meta name=\"twitter:data2\" content=\"3 minutes\" \/>\n<script type=\"application\/ld+json\" class=\"yoast-schema-graph\">{\"@context\":\"https:\/\/schema.org\",\"@graph\":[{\"@type\":\"Article\",\"@id\":\"https:\/\/guineediversite.com\/index.php\/2014\/03\/13\/130314-cote-divoire-le-gouvernement-publie-ses-photos-de-charles-ble-goude-2\/#article\",\"isPartOf\":{\"@id\":\"https:\/\/guineediversite.com\/index.php\/2014\/03\/13\/130314-cote-divoire-le-gouvernement-publie-ses-photos-de-charles-ble-goude-2\/\"},\"author\":{\"name\":\"Guin\u00e9e Diversit\u00e9\",\"@id\":\"https:\/\/guineediversite.com\/#\/schema\/person\/afa08fb34e7fc6e1feafc892612bc836\"},\"headline\":\"13\/03\/14 C\u00f4te d&rsquo;Ivoire : le gouvernement publie ses photos de Charles Bl\u00e9 Goud\u00e9\",\"datePublished\":\"2014-03-12T23:00:00+00:00\",\"dateModified\":\"2014-03-12T23:00:00+00:00\",\"mainEntityOfPage\":{\"@id\":\"https:\/\/guineediversite.com\/index.php\/2014\/03\/13\/130314-cote-divoire-le-gouvernement-publie-ses-photos-de-charles-ble-goude-2\/\"},\"wordCount\":587,\"commentCount\":0,\"publisher\":{\"@id\":\"https:\/\/guineediversite.com\/#organization\"},\"articleSection\":[\"Archives\"],\"inLanguage\":\"fr-FR\",\"potentialAction\":[{\"@type\":\"CommentAction\",\"name\":\"Comment\",\"target\":[\"https:\/\/guineediversite.com\/index.php\/2014\/03\/13\/130314-cote-divoire-le-gouvernement-publie-ses-photos-de-charles-ble-goude-2\/#respond\"]}]},{\"@type\":\"WebPage\",\"@id\":\"https:\/\/guineediversite.com\/index.php\/2014\/03\/13\/130314-cote-divoire-le-gouvernement-publie-ses-photos-de-charles-ble-goude-2\/\",\"url\":\"https:\/\/guineediversite.com\/index.php\/2014\/03\/13\/130314-cote-divoire-le-gouvernement-publie-ses-photos-de-charles-ble-goude-2\/\",\"name\":\"13\/03\/14 C\u00f4te d'Ivoire : le gouvernement publie ses photos de Charles Bl\u00e9 Goud\u00e9 | Guin\u00e9e Diversit\u00e9\",\"isPartOf\":{\"@id\":\"https:\/\/guineediversite.com\/#website\"},\"datePublished\":\"2014-03-12T23:00:00+00:00\",\"dateModified\":\"2014-03-12T23:00:00+00:00\",\"breadcrumb\":{\"@id\":\"https:\/\/guineediversite.com\/index.php\/2014\/03\/13\/130314-cote-divoire-le-gouvernement-publie-ses-photos-de-charles-ble-goude-2\/#breadcrumb\"},\"inLanguage\":\"fr-FR\",\"potentialAction\":[{\"@type\":\"ReadAction\",\"target\":[\"https:\/\/guineediversite.com\/index.php\/2014\/03\/13\/130314-cote-divoire-le-gouvernement-publie-ses-photos-de-charles-ble-goude-2\/\"]}]},{\"@type\":\"BreadcrumbList\",\"@id\":\"https:\/\/guineediversite.com\/index.php\/2014\/03\/13\/130314-cote-divoire-le-gouvernement-publie-ses-photos-de-charles-ble-goude-2\/#breadcrumb\",\"itemListElement\":[{\"@type\":\"ListItem\",\"position\":1,\"name\":\"Accueil\",\"item\":\"https:\/\/guineediversite.com\/\"},{\"@type\":\"ListItem\",\"position\":2,\"name\":\"13\/03\/14 C\u00f4te d&rsquo;Ivoire : le gouvernement publie ses photos de Charles Bl\u00e9 Goud\u00e9\"}]},{\"@type\":\"WebSite\",\"@id\":\"https:\/\/guineediversite.com\/#website\",\"url\":\"https:\/\/guineediversite.com\/\",\"name\":\"Guin\u00e9e Diversit\u00e9\",\"description\":\"L&#039;Info dans toute sa diversit\u00e9\",\"publisher\":{\"@id\":\"https:\/\/guineediversite.com\/#organization\"},\"potentialAction\":[{\"@type\":\"SearchAction\",\"target\":{\"@type\":\"EntryPoint\",\"urlTemplate\":\"https:\/\/guineediversite.com\/?s={search_term_string}\"},\"query-input\":{\"@type\":\"PropertyValueSpecification\",\"valueRequired\":true,\"valueName\":\"search_term_string\"}}],\"inLanguage\":\"fr-FR\"},{\"@type\":\"Organization\",\"@id\":\"https:\/\/guineediversite.com\/#organization\",\"name\":\"Guin\u00e9e Diversit\u00e9\",\"url\":\"https:\/\/guineediversite.com\/\",\"logo\":{\"@type\":\"ImageObject\",\"inLanguage\":\"fr-FR\",\"@id\":\"https:\/\/guineediversite.com\/#\/schema\/logo\/image\/\",\"url\":\"https:\/\/guineediversite.com\/wp-content\/uploads\/2017\/04\/cropped-1jojlxEOMkX9Wyqfhe43D6kjPOGqBBKmx3EwWJqZ0cMrFF54yM49.png\",\"contentUrl\":\"https:\/\/guineediversite.com\/wp-content\/uploads\/2017\/04\/cropped-1jojlxEOMkX9Wyqfhe43D6kjPOGqBBKmx3EwWJqZ0cMrFF54yM49.png\",\"width\":186,\"height\":112,\"caption\":\"Guin\u00e9e Diversit\u00e9\"},\"image\":{\"@id\":\"https:\/\/guineediversite.com\/#\/schema\/logo\/image\/\"},\"sameAs\":[\"https:\/\/www.facebook.com\/guineediversite\/\",\"https:\/\/x.com\/GuineeDiversite\",\"https:\/\/www.youtube.com\/channel\/UC8sUY16qelG5ge6_D5SB83g\"]},{\"@type\":\"Person\",\"@id\":\"https:\/\/guineediversite.com\/#\/schema\/person\/afa08fb34e7fc6e1feafc892612bc836\",\"name\":\"Guin\u00e9e Diversit\u00e9\",\"image\":{\"@type\":\"ImageObject\",\"inLanguage\":\"fr-FR\",\"@id\":\"https:\/\/guineediversite.com\/#\/schema\/person\/image\/\",\"url\":\"https:\/\/secure.gravatar.com\/avatar\/50d5eb5b390f8b65ac30ac6f898eb83a?s=96&d=mm&r=g\",\"contentUrl\":\"https:\/\/secure.gravatar.com\/avatar\/50d5eb5b390f8b65ac30ac6f898eb83a?s=96&d=mm&r=g\",\"caption\":\"Guin\u00e9e Diversit\u00e9\"},\"url\":\"https:\/\/guineediversite.com\/index.php\/author\/guineediversite\/\"}]}<\/script>\n<!-- \/ Yoast SEO plugin. -->","yoast_head_json":{"title":"13\/03\/14 C\u00f4te d'Ivoire : le gouvernement publie ses photos de Charles Bl\u00e9 Goud\u00e9 | Guin\u00e9e Diversit\u00e9","robots":{"index":"index","follow":"follow","max-snippet":"max-snippet:-1","max-image-preview":"max-image-preview:large","max-video-preview":"max-video-preview:-1"},"canonical":"https:\/\/guineediversite.com\/index.php\/2014\/03\/13\/130314-cote-divoire-le-gouvernement-publie-ses-photos-de-charles-ble-goude-2\/","og_locale":"fr_FR","og_type":"article","og_title":"13\/03\/14 C\u00f4te d'Ivoire : le gouvernement publie ses photos de Charles Bl\u00e9 Goud\u00e9 | Guin\u00e9e Diversit\u00e9","og_description":"Mercredi, le gouvernement ivoirien a officiellement d\u00e9nonc\u00e9 la publication de photos mettant en cause les conditions de d\u00e9tention de Charles Bl\u00e9 Goud\u00e9 et Jean-Yves Dibopieu, deux ex-leaders pro-Gbagbo. Le ministre de l&rsquo;Int\u00e9rieur a quant a lui diffus\u00e9 de nouveaux clich\u00e9s plus dignes et surtout pr\u00e9sent\u00e9s comme r\u00e9cents de l&rsquo;ancien &quot;g\u00e9n\u00e9ral de la rue&quot;. Trois jours [&hellip;]","og_url":"https:\/\/guineediversite.com\/index.php\/2014\/03\/13\/130314-cote-divoire-le-gouvernement-publie-ses-photos-de-charles-ble-goude-2\/","og_site_name":"Guin\u00e9e Diversit\u00e9","article_publisher":"https:\/\/www.facebook.com\/guineediversite\/","article_published_time":"2014-03-12T23:00:00+00:00","author":"Guin\u00e9e Diversit\u00e9","twitter_card":"summary_large_image","twitter_creator":"@GuineeDiversite","twitter_site":"@GuineeDiversite","twitter_misc":{"\u00c9crit par":"Guin\u00e9e Diversit\u00e9","Dur\u00e9e de lecture estim\u00e9e":"3 minutes"},"schema":{"@context":"https:\/\/schema.org","@graph":[{"@type":"Article","@id":"https:\/\/guineediversite.com\/index.php\/2014\/03\/13\/130314-cote-divoire-le-gouvernement-publie-ses-photos-de-charles-ble-goude-2\/#article","isPartOf":{"@id":"https:\/\/guineediversite.com\/index.php\/2014\/03\/13\/130314-cote-divoire-le-gouvernement-publie-ses-photos-de-charles-ble-goude-2\/"},"author":{"name":"Guin\u00e9e Diversit\u00e9","@id":"https:\/\/guineediversite.com\/#\/schema\/person\/afa08fb34e7fc6e1feafc892612bc836"},"headline":"13\/03\/14 C\u00f4te d&rsquo;Ivoire : le gouvernement publie ses photos de Charles Bl\u00e9 Goud\u00e9","datePublished":"2014-03-12T23:00:00+00:00","dateModified":"2014-03-12T23:00:00+00:00","mainEntityOfPage":{"@id":"https:\/\/guineediversite.com\/index.php\/2014\/03\/13\/130314-cote-divoire-le-gouvernement-publie-ses-photos-de-charles-ble-goude-2\/"},"wordCount":587,"commentCount":0,"publisher":{"@id":"https:\/\/guineediversite.com\/#organization"},"articleSection":["Archives"],"inLanguage":"fr-FR","potentialAction":[{"@type":"CommentAction","name":"Comment","target":["https:\/\/guineediversite.com\/index.php\/2014\/03\/13\/130314-cote-divoire-le-gouvernement-publie-ses-photos-de-charles-ble-goude-2\/#respond"]}]},{"@type":"WebPage","@id":"https:\/\/guineediversite.com\/index.php\/2014\/03\/13\/130314-cote-divoire-le-gouvernement-publie-ses-photos-de-charles-ble-goude-2\/","url":"https:\/\/guineediversite.com\/index.php\/2014\/03\/13\/130314-cote-divoire-le-gouvernement-publie-ses-photos-de-charles-ble-goude-2\/","name":"13\/03\/14 C\u00f4te d'Ivoire : le gouvernement publie ses photos de Charles Bl\u00e9 Goud\u00e9 | Guin\u00e9e Diversit\u00e9","isPartOf":{"@id":"https:\/\/guineediversite.com\/#website"},"datePublished":"2014-03-12T23:00:00+00:00","dateModified":"2014-03-12T23:00:00+00:00","breadcrumb":{"@id":"https:\/\/guineediversite.com\/index.php\/2014\/03\/13\/130314-cote-divoire-le-gouvernement-publie-ses-photos-de-charles-ble-goude-2\/#breadcrumb"},"inLanguage":"fr-FR","potentialAction":[{"@type":"ReadAction","target":["https:\/\/guineediversite.com\/index.php\/2014\/03\/13\/130314-cote-divoire-le-gouvernement-publie-ses-photos-de-charles-ble-goude-2\/"]}]},{"@type":"BreadcrumbList","@id":"https:\/\/guineediversite.com\/index.php\/2014\/03\/13\/130314-cote-divoire-le-gouvernement-publie-ses-photos-de-charles-ble-goude-2\/#breadcrumb","itemListElement":[{"@type":"ListItem","position":1,"name":"Accueil","item":"https:\/\/guineediversite.com\/"},{"@type":"ListItem","position":2,"name":"13\/03\/14 C\u00f4te d&rsquo;Ivoire : le gouvernement publie ses photos de Charles Bl\u00e9 Goud\u00e9"}]},{"@type":"WebSite","@id":"https:\/\/guineediversite.com\/#website","url":"https:\/\/guineediversite.com\/","name":"Guin\u00e9e Diversit\u00e9","description":"L&#039;Info dans toute sa diversit\u00e9","publisher":{"@id":"https:\/\/guineediversite.com\/#organization"},"potentialAction":[{"@type":"SearchAction","target":{"@type":"EntryPoint","urlTemplate":"https:\/\/guineediversite.com\/?s={search_term_string}"},"query-input":{"@type":"PropertyValueSpecification","valueRequired":true,"valueName":"search_term_string"}}],"inLanguage":"fr-FR"},{"@type":"Organization","@id":"https:\/\/guineediversite.com\/#organization","name":"Guin\u00e9e Diversit\u00e9","url":"https:\/\/guineediversite.com\/","logo":{"@type":"ImageObject","inLanguage":"fr-FR","@id":"https:\/\/guineediversite.com\/#\/schema\/logo\/image\/","url":"https:\/\/guineediversite.com\/wp-content\/uploads\/2017\/04\/cropped-1jojlxEOMkX9Wyqfhe43D6kjPOGqBBKmx3EwWJqZ0cMrFF54yM49.png","contentUrl":"https:\/\/guineediversite.com\/wp-content\/uploads\/2017\/04\/cropped-1jojlxEOMkX9Wyqfhe43D6kjPOGqBBKmx3EwWJqZ0cMrFF54yM49.png","width":186,"height":112,"caption":"Guin\u00e9e Diversit\u00e9"},"image":{"@id":"https:\/\/guineediversite.com\/#\/schema\/logo\/image\/"},"sameAs":["https:\/\/www.facebook.com\/guineediversite\/","https:\/\/x.com\/GuineeDiversite","https:\/\/www.youtube.com\/channel\/UC8sUY16qelG5ge6_D5SB83g"]},{"@type":"Person","@id":"https:\/\/guineediversite.com\/#\/schema\/person\/afa08fb34e7fc6e1feafc892612bc836","name":"Guin\u00e9e Diversit\u00e9","image":{"@type":"ImageObject","inLanguage":"fr-FR","@id":"https:\/\/guineediversite.com\/#\/schema\/person\/image\/","url":"https:\/\/secure.gravatar.com\/avatar\/50d5eb5b390f8b65ac30ac6f898eb83a?s=96&d=mm&r=g","contentUrl":"https:\/\/secure.gravatar.com\/avatar\/50d5eb5b390f8b65ac30ac6f898eb83a?s=96&d=mm&r=g","caption":"Guin\u00e9e Diversit\u00e9"},"url":"https:\/\/guineediversite.com\/index.php\/author\/guineediversite\/"}]}},"_links":{"self":[{"href":"https:\/\/guineediversite.com\/index.php\/wp-json\/wp\/v2\/posts\/16480"}],"collection":[{"href":"https:\/\/guineediversite.com\/index.php\/wp-json\/wp\/v2\/posts"}],"about":[{"href":"https:\/\/guineediversite.com\/index.php\/wp-json\/wp\/v2\/types\/post"}],"author":[{"embeddable":true,"href":"https:\/\/guineediversite.com\/index.php\/wp-json\/wp\/v2\/users\/12"}],"replies":[{"embeddable":true,"href":"https:\/\/guineediversite.com\/index.php\/wp-json\/wp\/v2\/comments?post=16480"}],"version-history":[{"count":0,"href":"https:\/\/guineediversite.com\/index.php\/wp-json\/wp\/v2\/posts\/16480\/revisions"}],"wp:attachment":[{"href":"https:\/\/guineediversite.com\/index.php\/wp-json\/wp\/v2\/media?parent=16480"}],"wp:term":[{"taxonomy":"category","embeddable":true,"href":"https:\/\/guineediversite.com\/index.php\/wp-json\/wp\/v2\/categories?post=16480"},{"taxonomy":"post_tag","embeddable":true,"href":"https:\/\/guineediversite.com\/index.php\/wp-json\/wp\/v2\/tags?post=16480"}],"curies":[{"name":"wp","href":"https:\/\/api.w.org\/{rel}","templated":true}]}}