{"id":16474,"date":"2014-03-12T00:00:00","date_gmt":"2014-03-11T23:00:00","guid":{"rendered":"https:\/\/www.guineediversite.com\/index.php\/2014\/03\/12\/120314culture-lunion-des-journalistes-et-animateurs-culturels-de-guinee-rentre-en-action-2\/"},"modified":"2014-03-12T00:00:00","modified_gmt":"2014-03-11T23:00:00","slug":"120314culture-lunion-des-journalistes-et-animateurs-culturels-de-guinee-rentre-en-action-2","status":"publish","type":"post","link":"https:\/\/guineediversite.com\/index.php\/2014\/03\/12\/120314culture-lunion-des-journalistes-et-animateurs-culturels-de-guinee-rentre-en-action-2\/","title":{"rendered":"12\/03\/14\nCulture : l\u2019union des journalistes et animateurs culturels de Guin\u00e9e rentre en action"},"content":{"rendered":"<p>Cr\u00e9\u00e9e en janvier 2010, l\u2019Union des journalistes et animateurs culturels de Guin\u00e9e a officiellement lanc\u00e9 ses activit\u00e9s ce mercredi 12 mars 2014 \u00e0 la maison de la presse de Col\u00e9ah, ici m\u00eame \u00e0 Conakry.<br \/>\n\u00ab Il n\u2019est de secret pour personne que la culture guin\u00e9enne connait de nos jours un recule sur le plan mondial. Cela est d\u00fb non seulement au manque de professionnalisme de certains artistes guin\u00e9ens, mais aussi \u00e0 un manque de promotion. C\u2019est pour justement corriger tous ces maux que l\u2019union des journalistes et animateurs culturels de Guin\u00e9e a \u00e9t\u00e9 mise en place \u00bb nous a expliqu\u00e9 un membre de l\u2019association.<br \/>\nPour le pr\u00e9sident de cette organisation, l\u2019union aura pour vocation de d\u00e9fendre et de promouvoir la culture guin\u00e9enne. \u00ab La culture est un bagage et un domaine tr\u00e8s vastes, il faudrait avoir non seulement un bagage intellectuel,  mais aussi une bonne formation pour mieux la g\u00e9rer \u00bb poursuit Aly Leno.<br \/>\nS\u2019agissant de la d\u00e9cision prise par le Directeur g\u00e9n\u00e9ral du  bureau guin\u00e9en des droits d\u2019auteurs, demandant aux radios priv\u00e9es de payer les droits d\u2019auteurs, le Pr\u00e9sident de l\u2019union des journalistes et animateurs culturels de Guin\u00e9e indique que cette d\u00e9cision a \u00e9t\u00e9 prise sous  l\u2019effet de la col\u00e8re.\u00ab Entre le BGDA et les radios priv\u00e9es, c\u2019est comme un fr\u00e8re et une s\u0153ur  par ce que nous sommes ins\u00e9parables et indissociables. C\u2019est obligatoire que les radios payent les droits d\u2019auteurs aux artistes mais seulement, compte tenue des conditions dans les quelles \u00e9voluent certaines radios priv\u00e9es, il faudrait qu\u2019on trouve une solution ensemble \u00bb affirme Aly Leno.<\/p>\n<p>Guineediversite.com<\/p>\n","protected":false},"excerpt":{"rendered":"<p>Cr\u00e9\u00e9e en janvier 2010, l\u2019Union des journalistes et animateurs culturels de Guin\u00e9e a officiellement lanc\u00e9 ses activit\u00e9s ce mercredi 12 mars 2014 \u00e0 la maison de la presse de Col\u00e9ah, ici m\u00eame \u00e0 Conakry. \u00ab Il n\u2019est de secret pour personne que la culture guin\u00e9enne connait de nos jours un recule sur le plan mondial. [&hellip;]<\/p>\n","protected":false},"author":12,"featured_media":0,"comment_status":"open","ping_status":"open","sticky":false,"template":"","format":"standard","meta":{"_exactmetrics_skip_tracking":false,"_exactmetrics_sitenote_active":false,"_exactmetrics_sitenote_note":"","_exactmetrics_sitenote_category":0,"tdm_status":"","tdm_grid_status":"","footnotes":""},"categories":[28],"tags":[],"class_list":{"0":"post-16474","1":"post","2":"type-post","3":"status-publish","4":"format-standard","6":"category-archives"},"yoast_head":"<!-- This site is optimized with the Yoast SEO plugin v24.2 - https:\/\/yoast.com\/wordpress\/plugins\/seo\/ -->\n<title>12\/03\/14 Culture : l\u2019union des journalistes et animateurs culturels de Guin\u00e9e rentre en action | Guin\u00e9e Diversit\u00e9<\/title>\n<meta name=\"robots\" content=\"index, follow, max-snippet:-1, max-image-preview:large, max-video-preview:-1\" \/>\n<link rel=\"canonical\" href=\"https:\/\/guineediversite.com\/index.php\/2014\/03\/12\/120314culture-lunion-des-journalistes-et-animateurs-culturels-de-guinee-rentre-en-action-2\/\" \/>\n<meta property=\"og:locale\" content=\"fr_FR\" \/>\n<meta property=\"og:type\" content=\"article\" \/>\n<meta property=\"og:title\" content=\"12\/03\/14 Culture : l\u2019union des journalistes et animateurs culturels de Guin\u00e9e rentre en action | Guin\u00e9e Diversit\u00e9\" \/>\n<meta property=\"og:description\" content=\"Cr\u00e9\u00e9e en janvier 2010, l\u2019Union des journalistes et animateurs culturels de Guin\u00e9e a officiellement lanc\u00e9 ses activit\u00e9s ce mercredi 12 mars 2014 \u00e0 la maison de la presse de Col\u00e9ah, ici m\u00eame \u00e0 Conakry. \u00ab Il n\u2019est de secret pour personne que la culture guin\u00e9enne connait de nos jours un recule sur le plan mondial. [&hellip;]\" \/>\n<meta property=\"og:url\" content=\"https:\/\/guineediversite.com\/index.php\/2014\/03\/12\/120314culture-lunion-des-journalistes-et-animateurs-culturels-de-guinee-rentre-en-action-2\/\" \/>\n<meta property=\"og:site_name\" content=\"Guin\u00e9e Diversit\u00e9\" \/>\n<meta property=\"article:publisher\" content=\"https:\/\/www.facebook.com\/guineediversite\/\" \/>\n<meta property=\"article:published_time\" content=\"2014-03-11T23:00:00+00:00\" \/>\n<meta name=\"author\" content=\"Guin\u00e9e Diversit\u00e9\" \/>\n<meta name=\"twitter:card\" content=\"summary_large_image\" \/>\n<meta name=\"twitter:creator\" content=\"@GuineeDiversite\" \/>\n<meta name=\"twitter:site\" content=\"@GuineeDiversite\" \/>\n<meta name=\"twitter:label1\" content=\"\u00c9crit par\" \/>\n\t<meta name=\"twitter:data1\" content=\"Guin\u00e9e Diversit\u00e9\" \/>\n\t<meta name=\"twitter:label2\" content=\"Dur\u00e9e de lecture estim\u00e9e\" \/>\n\t<meta name=\"twitter:data2\" content=\"1 minute\" \/>\n<script type=\"application\/ld+json\" class=\"yoast-schema-graph\">{\"@context\":\"https:\/\/schema.org\",\"@graph\":[{\"@type\":\"Article\",\"@id\":\"https:\/\/guineediversite.com\/index.php\/2014\/03\/12\/120314culture-lunion-des-journalistes-et-animateurs-culturels-de-guinee-rentre-en-action-2\/#article\",\"isPartOf\":{\"@id\":\"https:\/\/guineediversite.com\/index.php\/2014\/03\/12\/120314culture-lunion-des-journalistes-et-animateurs-culturels-de-guinee-rentre-en-action-2\/\"},\"author\":{\"name\":\"Guin\u00e9e Diversit\u00e9\",\"@id\":\"https:\/\/guineediversite.com\/#\/schema\/person\/afa08fb34e7fc6e1feafc892612bc836\"},\"headline\":\"12\/03\/14 Culture : l\u2019union des journalistes et animateurs culturels de Guin\u00e9e rentre en action\",\"datePublished\":\"2014-03-11T23:00:00+00:00\",\"dateModified\":\"2014-03-11T23:00:00+00:00\",\"mainEntityOfPage\":{\"@id\":\"https:\/\/guineediversite.com\/index.php\/2014\/03\/12\/120314culture-lunion-des-journalistes-et-animateurs-culturels-de-guinee-rentre-en-action-2\/\"},\"wordCount\":305,\"commentCount\":0,\"publisher\":{\"@id\":\"https:\/\/guineediversite.com\/#organization\"},\"articleSection\":[\"Archives\"],\"inLanguage\":\"fr-FR\",\"potentialAction\":[{\"@type\":\"CommentAction\",\"name\":\"Comment\",\"target\":[\"https:\/\/guineediversite.com\/index.php\/2014\/03\/12\/120314culture-lunion-des-journalistes-et-animateurs-culturels-de-guinee-rentre-en-action-2\/#respond\"]}]},{\"@type\":\"WebPage\",\"@id\":\"https:\/\/guineediversite.com\/index.php\/2014\/03\/12\/120314culture-lunion-des-journalistes-et-animateurs-culturels-de-guinee-rentre-en-action-2\/\",\"url\":\"https:\/\/guineediversite.com\/index.php\/2014\/03\/12\/120314culture-lunion-des-journalistes-et-animateurs-culturels-de-guinee-rentre-en-action-2\/\",\"name\":\"12\/03\/14 Culture : l\u2019union des journalistes et animateurs culturels de Guin\u00e9e rentre en action | Guin\u00e9e Diversit\u00e9\",\"isPartOf\":{\"@id\":\"https:\/\/guineediversite.com\/#website\"},\"datePublished\":\"2014-03-11T23:00:00+00:00\",\"dateModified\":\"2014-03-11T23:00:00+00:00\",\"breadcrumb\":{\"@id\":\"https:\/\/guineediversite.com\/index.php\/2014\/03\/12\/120314culture-lunion-des-journalistes-et-animateurs-culturels-de-guinee-rentre-en-action-2\/#breadcrumb\"},\"inLanguage\":\"fr-FR\",\"potentialAction\":[{\"@type\":\"ReadAction\",\"target\":[\"https:\/\/guineediversite.com\/index.php\/2014\/03\/12\/120314culture-lunion-des-journalistes-et-animateurs-culturels-de-guinee-rentre-en-action-2\/\"]}]},{\"@type\":\"BreadcrumbList\",\"@id\":\"https:\/\/guineediversite.com\/index.php\/2014\/03\/12\/120314culture-lunion-des-journalistes-et-animateurs-culturels-de-guinee-rentre-en-action-2\/#breadcrumb\",\"itemListElement\":[{\"@type\":\"ListItem\",\"position\":1,\"name\":\"Accueil\",\"item\":\"https:\/\/guineediversite.com\/\"},{\"@type\":\"ListItem\",\"position\":2,\"name\":\"12\/03\/14 Culture : l\u2019union des journalistes et animateurs culturels de Guin\u00e9e rentre en action\"}]},{\"@type\":\"WebSite\",\"@id\":\"https:\/\/guineediversite.com\/#website\",\"url\":\"https:\/\/guineediversite.com\/\",\"name\":\"Guin\u00e9e Diversit\u00e9\",\"description\":\"L&#039;Info dans toute sa diversit\u00e9\",\"publisher\":{\"@id\":\"https:\/\/guineediversite.com\/#organization\"},\"potentialAction\":[{\"@type\":\"SearchAction\",\"target\":{\"@type\":\"EntryPoint\",\"urlTemplate\":\"https:\/\/guineediversite.com\/?s={search_term_string}\"},\"query-input\":{\"@type\":\"PropertyValueSpecification\",\"valueRequired\":true,\"valueName\":\"search_term_string\"}}],\"inLanguage\":\"fr-FR\"},{\"@type\":\"Organization\",\"@id\":\"https:\/\/guineediversite.com\/#organization\",\"name\":\"Guin\u00e9e Diversit\u00e9\",\"url\":\"https:\/\/guineediversite.com\/\",\"logo\":{\"@type\":\"ImageObject\",\"inLanguage\":\"fr-FR\",\"@id\":\"https:\/\/guineediversite.com\/#\/schema\/logo\/image\/\",\"url\":\"https:\/\/guineediversite.com\/wp-content\/uploads\/2017\/04\/cropped-1jojlxEOMkX9Wyqfhe43D6kjPOGqBBKmx3EwWJqZ0cMrFF54yM49.png\",\"contentUrl\":\"https:\/\/guineediversite.com\/wp-content\/uploads\/2017\/04\/cropped-1jojlxEOMkX9Wyqfhe43D6kjPOGqBBKmx3EwWJqZ0cMrFF54yM49.png\",\"width\":186,\"height\":112,\"caption\":\"Guin\u00e9e Diversit\u00e9\"},\"image\":{\"@id\":\"https:\/\/guineediversite.com\/#\/schema\/logo\/image\/\"},\"sameAs\":[\"https:\/\/www.facebook.com\/guineediversite\/\",\"https:\/\/x.com\/GuineeDiversite\",\"https:\/\/www.youtube.com\/channel\/UC8sUY16qelG5ge6_D5SB83g\"]},{\"@type\":\"Person\",\"@id\":\"https:\/\/guineediversite.com\/#\/schema\/person\/afa08fb34e7fc6e1feafc892612bc836\",\"name\":\"Guin\u00e9e Diversit\u00e9\",\"image\":{\"@type\":\"ImageObject\",\"inLanguage\":\"fr-FR\",\"@id\":\"https:\/\/guineediversite.com\/#\/schema\/person\/image\/\",\"url\":\"https:\/\/secure.gravatar.com\/avatar\/50d5eb5b390f8b65ac30ac6f898eb83a?s=96&d=mm&r=g\",\"contentUrl\":\"https:\/\/secure.gravatar.com\/avatar\/50d5eb5b390f8b65ac30ac6f898eb83a?s=96&d=mm&r=g\",\"caption\":\"Guin\u00e9e Diversit\u00e9\"},\"url\":\"https:\/\/guineediversite.com\/index.php\/author\/guineediversite\/\"}]}<\/script>\n<!-- \/ Yoast SEO plugin. -->","yoast_head_json":{"title":"12\/03\/14 Culture : l\u2019union des journalistes et animateurs culturels de Guin\u00e9e rentre en action | Guin\u00e9e Diversit\u00e9","robots":{"index":"index","follow":"follow","max-snippet":"max-snippet:-1","max-image-preview":"max-image-preview:large","max-video-preview":"max-video-preview:-1"},"canonical":"https:\/\/guineediversite.com\/index.php\/2014\/03\/12\/120314culture-lunion-des-journalistes-et-animateurs-culturels-de-guinee-rentre-en-action-2\/","og_locale":"fr_FR","og_type":"article","og_title":"12\/03\/14 Culture : l\u2019union des journalistes et animateurs culturels de Guin\u00e9e rentre en action | Guin\u00e9e Diversit\u00e9","og_description":"Cr\u00e9\u00e9e en janvier 2010, l\u2019Union des journalistes et animateurs culturels de Guin\u00e9e a officiellement lanc\u00e9 ses activit\u00e9s ce mercredi 12 mars 2014 \u00e0 la maison de la presse de Col\u00e9ah, ici m\u00eame \u00e0 Conakry. \u00ab Il n\u2019est de secret pour personne que la culture guin\u00e9enne connait de nos jours un recule sur le plan mondial. [&hellip;]","og_url":"https:\/\/guineediversite.com\/index.php\/2014\/03\/12\/120314culture-lunion-des-journalistes-et-animateurs-culturels-de-guinee-rentre-en-action-2\/","og_site_name":"Guin\u00e9e Diversit\u00e9","article_publisher":"https:\/\/www.facebook.com\/guineediversite\/","article_published_time":"2014-03-11T23:00:00+00:00","author":"Guin\u00e9e Diversit\u00e9","twitter_card":"summary_large_image","twitter_creator":"@GuineeDiversite","twitter_site":"@GuineeDiversite","twitter_misc":{"\u00c9crit par":"Guin\u00e9e Diversit\u00e9","Dur\u00e9e de lecture estim\u00e9e":"1 minute"},"schema":{"@context":"https:\/\/schema.org","@graph":[{"@type":"Article","@id":"https:\/\/guineediversite.com\/index.php\/2014\/03\/12\/120314culture-lunion-des-journalistes-et-animateurs-culturels-de-guinee-rentre-en-action-2\/#article","isPartOf":{"@id":"https:\/\/guineediversite.com\/index.php\/2014\/03\/12\/120314culture-lunion-des-journalistes-et-animateurs-culturels-de-guinee-rentre-en-action-2\/"},"author":{"name":"Guin\u00e9e Diversit\u00e9","@id":"https:\/\/guineediversite.com\/#\/schema\/person\/afa08fb34e7fc6e1feafc892612bc836"},"headline":"12\/03\/14 Culture : l\u2019union des journalistes et animateurs culturels de Guin\u00e9e rentre en action","datePublished":"2014-03-11T23:00:00+00:00","dateModified":"2014-03-11T23:00:00+00:00","mainEntityOfPage":{"@id":"https:\/\/guineediversite.com\/index.php\/2014\/03\/12\/120314culture-lunion-des-journalistes-et-animateurs-culturels-de-guinee-rentre-en-action-2\/"},"wordCount":305,"commentCount":0,"publisher":{"@id":"https:\/\/guineediversite.com\/#organization"},"articleSection":["Archives"],"inLanguage":"fr-FR","potentialAction":[{"@type":"CommentAction","name":"Comment","target":["https:\/\/guineediversite.com\/index.php\/2014\/03\/12\/120314culture-lunion-des-journalistes-et-animateurs-culturels-de-guinee-rentre-en-action-2\/#respond"]}]},{"@type":"WebPage","@id":"https:\/\/guineediversite.com\/index.php\/2014\/03\/12\/120314culture-lunion-des-journalistes-et-animateurs-culturels-de-guinee-rentre-en-action-2\/","url":"https:\/\/guineediversite.com\/index.php\/2014\/03\/12\/120314culture-lunion-des-journalistes-et-animateurs-culturels-de-guinee-rentre-en-action-2\/","name":"12\/03\/14 Culture : l\u2019union des journalistes et animateurs culturels de Guin\u00e9e rentre en action | Guin\u00e9e Diversit\u00e9","isPartOf":{"@id":"https:\/\/guineediversite.com\/#website"},"datePublished":"2014-03-11T23:00:00+00:00","dateModified":"2014-03-11T23:00:00+00:00","breadcrumb":{"@id":"https:\/\/guineediversite.com\/index.php\/2014\/03\/12\/120314culture-lunion-des-journalistes-et-animateurs-culturels-de-guinee-rentre-en-action-2\/#breadcrumb"},"inLanguage":"fr-FR","potentialAction":[{"@type":"ReadAction","target":["https:\/\/guineediversite.com\/index.php\/2014\/03\/12\/120314culture-lunion-des-journalistes-et-animateurs-culturels-de-guinee-rentre-en-action-2\/"]}]},{"@type":"BreadcrumbList","@id":"https:\/\/guineediversite.com\/index.php\/2014\/03\/12\/120314culture-lunion-des-journalistes-et-animateurs-culturels-de-guinee-rentre-en-action-2\/#breadcrumb","itemListElement":[{"@type":"ListItem","position":1,"name":"Accueil","item":"https:\/\/guineediversite.com\/"},{"@type":"ListItem","position":2,"name":"12\/03\/14 Culture : l\u2019union des journalistes et animateurs culturels de Guin\u00e9e rentre en action"}]},{"@type":"WebSite","@id":"https:\/\/guineediversite.com\/#website","url":"https:\/\/guineediversite.com\/","name":"Guin\u00e9e Diversit\u00e9","description":"L&#039;Info dans toute sa diversit\u00e9","publisher":{"@id":"https:\/\/guineediversite.com\/#organization"},"potentialAction":[{"@type":"SearchAction","target":{"@type":"EntryPoint","urlTemplate":"https:\/\/guineediversite.com\/?s={search_term_string}"},"query-input":{"@type":"PropertyValueSpecification","valueRequired":true,"valueName":"search_term_string"}}],"inLanguage":"fr-FR"},{"@type":"Organization","@id":"https:\/\/guineediversite.com\/#organization","name":"Guin\u00e9e Diversit\u00e9","url":"https:\/\/guineediversite.com\/","logo":{"@type":"ImageObject","inLanguage":"fr-FR","@id":"https:\/\/guineediversite.com\/#\/schema\/logo\/image\/","url":"https:\/\/guineediversite.com\/wp-content\/uploads\/2017\/04\/cropped-1jojlxEOMkX9Wyqfhe43D6kjPOGqBBKmx3EwWJqZ0cMrFF54yM49.png","contentUrl":"https:\/\/guineediversite.com\/wp-content\/uploads\/2017\/04\/cropped-1jojlxEOMkX9Wyqfhe43D6kjPOGqBBKmx3EwWJqZ0cMrFF54yM49.png","width":186,"height":112,"caption":"Guin\u00e9e Diversit\u00e9"},"image":{"@id":"https:\/\/guineediversite.com\/#\/schema\/logo\/image\/"},"sameAs":["https:\/\/www.facebook.com\/guineediversite\/","https:\/\/x.com\/GuineeDiversite","https:\/\/www.youtube.com\/channel\/UC8sUY16qelG5ge6_D5SB83g"]},{"@type":"Person","@id":"https:\/\/guineediversite.com\/#\/schema\/person\/afa08fb34e7fc6e1feafc892612bc836","name":"Guin\u00e9e Diversit\u00e9","image":{"@type":"ImageObject","inLanguage":"fr-FR","@id":"https:\/\/guineediversite.com\/#\/schema\/person\/image\/","url":"https:\/\/secure.gravatar.com\/avatar\/50d5eb5b390f8b65ac30ac6f898eb83a?s=96&d=mm&r=g","contentUrl":"https:\/\/secure.gravatar.com\/avatar\/50d5eb5b390f8b65ac30ac6f898eb83a?s=96&d=mm&r=g","caption":"Guin\u00e9e Diversit\u00e9"},"url":"https:\/\/guineediversite.com\/index.php\/author\/guineediversite\/"}]}},"_links":{"self":[{"href":"https:\/\/guineediversite.com\/index.php\/wp-json\/wp\/v2\/posts\/16474"}],"collection":[{"href":"https:\/\/guineediversite.com\/index.php\/wp-json\/wp\/v2\/posts"}],"about":[{"href":"https:\/\/guineediversite.com\/index.php\/wp-json\/wp\/v2\/types\/post"}],"author":[{"embeddable":true,"href":"https:\/\/guineediversite.com\/index.php\/wp-json\/wp\/v2\/users\/12"}],"replies":[{"embeddable":true,"href":"https:\/\/guineediversite.com\/index.php\/wp-json\/wp\/v2\/comments?post=16474"}],"version-history":[{"count":0,"href":"https:\/\/guineediversite.com\/index.php\/wp-json\/wp\/v2\/posts\/16474\/revisions"}],"wp:attachment":[{"href":"https:\/\/guineediversite.com\/index.php\/wp-json\/wp\/v2\/media?parent=16474"}],"wp:term":[{"taxonomy":"category","embeddable":true,"href":"https:\/\/guineediversite.com\/index.php\/wp-json\/wp\/v2\/categories?post=16474"},{"taxonomy":"post_tag","embeddable":true,"href":"https:\/\/guineediversite.com\/index.php\/wp-json\/wp\/v2\/tags?post=16474"}],"curies":[{"name":"wp","href":"https:\/\/api.w.org\/{rel}","templated":true}]}}