{"id":16473,"date":"2014-03-11T00:00:00","date_gmt":"2014-03-10T23:00:00","guid":{"rendered":"https:\/\/www.guineediversite.com\/index.php\/2014\/03\/11\/110314fonction-publique-le-3e-concours-dacces-a-la-formation-rajeunir-et-feminiser-ladministration-annonce-pour-bientot-2\/"},"modified":"2014-03-11T00:00:00","modified_gmt":"2014-03-10T23:00:00","slug":"110314fonction-publique-le-3e-concours-dacces-a-la-formation-rajeunir-et-feminiser-ladministration-annonce-pour-bientot-2","status":"publish","type":"post","link":"https:\/\/guineediversite.com\/index.php\/2014\/03\/11\/110314fonction-publique-le-3e-concours-dacces-a-la-formation-rajeunir-et-feminiser-ladministration-annonce-pour-bientot-2\/","title":{"rendered":"11\/03\/14\nFonction publique : le 3e concours d\u2019acc\u00e8s \u00e0 la formation \u00ab rajeunir et f\u00e9miniser l\u2019administration \u00bb annonc\u00e9 pour bient\u00f4t"},"content":{"rendered":"<p>Le minist\u00e8re de la fonction publique, de la reforme de l\u2019Etat et de la modernisation de l\u2019administration a conjointement conf\u00e9r\u00e9 ce mardi 11 mars \u00e0 la maison de la presse, avec le service de coop\u00e9ration et d\u2019action culturelle de l\u2019Ambassade de France.<\/p>\n<p> L\u2019Objectif de cette conf\u00e9rence \u00e9tait d\u2019apporter des pr\u00e9cisions et les modalit\u00e9s de candidature au 3e concours d\u2019acc\u00e8s \u00e0 la formation \u2018\u2019rajeunir et f\u00e9miniser l\u2019administration\u2019\u2019.<\/p>\n<p>Ce projet financ\u00e9 \u00e0 la hauteur de 550 000 euros,  est le fruit de la coop\u00e9ration Guin\u00e9o-fran\u00e7aise. Il a pour principal objectif de rendre comp\u00e9tent les jeunes fonctionnaires guin\u00e9ens.<\/p>\n<p>Selon le chef de cabinet du minist\u00e8re de la fonction publique, de la reforme de l\u2019Etat et de la modernisation de l\u2019administration, ce projet qui est d\u00e9j\u00e0 \u00e0 sa phase d\u2019ex\u00e9cution, permettra d\u2019am\u00e9liorer la gouvernance de l\u2019administration guin\u00e9enne, en mettant un accent particulier sur la capacit\u00e9 d\u2019intervention des ressources humaines.\u00ab  Nous savons tous que la fonction publique guin\u00e9enne est vieillissante, donc il faut impulser la modernisation en son sein, et je pense que les jeunes peuvent \u00eatre le meilleur vecteur de ce changement \u00bb a d\u00e9clar\u00e9 Mohamed Traor\u00e9.<\/p>\n<p>Ce programme rajeunir et f\u00e9miniser l\u2019administration consiste \u00e0 former 1200 jeunes pendant 3 ans en technique de management, de communication, en r\u00e9daction administrative et l\u2019utilisation des nouvelles technologies de l\u2019information et de la communication.<\/p>\n<p>Pour Mass\u00e9 Camara, directeur g\u00e9n\u00e9ral adjoint du centre de perfectionnement administratif, ce programme est une chance pour la Guin\u00e9e, dans le sens que les cinq premiers laur\u00e9ats b\u00e9n\u00e9ficieront d\u2019un stage pratique \u00e0 Bordeaux, en France.<\/p>\n<p>De son cot\u00e9, l\u2019attach\u00e9 de coop\u00e9ration gouvernementale de l\u2019Ambassade de France, a quant \u00e0 lui, mis un accent particulier sur la candidature des femmes \u00e0 ce concours. Philippe Lecluze a \u00e9galement mis l\u2019occasion \u00e0 profit pour interpeler les autorit\u00e9s guin\u00e9ennes \u00e0 valoriser les laur\u00e9ats de ce concours en leurs octroyant des postes de responsabilit\u00e9 qui r\u00e9pondront \u00e0 leur formation.<\/p>\n<p>A noter que les inscriptions \u00e0 ce 3e concours d\u2019acc\u00e8s \u00e0 la formation \u2018\u2019rajeunir et f\u00e9miniser l\u2019administration\u2019\u2019  ont d\u00e9marr\u00e9  depuis le 3 f\u00e9vrier dernier et s\u2019\u00e9tendront jusqu\u2019au 25 mars prochain. Le concours quant \u00e0 lui, est pr\u00e9vu pour le 29 mars prochain.<\/p>\n<p>Abdoulaye Ciss\u00e9<\/p>\n","protected":false},"excerpt":{"rendered":"<p>Le minist\u00e8re de la fonction publique, de la reforme de l\u2019Etat et de la modernisation de l\u2019administration a conjointement conf\u00e9r\u00e9 ce mardi 11 mars \u00e0 la maison de la presse, avec le service de coop\u00e9ration et d\u2019action culturelle de l\u2019Ambassade de France. L\u2019Objectif de cette conf\u00e9rence \u00e9tait d\u2019apporter des pr\u00e9cisions et les modalit\u00e9s de candidature [&hellip;]<\/p>\n","protected":false},"author":12,"featured_media":0,"comment_status":"open","ping_status":"open","sticky":false,"template":"","format":"standard","meta":{"_exactmetrics_skip_tracking":false,"_exactmetrics_sitenote_active":false,"_exactmetrics_sitenote_note":"","_exactmetrics_sitenote_category":0,"tdm_status":"","tdm_grid_status":"","footnotes":""},"categories":[28],"tags":[],"class_list":{"0":"post-16473","1":"post","2":"type-post","3":"status-publish","4":"format-standard","6":"category-archives"},"yoast_head":"<!-- This site is optimized with the Yoast SEO plugin v24.2 - https:\/\/yoast.com\/wordpress\/plugins\/seo\/ -->\n<title>11\/03\/14 Fonction publique : le 3e concours d\u2019acc\u00e8s \u00e0 la formation \u00ab rajeunir et f\u00e9miniser l\u2019administration \u00bb annonc\u00e9 pour bient\u00f4t | Guin\u00e9e Diversit\u00e9<\/title>\n<meta name=\"robots\" content=\"index, follow, max-snippet:-1, max-image-preview:large, max-video-preview:-1\" \/>\n<link rel=\"canonical\" href=\"https:\/\/guineediversite.com\/index.php\/2014\/03\/11\/110314fonction-publique-le-3e-concours-dacces-a-la-formation-rajeunir-et-feminiser-ladministration-annonce-pour-bientot-2\/\" \/>\n<meta property=\"og:locale\" content=\"fr_FR\" \/>\n<meta property=\"og:type\" content=\"article\" \/>\n<meta property=\"og:title\" content=\"11\/03\/14 Fonction publique : le 3e concours d\u2019acc\u00e8s \u00e0 la formation \u00ab rajeunir et f\u00e9miniser l\u2019administration \u00bb annonc\u00e9 pour bient\u00f4t | Guin\u00e9e Diversit\u00e9\" \/>\n<meta property=\"og:description\" content=\"Le minist\u00e8re de la fonction publique, de la reforme de l\u2019Etat et de la modernisation de l\u2019administration a conjointement conf\u00e9r\u00e9 ce mardi 11 mars \u00e0 la maison de la presse, avec le service de coop\u00e9ration et d\u2019action culturelle de l\u2019Ambassade de France. L\u2019Objectif de cette conf\u00e9rence \u00e9tait d\u2019apporter des pr\u00e9cisions et les modalit\u00e9s de candidature [&hellip;]\" \/>\n<meta property=\"og:url\" content=\"https:\/\/guineediversite.com\/index.php\/2014\/03\/11\/110314fonction-publique-le-3e-concours-dacces-a-la-formation-rajeunir-et-feminiser-ladministration-annonce-pour-bientot-2\/\" \/>\n<meta property=\"og:site_name\" content=\"Guin\u00e9e Diversit\u00e9\" \/>\n<meta property=\"article:publisher\" content=\"https:\/\/www.facebook.com\/guineediversite\/\" \/>\n<meta property=\"article:published_time\" content=\"2014-03-10T23:00:00+00:00\" \/>\n<meta name=\"author\" content=\"Guin\u00e9e Diversit\u00e9\" \/>\n<meta name=\"twitter:card\" content=\"summary_large_image\" \/>\n<meta name=\"twitter:creator\" content=\"@GuineeDiversite\" \/>\n<meta name=\"twitter:site\" content=\"@GuineeDiversite\" \/>\n<meta name=\"twitter:label1\" content=\"\u00c9crit par\" \/>\n\t<meta name=\"twitter:data1\" content=\"Guin\u00e9e Diversit\u00e9\" \/>\n\t<meta name=\"twitter:label2\" content=\"Dur\u00e9e de lecture estim\u00e9e\" \/>\n\t<meta name=\"twitter:data2\" content=\"2 minutes\" \/>\n<script type=\"application\/ld+json\" class=\"yoast-schema-graph\">{\"@context\":\"https:\/\/schema.org\",\"@graph\":[{\"@type\":\"Article\",\"@id\":\"https:\/\/guineediversite.com\/index.php\/2014\/03\/11\/110314fonction-publique-le-3e-concours-dacces-a-la-formation-rajeunir-et-feminiser-ladministration-annonce-pour-bientot-2\/#article\",\"isPartOf\":{\"@id\":\"https:\/\/guineediversite.com\/index.php\/2014\/03\/11\/110314fonction-publique-le-3e-concours-dacces-a-la-formation-rajeunir-et-feminiser-ladministration-annonce-pour-bientot-2\/\"},\"author\":{\"name\":\"Guin\u00e9e Diversit\u00e9\",\"@id\":\"https:\/\/guineediversite.com\/#\/schema\/person\/afa08fb34e7fc6e1feafc892612bc836\"},\"headline\":\"11\/03\/14 Fonction publique : le 3e concours d\u2019acc\u00e8s \u00e0 la formation \u00ab rajeunir et f\u00e9miniser l\u2019administration \u00bb annonc\u00e9 pour bient\u00f4t\",\"datePublished\":\"2014-03-10T23:00:00+00:00\",\"dateModified\":\"2014-03-10T23:00:00+00:00\",\"mainEntityOfPage\":{\"@id\":\"https:\/\/guineediversite.com\/index.php\/2014\/03\/11\/110314fonction-publique-le-3e-concours-dacces-a-la-formation-rajeunir-et-feminiser-ladministration-annonce-pour-bientot-2\/\"},\"wordCount\":415,\"commentCount\":0,\"publisher\":{\"@id\":\"https:\/\/guineediversite.com\/#organization\"},\"articleSection\":[\"Archives\"],\"inLanguage\":\"fr-FR\",\"potentialAction\":[{\"@type\":\"CommentAction\",\"name\":\"Comment\",\"target\":[\"https:\/\/guineediversite.com\/index.php\/2014\/03\/11\/110314fonction-publique-le-3e-concours-dacces-a-la-formation-rajeunir-et-feminiser-ladministration-annonce-pour-bientot-2\/#respond\"]}]},{\"@type\":\"WebPage\",\"@id\":\"https:\/\/guineediversite.com\/index.php\/2014\/03\/11\/110314fonction-publique-le-3e-concours-dacces-a-la-formation-rajeunir-et-feminiser-ladministration-annonce-pour-bientot-2\/\",\"url\":\"https:\/\/guineediversite.com\/index.php\/2014\/03\/11\/110314fonction-publique-le-3e-concours-dacces-a-la-formation-rajeunir-et-feminiser-ladministration-annonce-pour-bientot-2\/\",\"name\":\"11\/03\/14 Fonction publique : le 3e concours d\u2019acc\u00e8s \u00e0 la formation \u00ab rajeunir et f\u00e9miniser l\u2019administration \u00bb annonc\u00e9 pour bient\u00f4t | Guin\u00e9e Diversit\u00e9\",\"isPartOf\":{\"@id\":\"https:\/\/guineediversite.com\/#website\"},\"datePublished\":\"2014-03-10T23:00:00+00:00\",\"dateModified\":\"2014-03-10T23:00:00+00:00\",\"breadcrumb\":{\"@id\":\"https:\/\/guineediversite.com\/index.php\/2014\/03\/11\/110314fonction-publique-le-3e-concours-dacces-a-la-formation-rajeunir-et-feminiser-ladministration-annonce-pour-bientot-2\/#breadcrumb\"},\"inLanguage\":\"fr-FR\",\"potentialAction\":[{\"@type\":\"ReadAction\",\"target\":[\"https:\/\/guineediversite.com\/index.php\/2014\/03\/11\/110314fonction-publique-le-3e-concours-dacces-a-la-formation-rajeunir-et-feminiser-ladministration-annonce-pour-bientot-2\/\"]}]},{\"@type\":\"BreadcrumbList\",\"@id\":\"https:\/\/guineediversite.com\/index.php\/2014\/03\/11\/110314fonction-publique-le-3e-concours-dacces-a-la-formation-rajeunir-et-feminiser-ladministration-annonce-pour-bientot-2\/#breadcrumb\",\"itemListElement\":[{\"@type\":\"ListItem\",\"position\":1,\"name\":\"Accueil\",\"item\":\"https:\/\/guineediversite.com\/\"},{\"@type\":\"ListItem\",\"position\":2,\"name\":\"11\/03\/14 Fonction publique : le 3e concours d\u2019acc\u00e8s \u00e0 la formation \u00ab rajeunir et f\u00e9miniser l\u2019administration \u00bb annonc\u00e9 pour bient\u00f4t\"}]},{\"@type\":\"WebSite\",\"@id\":\"https:\/\/guineediversite.com\/#website\",\"url\":\"https:\/\/guineediversite.com\/\",\"name\":\"Guin\u00e9e Diversit\u00e9\",\"description\":\"L&#039;Info dans toute sa diversit\u00e9\",\"publisher\":{\"@id\":\"https:\/\/guineediversite.com\/#organization\"},\"potentialAction\":[{\"@type\":\"SearchAction\",\"target\":{\"@type\":\"EntryPoint\",\"urlTemplate\":\"https:\/\/guineediversite.com\/?s={search_term_string}\"},\"query-input\":{\"@type\":\"PropertyValueSpecification\",\"valueRequired\":true,\"valueName\":\"search_term_string\"}}],\"inLanguage\":\"fr-FR\"},{\"@type\":\"Organization\",\"@id\":\"https:\/\/guineediversite.com\/#organization\",\"name\":\"Guin\u00e9e Diversit\u00e9\",\"url\":\"https:\/\/guineediversite.com\/\",\"logo\":{\"@type\":\"ImageObject\",\"inLanguage\":\"fr-FR\",\"@id\":\"https:\/\/guineediversite.com\/#\/schema\/logo\/image\/\",\"url\":\"https:\/\/guineediversite.com\/wp-content\/uploads\/2017\/04\/cropped-1jojlxEOMkX9Wyqfhe43D6kjPOGqBBKmx3EwWJqZ0cMrFF54yM49.png\",\"contentUrl\":\"https:\/\/guineediversite.com\/wp-content\/uploads\/2017\/04\/cropped-1jojlxEOMkX9Wyqfhe43D6kjPOGqBBKmx3EwWJqZ0cMrFF54yM49.png\",\"width\":186,\"height\":112,\"caption\":\"Guin\u00e9e Diversit\u00e9\"},\"image\":{\"@id\":\"https:\/\/guineediversite.com\/#\/schema\/logo\/image\/\"},\"sameAs\":[\"https:\/\/www.facebook.com\/guineediversite\/\",\"https:\/\/x.com\/GuineeDiversite\",\"https:\/\/www.youtube.com\/channel\/UC8sUY16qelG5ge6_D5SB83g\"]},{\"@type\":\"Person\",\"@id\":\"https:\/\/guineediversite.com\/#\/schema\/person\/afa08fb34e7fc6e1feafc892612bc836\",\"name\":\"Guin\u00e9e Diversit\u00e9\",\"image\":{\"@type\":\"ImageObject\",\"inLanguage\":\"fr-FR\",\"@id\":\"https:\/\/guineediversite.com\/#\/schema\/person\/image\/\",\"url\":\"https:\/\/secure.gravatar.com\/avatar\/50d5eb5b390f8b65ac30ac6f898eb83a?s=96&d=mm&r=g\",\"contentUrl\":\"https:\/\/secure.gravatar.com\/avatar\/50d5eb5b390f8b65ac30ac6f898eb83a?s=96&d=mm&r=g\",\"caption\":\"Guin\u00e9e Diversit\u00e9\"},\"url\":\"https:\/\/guineediversite.com\/index.php\/author\/guineediversite\/\"}]}<\/script>\n<!-- \/ Yoast SEO plugin. -->","yoast_head_json":{"title":"11\/03\/14 Fonction publique : le 3e concours d\u2019acc\u00e8s \u00e0 la formation \u00ab rajeunir et f\u00e9miniser l\u2019administration \u00bb annonc\u00e9 pour bient\u00f4t | Guin\u00e9e Diversit\u00e9","robots":{"index":"index","follow":"follow","max-snippet":"max-snippet:-1","max-image-preview":"max-image-preview:large","max-video-preview":"max-video-preview:-1"},"canonical":"https:\/\/guineediversite.com\/index.php\/2014\/03\/11\/110314fonction-publique-le-3e-concours-dacces-a-la-formation-rajeunir-et-feminiser-ladministration-annonce-pour-bientot-2\/","og_locale":"fr_FR","og_type":"article","og_title":"11\/03\/14 Fonction publique : le 3e concours d\u2019acc\u00e8s \u00e0 la formation \u00ab rajeunir et f\u00e9miniser l\u2019administration \u00bb annonc\u00e9 pour bient\u00f4t | Guin\u00e9e Diversit\u00e9","og_description":"Le minist\u00e8re de la fonction publique, de la reforme de l\u2019Etat et de la modernisation de l\u2019administration a conjointement conf\u00e9r\u00e9 ce mardi 11 mars \u00e0 la maison de la presse, avec le service de coop\u00e9ration et d\u2019action culturelle de l\u2019Ambassade de France. L\u2019Objectif de cette conf\u00e9rence \u00e9tait d\u2019apporter des pr\u00e9cisions et les modalit\u00e9s de candidature [&hellip;]","og_url":"https:\/\/guineediversite.com\/index.php\/2014\/03\/11\/110314fonction-publique-le-3e-concours-dacces-a-la-formation-rajeunir-et-feminiser-ladministration-annonce-pour-bientot-2\/","og_site_name":"Guin\u00e9e Diversit\u00e9","article_publisher":"https:\/\/www.facebook.com\/guineediversite\/","article_published_time":"2014-03-10T23:00:00+00:00","author":"Guin\u00e9e Diversit\u00e9","twitter_card":"summary_large_image","twitter_creator":"@GuineeDiversite","twitter_site":"@GuineeDiversite","twitter_misc":{"\u00c9crit par":"Guin\u00e9e Diversit\u00e9","Dur\u00e9e de lecture estim\u00e9e":"2 minutes"},"schema":{"@context":"https:\/\/schema.org","@graph":[{"@type":"Article","@id":"https:\/\/guineediversite.com\/index.php\/2014\/03\/11\/110314fonction-publique-le-3e-concours-dacces-a-la-formation-rajeunir-et-feminiser-ladministration-annonce-pour-bientot-2\/#article","isPartOf":{"@id":"https:\/\/guineediversite.com\/index.php\/2014\/03\/11\/110314fonction-publique-le-3e-concours-dacces-a-la-formation-rajeunir-et-feminiser-ladministration-annonce-pour-bientot-2\/"},"author":{"name":"Guin\u00e9e Diversit\u00e9","@id":"https:\/\/guineediversite.com\/#\/schema\/person\/afa08fb34e7fc6e1feafc892612bc836"},"headline":"11\/03\/14 Fonction publique : le 3e concours d\u2019acc\u00e8s \u00e0 la formation \u00ab rajeunir et f\u00e9miniser l\u2019administration \u00bb annonc\u00e9 pour bient\u00f4t","datePublished":"2014-03-10T23:00:00+00:00","dateModified":"2014-03-10T23:00:00+00:00","mainEntityOfPage":{"@id":"https:\/\/guineediversite.com\/index.php\/2014\/03\/11\/110314fonction-publique-le-3e-concours-dacces-a-la-formation-rajeunir-et-feminiser-ladministration-annonce-pour-bientot-2\/"},"wordCount":415,"commentCount":0,"publisher":{"@id":"https:\/\/guineediversite.com\/#organization"},"articleSection":["Archives"],"inLanguage":"fr-FR","potentialAction":[{"@type":"CommentAction","name":"Comment","target":["https:\/\/guineediversite.com\/index.php\/2014\/03\/11\/110314fonction-publique-le-3e-concours-dacces-a-la-formation-rajeunir-et-feminiser-ladministration-annonce-pour-bientot-2\/#respond"]}]},{"@type":"WebPage","@id":"https:\/\/guineediversite.com\/index.php\/2014\/03\/11\/110314fonction-publique-le-3e-concours-dacces-a-la-formation-rajeunir-et-feminiser-ladministration-annonce-pour-bientot-2\/","url":"https:\/\/guineediversite.com\/index.php\/2014\/03\/11\/110314fonction-publique-le-3e-concours-dacces-a-la-formation-rajeunir-et-feminiser-ladministration-annonce-pour-bientot-2\/","name":"11\/03\/14 Fonction publique : le 3e concours d\u2019acc\u00e8s \u00e0 la formation \u00ab rajeunir et f\u00e9miniser l\u2019administration \u00bb annonc\u00e9 pour bient\u00f4t | Guin\u00e9e Diversit\u00e9","isPartOf":{"@id":"https:\/\/guineediversite.com\/#website"},"datePublished":"2014-03-10T23:00:00+00:00","dateModified":"2014-03-10T23:00:00+00:00","breadcrumb":{"@id":"https:\/\/guineediversite.com\/index.php\/2014\/03\/11\/110314fonction-publique-le-3e-concours-dacces-a-la-formation-rajeunir-et-feminiser-ladministration-annonce-pour-bientot-2\/#breadcrumb"},"inLanguage":"fr-FR","potentialAction":[{"@type":"ReadAction","target":["https:\/\/guineediversite.com\/index.php\/2014\/03\/11\/110314fonction-publique-le-3e-concours-dacces-a-la-formation-rajeunir-et-feminiser-ladministration-annonce-pour-bientot-2\/"]}]},{"@type":"BreadcrumbList","@id":"https:\/\/guineediversite.com\/index.php\/2014\/03\/11\/110314fonction-publique-le-3e-concours-dacces-a-la-formation-rajeunir-et-feminiser-ladministration-annonce-pour-bientot-2\/#breadcrumb","itemListElement":[{"@type":"ListItem","position":1,"name":"Accueil","item":"https:\/\/guineediversite.com\/"},{"@type":"ListItem","position":2,"name":"11\/03\/14 Fonction publique : le 3e concours d\u2019acc\u00e8s \u00e0 la formation \u00ab rajeunir et f\u00e9miniser l\u2019administration \u00bb annonc\u00e9 pour bient\u00f4t"}]},{"@type":"WebSite","@id":"https:\/\/guineediversite.com\/#website","url":"https:\/\/guineediversite.com\/","name":"Guin\u00e9e Diversit\u00e9","description":"L&#039;Info dans toute sa diversit\u00e9","publisher":{"@id":"https:\/\/guineediversite.com\/#organization"},"potentialAction":[{"@type":"SearchAction","target":{"@type":"EntryPoint","urlTemplate":"https:\/\/guineediversite.com\/?s={search_term_string}"},"query-input":{"@type":"PropertyValueSpecification","valueRequired":true,"valueName":"search_term_string"}}],"inLanguage":"fr-FR"},{"@type":"Organization","@id":"https:\/\/guineediversite.com\/#organization","name":"Guin\u00e9e Diversit\u00e9","url":"https:\/\/guineediversite.com\/","logo":{"@type":"ImageObject","inLanguage":"fr-FR","@id":"https:\/\/guineediversite.com\/#\/schema\/logo\/image\/","url":"https:\/\/guineediversite.com\/wp-content\/uploads\/2017\/04\/cropped-1jojlxEOMkX9Wyqfhe43D6kjPOGqBBKmx3EwWJqZ0cMrFF54yM49.png","contentUrl":"https:\/\/guineediversite.com\/wp-content\/uploads\/2017\/04\/cropped-1jojlxEOMkX9Wyqfhe43D6kjPOGqBBKmx3EwWJqZ0cMrFF54yM49.png","width":186,"height":112,"caption":"Guin\u00e9e Diversit\u00e9"},"image":{"@id":"https:\/\/guineediversite.com\/#\/schema\/logo\/image\/"},"sameAs":["https:\/\/www.facebook.com\/guineediversite\/","https:\/\/x.com\/GuineeDiversite","https:\/\/www.youtube.com\/channel\/UC8sUY16qelG5ge6_D5SB83g"]},{"@type":"Person","@id":"https:\/\/guineediversite.com\/#\/schema\/person\/afa08fb34e7fc6e1feafc892612bc836","name":"Guin\u00e9e Diversit\u00e9","image":{"@type":"ImageObject","inLanguage":"fr-FR","@id":"https:\/\/guineediversite.com\/#\/schema\/person\/image\/","url":"https:\/\/secure.gravatar.com\/avatar\/50d5eb5b390f8b65ac30ac6f898eb83a?s=96&d=mm&r=g","contentUrl":"https:\/\/secure.gravatar.com\/avatar\/50d5eb5b390f8b65ac30ac6f898eb83a?s=96&d=mm&r=g","caption":"Guin\u00e9e Diversit\u00e9"},"url":"https:\/\/guineediversite.com\/index.php\/author\/guineediversite\/"}]}},"_links":{"self":[{"href":"https:\/\/guineediversite.com\/index.php\/wp-json\/wp\/v2\/posts\/16473"}],"collection":[{"href":"https:\/\/guineediversite.com\/index.php\/wp-json\/wp\/v2\/posts"}],"about":[{"href":"https:\/\/guineediversite.com\/index.php\/wp-json\/wp\/v2\/types\/post"}],"author":[{"embeddable":true,"href":"https:\/\/guineediversite.com\/index.php\/wp-json\/wp\/v2\/users\/12"}],"replies":[{"embeddable":true,"href":"https:\/\/guineediversite.com\/index.php\/wp-json\/wp\/v2\/comments?post=16473"}],"version-history":[{"count":0,"href":"https:\/\/guineediversite.com\/index.php\/wp-json\/wp\/v2\/posts\/16473\/revisions"}],"wp:attachment":[{"href":"https:\/\/guineediversite.com\/index.php\/wp-json\/wp\/v2\/media?parent=16473"}],"wp:term":[{"taxonomy":"category","embeddable":true,"href":"https:\/\/guineediversite.com\/index.php\/wp-json\/wp\/v2\/categories?post=16473"},{"taxonomy":"post_tag","embeddable":true,"href":"https:\/\/guineediversite.com\/index.php\/wp-json\/wp\/v2\/tags?post=16473"}],"curies":[{"name":"wp","href":"https:\/\/api.w.org\/{rel}","templated":true}]}}