{"id":16469,"date":"2014-03-11T00:00:00","date_gmt":"2014-03-10T23:00:00","guid":{"rendered":"https:\/\/www.guineediversite.com\/index.php\/2014\/03\/11\/110314celebration-de-la-journee-internationale-des-consommateurs-udcg-tire-la-sonnette-dalarme-sur-la-situation-des-consommateurs-guineens-2\/"},"modified":"2014-03-11T00:00:00","modified_gmt":"2014-03-10T23:00:00","slug":"110314celebration-de-la-journee-internationale-des-consommateurs-udcg-tire-la-sonnette-dalarme-sur-la-situation-des-consommateurs-guineens-2","status":"publish","type":"post","link":"https:\/\/guineediversite.com\/index.php\/2014\/03\/11\/110314celebration-de-la-journee-internationale-des-consommateurs-udcg-tire-la-sonnette-dalarme-sur-la-situation-des-consommateurs-guineens-2\/","title":{"rendered":"11\/03\/14\nC\u00e9l\u00e9bration de la journ\u00e9e internationale des consommateurs : UDCG tire la sonnette d\u2019alarme sur la situation des consommateurs guin\u00e9ens"},"content":{"rendered":"<p>A quelques jours de la c\u00e9l\u00e9bration de la journ\u00e9e mondiale des consommateurs pr\u00e9vue le 15 mars prochain, les organisations de d\u00e9fense des consommateurs de Guin\u00e9e tirent la sonnette d\u2019alarme. C\u2019est le cas de l\u2019union pour la d\u00e9fense des consommateurs de Guin\u00e9e. \u00ab Fixons le droit en mati\u00e8re de t\u00e9l\u00e9phonie \u00bb, est le th\u00e8me choisi cette ann\u00e9e. Pour le pr\u00e9sident de L\u2019U.D.C.G, cette journ\u00e9e est une occasion  pour attirer l\u2019attention des autorit\u00e9s sur la situation des consommateurs en Guin\u00e9e.  \u00ab Ce qui nous tiens aujourd\u2019hui \u00e0 c\u0153ur, c\u2019est la situation de l\u2019entreprise Sotelgui. Il n\u2019est de secret pour personne que depuis plus d\u2019un an, la Sotelgui est ferm\u00e9 au d\u00e9triment des droits des consommateurs. Aujourd\u2019hui, il ya des millions de personnes qui souffrent dans ce secteur. Face \u00e0 cette situation donc, nous lan\u00e7ons un signal \u00e0 l\u2019endroit de monsieur le pr\u00e9sident de la r\u00e9publique de s\u2019impliquer r\u00e9solument pour la relancer de cette soci\u00e9t\u00e9\u00bb a martel\u00e9 Bani Sidib\u00e9.<\/p>\n<p>Parlant de la c\u00e9l\u00e9bration de la f\u00eate internationale des consommateurs pr\u00e9vu pour le 15 mars prochain, Bani Sidib\u00e9 dit avoir d\u00e9j\u00e0 d\u00e9pos\u00e9 un m\u00e9morandum contenant des revendications au pr\u00e8s de l\u2019ARTP.<br \/>\nCes revendications se r\u00e9sument  \u00e0 la diminution des tarifs de communication, le respect de la facturation \u00e0 la seconde et la publication d\u2019un chronogramme clair de couverture de territoire national.<\/p>\n<p>Ablaye Ciss\u00e9<\/p>\n","protected":false},"excerpt":{"rendered":"<p>A quelques jours de la c\u00e9l\u00e9bration de la journ\u00e9e mondiale des consommateurs pr\u00e9vue le 15 mars prochain, les organisations de d\u00e9fense des consommateurs de Guin\u00e9e tirent la sonnette d\u2019alarme. C\u2019est le cas de l\u2019union pour la d\u00e9fense des consommateurs de Guin\u00e9e. \u00ab Fixons le droit en mati\u00e8re de t\u00e9l\u00e9phonie \u00bb, est le th\u00e8me choisi cette [&hellip;]<\/p>\n","protected":false},"author":12,"featured_media":0,"comment_status":"open","ping_status":"open","sticky":false,"template":"","format":"standard","meta":{"_exactmetrics_skip_tracking":false,"_exactmetrics_sitenote_active":false,"_exactmetrics_sitenote_note":"","_exactmetrics_sitenote_category":0,"tdm_status":"","tdm_grid_status":"","footnotes":""},"categories":[28],"tags":[],"class_list":{"0":"post-16469","1":"post","2":"type-post","3":"status-publish","4":"format-standard","6":"category-archives"},"yoast_head":"<!-- This site is optimized with the Yoast SEO plugin v24.2 - https:\/\/yoast.com\/wordpress\/plugins\/seo\/ -->\n<title>11\/03\/14 C\u00e9l\u00e9bration de la journ\u00e9e internationale des consommateurs : UDCG tire la sonnette d\u2019alarme sur la situation des consommateurs guin\u00e9ens | Guin\u00e9e Diversit\u00e9<\/title>\n<meta name=\"robots\" content=\"index, follow, max-snippet:-1, max-image-preview:large, max-video-preview:-1\" \/>\n<link rel=\"canonical\" href=\"https:\/\/guineediversite.com\/index.php\/2014\/03\/11\/110314celebration-de-la-journee-internationale-des-consommateurs-udcg-tire-la-sonnette-dalarme-sur-la-situation-des-consommateurs-guineens-2\/\" \/>\n<meta property=\"og:locale\" content=\"fr_FR\" \/>\n<meta property=\"og:type\" content=\"article\" \/>\n<meta property=\"og:title\" content=\"11\/03\/14 C\u00e9l\u00e9bration de la journ\u00e9e internationale des consommateurs : UDCG tire la sonnette d\u2019alarme sur la situation des consommateurs guin\u00e9ens | Guin\u00e9e Diversit\u00e9\" \/>\n<meta property=\"og:description\" content=\"A quelques jours de la c\u00e9l\u00e9bration de la journ\u00e9e mondiale des consommateurs pr\u00e9vue le 15 mars prochain, les organisations de d\u00e9fense des consommateurs de Guin\u00e9e tirent la sonnette d\u2019alarme. C\u2019est le cas de l\u2019union pour la d\u00e9fense des consommateurs de Guin\u00e9e. \u00ab Fixons le droit en mati\u00e8re de t\u00e9l\u00e9phonie \u00bb, est le th\u00e8me choisi cette [&hellip;]\" \/>\n<meta property=\"og:url\" content=\"https:\/\/guineediversite.com\/index.php\/2014\/03\/11\/110314celebration-de-la-journee-internationale-des-consommateurs-udcg-tire-la-sonnette-dalarme-sur-la-situation-des-consommateurs-guineens-2\/\" \/>\n<meta property=\"og:site_name\" content=\"Guin\u00e9e Diversit\u00e9\" \/>\n<meta property=\"article:publisher\" content=\"https:\/\/www.facebook.com\/guineediversite\/\" \/>\n<meta property=\"article:published_time\" content=\"2014-03-10T23:00:00+00:00\" \/>\n<meta name=\"author\" content=\"Guin\u00e9e Diversit\u00e9\" \/>\n<meta name=\"twitter:card\" content=\"summary_large_image\" \/>\n<meta name=\"twitter:creator\" content=\"@GuineeDiversite\" \/>\n<meta name=\"twitter:site\" content=\"@GuineeDiversite\" \/>\n<meta name=\"twitter:label1\" content=\"\u00c9crit par\" \/>\n\t<meta name=\"twitter:data1\" content=\"Guin\u00e9e Diversit\u00e9\" \/>\n\t<meta name=\"twitter:label2\" content=\"Dur\u00e9e de lecture estim\u00e9e\" \/>\n\t<meta name=\"twitter:data2\" content=\"1 minute\" \/>\n<script type=\"application\/ld+json\" class=\"yoast-schema-graph\">{\"@context\":\"https:\/\/schema.org\",\"@graph\":[{\"@type\":\"Article\",\"@id\":\"https:\/\/guineediversite.com\/index.php\/2014\/03\/11\/110314celebration-de-la-journee-internationale-des-consommateurs-udcg-tire-la-sonnette-dalarme-sur-la-situation-des-consommateurs-guineens-2\/#article\",\"isPartOf\":{\"@id\":\"https:\/\/guineediversite.com\/index.php\/2014\/03\/11\/110314celebration-de-la-journee-internationale-des-consommateurs-udcg-tire-la-sonnette-dalarme-sur-la-situation-des-consommateurs-guineens-2\/\"},\"author\":{\"name\":\"Guin\u00e9e Diversit\u00e9\",\"@id\":\"https:\/\/guineediversite.com\/#\/schema\/person\/afa08fb34e7fc6e1feafc892612bc836\"},\"headline\":\"11\/03\/14 C\u00e9l\u00e9bration de la journ\u00e9e internationale des consommateurs : UDCG tire la sonnette d\u2019alarme sur la situation des consommateurs guin\u00e9ens\",\"datePublished\":\"2014-03-10T23:00:00+00:00\",\"dateModified\":\"2014-03-10T23:00:00+00:00\",\"mainEntityOfPage\":{\"@id\":\"https:\/\/guineediversite.com\/index.php\/2014\/03\/11\/110314celebration-de-la-journee-internationale-des-consommateurs-udcg-tire-la-sonnette-dalarme-sur-la-situation-des-consommateurs-guineens-2\/\"},\"wordCount\":283,\"commentCount\":0,\"publisher\":{\"@id\":\"https:\/\/guineediversite.com\/#organization\"},\"articleSection\":[\"Archives\"],\"inLanguage\":\"fr-FR\",\"potentialAction\":[{\"@type\":\"CommentAction\",\"name\":\"Comment\",\"target\":[\"https:\/\/guineediversite.com\/index.php\/2014\/03\/11\/110314celebration-de-la-journee-internationale-des-consommateurs-udcg-tire-la-sonnette-dalarme-sur-la-situation-des-consommateurs-guineens-2\/#respond\"]}]},{\"@type\":\"WebPage\",\"@id\":\"https:\/\/guineediversite.com\/index.php\/2014\/03\/11\/110314celebration-de-la-journee-internationale-des-consommateurs-udcg-tire-la-sonnette-dalarme-sur-la-situation-des-consommateurs-guineens-2\/\",\"url\":\"https:\/\/guineediversite.com\/index.php\/2014\/03\/11\/110314celebration-de-la-journee-internationale-des-consommateurs-udcg-tire-la-sonnette-dalarme-sur-la-situation-des-consommateurs-guineens-2\/\",\"name\":\"11\/03\/14 C\u00e9l\u00e9bration de la journ\u00e9e internationale des consommateurs : UDCG tire la sonnette d\u2019alarme sur la situation des consommateurs guin\u00e9ens | Guin\u00e9e Diversit\u00e9\",\"isPartOf\":{\"@id\":\"https:\/\/guineediversite.com\/#website\"},\"datePublished\":\"2014-03-10T23:00:00+00:00\",\"dateModified\":\"2014-03-10T23:00:00+00:00\",\"breadcrumb\":{\"@id\":\"https:\/\/guineediversite.com\/index.php\/2014\/03\/11\/110314celebration-de-la-journee-internationale-des-consommateurs-udcg-tire-la-sonnette-dalarme-sur-la-situation-des-consommateurs-guineens-2\/#breadcrumb\"},\"inLanguage\":\"fr-FR\",\"potentialAction\":[{\"@type\":\"ReadAction\",\"target\":[\"https:\/\/guineediversite.com\/index.php\/2014\/03\/11\/110314celebration-de-la-journee-internationale-des-consommateurs-udcg-tire-la-sonnette-dalarme-sur-la-situation-des-consommateurs-guineens-2\/\"]}]},{\"@type\":\"BreadcrumbList\",\"@id\":\"https:\/\/guineediversite.com\/index.php\/2014\/03\/11\/110314celebration-de-la-journee-internationale-des-consommateurs-udcg-tire-la-sonnette-dalarme-sur-la-situation-des-consommateurs-guineens-2\/#breadcrumb\",\"itemListElement\":[{\"@type\":\"ListItem\",\"position\":1,\"name\":\"Accueil\",\"item\":\"https:\/\/guineediversite.com\/\"},{\"@type\":\"ListItem\",\"position\":2,\"name\":\"11\/03\/14 C\u00e9l\u00e9bration de la journ\u00e9e internationale des consommateurs : UDCG tire la sonnette d\u2019alarme sur la situation des consommateurs guin\u00e9ens\"}]},{\"@type\":\"WebSite\",\"@id\":\"https:\/\/guineediversite.com\/#website\",\"url\":\"https:\/\/guineediversite.com\/\",\"name\":\"Guin\u00e9e Diversit\u00e9\",\"description\":\"L&#039;Info dans toute sa diversit\u00e9\",\"publisher\":{\"@id\":\"https:\/\/guineediversite.com\/#organization\"},\"potentialAction\":[{\"@type\":\"SearchAction\",\"target\":{\"@type\":\"EntryPoint\",\"urlTemplate\":\"https:\/\/guineediversite.com\/?s={search_term_string}\"},\"query-input\":{\"@type\":\"PropertyValueSpecification\",\"valueRequired\":true,\"valueName\":\"search_term_string\"}}],\"inLanguage\":\"fr-FR\"},{\"@type\":\"Organization\",\"@id\":\"https:\/\/guineediversite.com\/#organization\",\"name\":\"Guin\u00e9e Diversit\u00e9\",\"url\":\"https:\/\/guineediversite.com\/\",\"logo\":{\"@type\":\"ImageObject\",\"inLanguage\":\"fr-FR\",\"@id\":\"https:\/\/guineediversite.com\/#\/schema\/logo\/image\/\",\"url\":\"https:\/\/guineediversite.com\/wp-content\/uploads\/2017\/04\/cropped-1jojlxEOMkX9Wyqfhe43D6kjPOGqBBKmx3EwWJqZ0cMrFF54yM49.png\",\"contentUrl\":\"https:\/\/guineediversite.com\/wp-content\/uploads\/2017\/04\/cropped-1jojlxEOMkX9Wyqfhe43D6kjPOGqBBKmx3EwWJqZ0cMrFF54yM49.png\",\"width\":186,\"height\":112,\"caption\":\"Guin\u00e9e Diversit\u00e9\"},\"image\":{\"@id\":\"https:\/\/guineediversite.com\/#\/schema\/logo\/image\/\"},\"sameAs\":[\"https:\/\/www.facebook.com\/guineediversite\/\",\"https:\/\/x.com\/GuineeDiversite\",\"https:\/\/www.youtube.com\/channel\/UC8sUY16qelG5ge6_D5SB83g\"]},{\"@type\":\"Person\",\"@id\":\"https:\/\/guineediversite.com\/#\/schema\/person\/afa08fb34e7fc6e1feafc892612bc836\",\"name\":\"Guin\u00e9e Diversit\u00e9\",\"image\":{\"@type\":\"ImageObject\",\"inLanguage\":\"fr-FR\",\"@id\":\"https:\/\/guineediversite.com\/#\/schema\/person\/image\/\",\"url\":\"https:\/\/secure.gravatar.com\/avatar\/50d5eb5b390f8b65ac30ac6f898eb83a?s=96&d=mm&r=g\",\"contentUrl\":\"https:\/\/secure.gravatar.com\/avatar\/50d5eb5b390f8b65ac30ac6f898eb83a?s=96&d=mm&r=g\",\"caption\":\"Guin\u00e9e Diversit\u00e9\"},\"url\":\"https:\/\/guineediversite.com\/index.php\/author\/guineediversite\/\"}]}<\/script>\n<!-- \/ Yoast SEO plugin. -->","yoast_head_json":{"title":"11\/03\/14 C\u00e9l\u00e9bration de la journ\u00e9e internationale des consommateurs : UDCG tire la sonnette d\u2019alarme sur la situation des consommateurs guin\u00e9ens | Guin\u00e9e Diversit\u00e9","robots":{"index":"index","follow":"follow","max-snippet":"max-snippet:-1","max-image-preview":"max-image-preview:large","max-video-preview":"max-video-preview:-1"},"canonical":"https:\/\/guineediversite.com\/index.php\/2014\/03\/11\/110314celebration-de-la-journee-internationale-des-consommateurs-udcg-tire-la-sonnette-dalarme-sur-la-situation-des-consommateurs-guineens-2\/","og_locale":"fr_FR","og_type":"article","og_title":"11\/03\/14 C\u00e9l\u00e9bration de la journ\u00e9e internationale des consommateurs : UDCG tire la sonnette d\u2019alarme sur la situation des consommateurs guin\u00e9ens | Guin\u00e9e Diversit\u00e9","og_description":"A quelques jours de la c\u00e9l\u00e9bration de la journ\u00e9e mondiale des consommateurs pr\u00e9vue le 15 mars prochain, les organisations de d\u00e9fense des consommateurs de Guin\u00e9e tirent la sonnette d\u2019alarme. C\u2019est le cas de l\u2019union pour la d\u00e9fense des consommateurs de Guin\u00e9e. \u00ab Fixons le droit en mati\u00e8re de t\u00e9l\u00e9phonie \u00bb, est le th\u00e8me choisi cette [&hellip;]","og_url":"https:\/\/guineediversite.com\/index.php\/2014\/03\/11\/110314celebration-de-la-journee-internationale-des-consommateurs-udcg-tire-la-sonnette-dalarme-sur-la-situation-des-consommateurs-guineens-2\/","og_site_name":"Guin\u00e9e Diversit\u00e9","article_publisher":"https:\/\/www.facebook.com\/guineediversite\/","article_published_time":"2014-03-10T23:00:00+00:00","author":"Guin\u00e9e Diversit\u00e9","twitter_card":"summary_large_image","twitter_creator":"@GuineeDiversite","twitter_site":"@GuineeDiversite","twitter_misc":{"\u00c9crit par":"Guin\u00e9e Diversit\u00e9","Dur\u00e9e de lecture estim\u00e9e":"1 minute"},"schema":{"@context":"https:\/\/schema.org","@graph":[{"@type":"Article","@id":"https:\/\/guineediversite.com\/index.php\/2014\/03\/11\/110314celebration-de-la-journee-internationale-des-consommateurs-udcg-tire-la-sonnette-dalarme-sur-la-situation-des-consommateurs-guineens-2\/#article","isPartOf":{"@id":"https:\/\/guineediversite.com\/index.php\/2014\/03\/11\/110314celebration-de-la-journee-internationale-des-consommateurs-udcg-tire-la-sonnette-dalarme-sur-la-situation-des-consommateurs-guineens-2\/"},"author":{"name":"Guin\u00e9e Diversit\u00e9","@id":"https:\/\/guineediversite.com\/#\/schema\/person\/afa08fb34e7fc6e1feafc892612bc836"},"headline":"11\/03\/14 C\u00e9l\u00e9bration de la journ\u00e9e internationale des consommateurs : UDCG tire la sonnette d\u2019alarme sur la situation des consommateurs guin\u00e9ens","datePublished":"2014-03-10T23:00:00+00:00","dateModified":"2014-03-10T23:00:00+00:00","mainEntityOfPage":{"@id":"https:\/\/guineediversite.com\/index.php\/2014\/03\/11\/110314celebration-de-la-journee-internationale-des-consommateurs-udcg-tire-la-sonnette-dalarme-sur-la-situation-des-consommateurs-guineens-2\/"},"wordCount":283,"commentCount":0,"publisher":{"@id":"https:\/\/guineediversite.com\/#organization"},"articleSection":["Archives"],"inLanguage":"fr-FR","potentialAction":[{"@type":"CommentAction","name":"Comment","target":["https:\/\/guineediversite.com\/index.php\/2014\/03\/11\/110314celebration-de-la-journee-internationale-des-consommateurs-udcg-tire-la-sonnette-dalarme-sur-la-situation-des-consommateurs-guineens-2\/#respond"]}]},{"@type":"WebPage","@id":"https:\/\/guineediversite.com\/index.php\/2014\/03\/11\/110314celebration-de-la-journee-internationale-des-consommateurs-udcg-tire-la-sonnette-dalarme-sur-la-situation-des-consommateurs-guineens-2\/","url":"https:\/\/guineediversite.com\/index.php\/2014\/03\/11\/110314celebration-de-la-journee-internationale-des-consommateurs-udcg-tire-la-sonnette-dalarme-sur-la-situation-des-consommateurs-guineens-2\/","name":"11\/03\/14 C\u00e9l\u00e9bration de la journ\u00e9e internationale des consommateurs : UDCG tire la sonnette d\u2019alarme sur la situation des consommateurs guin\u00e9ens | Guin\u00e9e Diversit\u00e9","isPartOf":{"@id":"https:\/\/guineediversite.com\/#website"},"datePublished":"2014-03-10T23:00:00+00:00","dateModified":"2014-03-10T23:00:00+00:00","breadcrumb":{"@id":"https:\/\/guineediversite.com\/index.php\/2014\/03\/11\/110314celebration-de-la-journee-internationale-des-consommateurs-udcg-tire-la-sonnette-dalarme-sur-la-situation-des-consommateurs-guineens-2\/#breadcrumb"},"inLanguage":"fr-FR","potentialAction":[{"@type":"ReadAction","target":["https:\/\/guineediversite.com\/index.php\/2014\/03\/11\/110314celebration-de-la-journee-internationale-des-consommateurs-udcg-tire-la-sonnette-dalarme-sur-la-situation-des-consommateurs-guineens-2\/"]}]},{"@type":"BreadcrumbList","@id":"https:\/\/guineediversite.com\/index.php\/2014\/03\/11\/110314celebration-de-la-journee-internationale-des-consommateurs-udcg-tire-la-sonnette-dalarme-sur-la-situation-des-consommateurs-guineens-2\/#breadcrumb","itemListElement":[{"@type":"ListItem","position":1,"name":"Accueil","item":"https:\/\/guineediversite.com\/"},{"@type":"ListItem","position":2,"name":"11\/03\/14 C\u00e9l\u00e9bration de la journ\u00e9e internationale des consommateurs : UDCG tire la sonnette d\u2019alarme sur la situation des consommateurs guin\u00e9ens"}]},{"@type":"WebSite","@id":"https:\/\/guineediversite.com\/#website","url":"https:\/\/guineediversite.com\/","name":"Guin\u00e9e Diversit\u00e9","description":"L&#039;Info dans toute sa diversit\u00e9","publisher":{"@id":"https:\/\/guineediversite.com\/#organization"},"potentialAction":[{"@type":"SearchAction","target":{"@type":"EntryPoint","urlTemplate":"https:\/\/guineediversite.com\/?s={search_term_string}"},"query-input":{"@type":"PropertyValueSpecification","valueRequired":true,"valueName":"search_term_string"}}],"inLanguage":"fr-FR"},{"@type":"Organization","@id":"https:\/\/guineediversite.com\/#organization","name":"Guin\u00e9e Diversit\u00e9","url":"https:\/\/guineediversite.com\/","logo":{"@type":"ImageObject","inLanguage":"fr-FR","@id":"https:\/\/guineediversite.com\/#\/schema\/logo\/image\/","url":"https:\/\/guineediversite.com\/wp-content\/uploads\/2017\/04\/cropped-1jojlxEOMkX9Wyqfhe43D6kjPOGqBBKmx3EwWJqZ0cMrFF54yM49.png","contentUrl":"https:\/\/guineediversite.com\/wp-content\/uploads\/2017\/04\/cropped-1jojlxEOMkX9Wyqfhe43D6kjPOGqBBKmx3EwWJqZ0cMrFF54yM49.png","width":186,"height":112,"caption":"Guin\u00e9e Diversit\u00e9"},"image":{"@id":"https:\/\/guineediversite.com\/#\/schema\/logo\/image\/"},"sameAs":["https:\/\/www.facebook.com\/guineediversite\/","https:\/\/x.com\/GuineeDiversite","https:\/\/www.youtube.com\/channel\/UC8sUY16qelG5ge6_D5SB83g"]},{"@type":"Person","@id":"https:\/\/guineediversite.com\/#\/schema\/person\/afa08fb34e7fc6e1feafc892612bc836","name":"Guin\u00e9e Diversit\u00e9","image":{"@type":"ImageObject","inLanguage":"fr-FR","@id":"https:\/\/guineediversite.com\/#\/schema\/person\/image\/","url":"https:\/\/secure.gravatar.com\/avatar\/50d5eb5b390f8b65ac30ac6f898eb83a?s=96&d=mm&r=g","contentUrl":"https:\/\/secure.gravatar.com\/avatar\/50d5eb5b390f8b65ac30ac6f898eb83a?s=96&d=mm&r=g","caption":"Guin\u00e9e Diversit\u00e9"},"url":"https:\/\/guineediversite.com\/index.php\/author\/guineediversite\/"}]}},"_links":{"self":[{"href":"https:\/\/guineediversite.com\/index.php\/wp-json\/wp\/v2\/posts\/16469"}],"collection":[{"href":"https:\/\/guineediversite.com\/index.php\/wp-json\/wp\/v2\/posts"}],"about":[{"href":"https:\/\/guineediversite.com\/index.php\/wp-json\/wp\/v2\/types\/post"}],"author":[{"embeddable":true,"href":"https:\/\/guineediversite.com\/index.php\/wp-json\/wp\/v2\/users\/12"}],"replies":[{"embeddable":true,"href":"https:\/\/guineediversite.com\/index.php\/wp-json\/wp\/v2\/comments?post=16469"}],"version-history":[{"count":0,"href":"https:\/\/guineediversite.com\/index.php\/wp-json\/wp\/v2\/posts\/16469\/revisions"}],"wp:attachment":[{"href":"https:\/\/guineediversite.com\/index.php\/wp-json\/wp\/v2\/media?parent=16469"}],"wp:term":[{"taxonomy":"category","embeddable":true,"href":"https:\/\/guineediversite.com\/index.php\/wp-json\/wp\/v2\/categories?post=16469"},{"taxonomy":"post_tag","embeddable":true,"href":"https:\/\/guineediversite.com\/index.php\/wp-json\/wp\/v2\/tags?post=16469"}],"curies":[{"name":"wp","href":"https:\/\/api.w.org\/{rel}","templated":true}]}}