{"id":16468,"date":"2014-03-10T00:00:00","date_gmt":"2014-03-09T23:00:00","guid":{"rendered":"https:\/\/www.guineediversite.com\/index.php\/2014\/03\/10\/100314saison-culturelle-14-journalistes-et-etudiants-renforcent-leurs-capacites\/"},"modified":"2014-03-10T00:00:00","modified_gmt":"2014-03-09T23:00:00","slug":"100314saison-culturelle-14-journalistes-et-etudiants-renforcent-leurs-capacites","status":"publish","type":"post","link":"https:\/\/guineediversite.com\/index.php\/2014\/03\/10\/100314saison-culturelle-14-journalistes-et-etudiants-renforcent-leurs-capacites\/","title":{"rendered":"10\/03\/14\nSaison culturelle 14 : journalistes et \u00e9tudiants renforcent leurs capacit\u00e9s"},"content":{"rendered":"<p>Des journalistes culturels et \u00e9tudiants sont en formation depuis ce lundi \u00e0 la maison de la presse situ\u00e9e \u00e0 Col\u00e9ah Lans\u00e9bounyi. Au total, 25 participants venus des stations radio et diff\u00e9rentes universit\u00e9s suivent cette formation. Une formation qui s\u2019inscrit dans le cadre du lancement de la saison culturelle 2014.Une initiative de l\u2019association guin\u00e9e-culture en collaboration avec les \u00e9ditions harmattan guin\u00e9e.<br \/>\nPour la coordinatrice de l\u2019association guin\u00e9e- culture M\u2019Ma Sylla, les th\u00e8mes qui seront d\u00e9battus au cours des deux jours de formation, vont permettre aux participants de cerner les techniques, les strat\u00e9gies en mati\u00e8re de communication culturelle.  \u00ab  En guin\u00e9e comme dans le monde, la valorisation de la culture permet de mettre en place un r\u00e9gime politique, stable avec une \u00e9conomie radieuse. Avec une telle formation, nous souhaitons avoir une \u00e9mergence d\u2019une nouvelle g\u00e9n\u00e9ration des journalistes culturels en Guin\u00e9e \u00bb a d\u00e9clar\u00e9 M\u2019Ma Sylla.<br \/>\n Justin Morel Junior qui est l\u2019un des formateur, estime  qu\u2019un \u00ab  journaliste culturel doit avoir une connaissance dans tous les domaines.  \u00ab Cette cat\u00e9gorie de journalisme a \u00e9t\u00e9 longtemps marginalis\u00e9e, minimis\u00e9e et ignor\u00e9e dans notre pays. On pensait que le journaliste est celui qui \u00e9tait politique ou sportif, oubliant celui qui s\u2019occupe de la culture. C\u2019est-\u00e0-dire de litt\u00e9rature, de musique, d\u2019art, de peinture, de sculpture et cin\u00e9ma. Cette frange de journalisme doit \u00eatre, les journalistes les plus avis\u00e9s et exiger de lui un homme ouvert \u00e0 la culture \u00bb ajoute \u2013t-il.<br \/>\n Il faut dire que, cette formation va prendre fin mercredi prochain \u00e0 Conakry.<br \/>\n Thierno Abdoul Bald\u00e9<\/p>\n","protected":false},"excerpt":{"rendered":"<p>Des journalistes culturels et \u00e9tudiants sont en formation depuis ce lundi \u00e0 la maison de la presse situ\u00e9e \u00e0 Col\u00e9ah Lans\u00e9bounyi. Au total, 25 participants venus des stations radio et diff\u00e9rentes universit\u00e9s suivent cette formation. Une formation qui s\u2019inscrit dans le cadre du lancement de la saison culturelle 2014.Une initiative de l\u2019association guin\u00e9e-culture en collaboration [&hellip;]<\/p>\n","protected":false},"author":12,"featured_media":0,"comment_status":"open","ping_status":"open","sticky":false,"template":"","format":"standard","meta":{"_exactmetrics_skip_tracking":false,"_exactmetrics_sitenote_active":false,"_exactmetrics_sitenote_note":"","_exactmetrics_sitenote_category":0,"tdm_status":"","tdm_grid_status":"","footnotes":""},"categories":[28],"tags":[],"class_list":{"0":"post-16468","1":"post","2":"type-post","3":"status-publish","4":"format-standard","6":"category-archives"},"yoast_head":"<!-- This site is optimized with the Yoast SEO plugin v24.2 - https:\/\/yoast.com\/wordpress\/plugins\/seo\/ -->\n<title>10\/03\/14 Saison culturelle 14 : journalistes et \u00e9tudiants renforcent leurs capacit\u00e9s | Guin\u00e9e Diversit\u00e9<\/title>\n<meta name=\"robots\" content=\"index, follow, max-snippet:-1, max-image-preview:large, max-video-preview:-1\" \/>\n<link rel=\"canonical\" href=\"https:\/\/guineediversite.com\/index.php\/2014\/03\/10\/100314saison-culturelle-14-journalistes-et-etudiants-renforcent-leurs-capacites\/\" \/>\n<meta property=\"og:locale\" content=\"fr_FR\" \/>\n<meta property=\"og:type\" content=\"article\" \/>\n<meta property=\"og:title\" content=\"10\/03\/14 Saison culturelle 14 : journalistes et \u00e9tudiants renforcent leurs capacit\u00e9s | Guin\u00e9e Diversit\u00e9\" \/>\n<meta property=\"og:description\" content=\"Des journalistes culturels et \u00e9tudiants sont en formation depuis ce lundi \u00e0 la maison de la presse situ\u00e9e \u00e0 Col\u00e9ah Lans\u00e9bounyi. Au total, 25 participants venus des stations radio et diff\u00e9rentes universit\u00e9s suivent cette formation. Une formation qui s\u2019inscrit dans le cadre du lancement de la saison culturelle 2014.Une initiative de l\u2019association guin\u00e9e-culture en collaboration [&hellip;]\" \/>\n<meta property=\"og:url\" content=\"https:\/\/guineediversite.com\/index.php\/2014\/03\/10\/100314saison-culturelle-14-journalistes-et-etudiants-renforcent-leurs-capacites\/\" \/>\n<meta property=\"og:site_name\" content=\"Guin\u00e9e Diversit\u00e9\" \/>\n<meta property=\"article:publisher\" content=\"https:\/\/www.facebook.com\/guineediversite\/\" \/>\n<meta property=\"article:published_time\" content=\"2014-03-09T23:00:00+00:00\" \/>\n<meta name=\"author\" content=\"Guin\u00e9e Diversit\u00e9\" \/>\n<meta name=\"twitter:card\" content=\"summary_large_image\" \/>\n<meta name=\"twitter:creator\" content=\"@GuineeDiversite\" \/>\n<meta name=\"twitter:site\" content=\"@GuineeDiversite\" \/>\n<meta name=\"twitter:label1\" content=\"\u00c9crit par\" \/>\n\t<meta name=\"twitter:data1\" content=\"Guin\u00e9e Diversit\u00e9\" \/>\n\t<meta name=\"twitter:label2\" content=\"Dur\u00e9e de lecture estim\u00e9e\" \/>\n\t<meta name=\"twitter:data2\" content=\"1 minute\" \/>\n<script type=\"application\/ld+json\" class=\"yoast-schema-graph\">{\"@context\":\"https:\/\/schema.org\",\"@graph\":[{\"@type\":\"Article\",\"@id\":\"https:\/\/guineediversite.com\/index.php\/2014\/03\/10\/100314saison-culturelle-14-journalistes-et-etudiants-renforcent-leurs-capacites\/#article\",\"isPartOf\":{\"@id\":\"https:\/\/guineediversite.com\/index.php\/2014\/03\/10\/100314saison-culturelle-14-journalistes-et-etudiants-renforcent-leurs-capacites\/\"},\"author\":{\"name\":\"Guin\u00e9e Diversit\u00e9\",\"@id\":\"https:\/\/guineediversite.com\/#\/schema\/person\/afa08fb34e7fc6e1feafc892612bc836\"},\"headline\":\"10\/03\/14 Saison culturelle 14 : journalistes et \u00e9tudiants renforcent leurs capacit\u00e9s\",\"datePublished\":\"2014-03-09T23:00:00+00:00\",\"dateModified\":\"2014-03-09T23:00:00+00:00\",\"mainEntityOfPage\":{\"@id\":\"https:\/\/guineediversite.com\/index.php\/2014\/03\/10\/100314saison-culturelle-14-journalistes-et-etudiants-renforcent-leurs-capacites\/\"},\"wordCount\":286,\"commentCount\":0,\"publisher\":{\"@id\":\"https:\/\/guineediversite.com\/#organization\"},\"articleSection\":[\"Archives\"],\"inLanguage\":\"fr-FR\",\"potentialAction\":[{\"@type\":\"CommentAction\",\"name\":\"Comment\",\"target\":[\"https:\/\/guineediversite.com\/index.php\/2014\/03\/10\/100314saison-culturelle-14-journalistes-et-etudiants-renforcent-leurs-capacites\/#respond\"]}]},{\"@type\":\"WebPage\",\"@id\":\"https:\/\/guineediversite.com\/index.php\/2014\/03\/10\/100314saison-culturelle-14-journalistes-et-etudiants-renforcent-leurs-capacites\/\",\"url\":\"https:\/\/guineediversite.com\/index.php\/2014\/03\/10\/100314saison-culturelle-14-journalistes-et-etudiants-renforcent-leurs-capacites\/\",\"name\":\"10\/03\/14 Saison culturelle 14 : journalistes et \u00e9tudiants renforcent leurs capacit\u00e9s | Guin\u00e9e Diversit\u00e9\",\"isPartOf\":{\"@id\":\"https:\/\/guineediversite.com\/#website\"},\"datePublished\":\"2014-03-09T23:00:00+00:00\",\"dateModified\":\"2014-03-09T23:00:00+00:00\",\"breadcrumb\":{\"@id\":\"https:\/\/guineediversite.com\/index.php\/2014\/03\/10\/100314saison-culturelle-14-journalistes-et-etudiants-renforcent-leurs-capacites\/#breadcrumb\"},\"inLanguage\":\"fr-FR\",\"potentialAction\":[{\"@type\":\"ReadAction\",\"target\":[\"https:\/\/guineediversite.com\/index.php\/2014\/03\/10\/100314saison-culturelle-14-journalistes-et-etudiants-renforcent-leurs-capacites\/\"]}]},{\"@type\":\"BreadcrumbList\",\"@id\":\"https:\/\/guineediversite.com\/index.php\/2014\/03\/10\/100314saison-culturelle-14-journalistes-et-etudiants-renforcent-leurs-capacites\/#breadcrumb\",\"itemListElement\":[{\"@type\":\"ListItem\",\"position\":1,\"name\":\"Accueil\",\"item\":\"https:\/\/guineediversite.com\/\"},{\"@type\":\"ListItem\",\"position\":2,\"name\":\"10\/03\/14 Saison culturelle 14 : journalistes et \u00e9tudiants renforcent leurs capacit\u00e9s\"}]},{\"@type\":\"WebSite\",\"@id\":\"https:\/\/guineediversite.com\/#website\",\"url\":\"https:\/\/guineediversite.com\/\",\"name\":\"Guin\u00e9e Diversit\u00e9\",\"description\":\"L&#039;Info dans toute sa diversit\u00e9\",\"publisher\":{\"@id\":\"https:\/\/guineediversite.com\/#organization\"},\"potentialAction\":[{\"@type\":\"SearchAction\",\"target\":{\"@type\":\"EntryPoint\",\"urlTemplate\":\"https:\/\/guineediversite.com\/?s={search_term_string}\"},\"query-input\":{\"@type\":\"PropertyValueSpecification\",\"valueRequired\":true,\"valueName\":\"search_term_string\"}}],\"inLanguage\":\"fr-FR\"},{\"@type\":\"Organization\",\"@id\":\"https:\/\/guineediversite.com\/#organization\",\"name\":\"Guin\u00e9e Diversit\u00e9\",\"url\":\"https:\/\/guineediversite.com\/\",\"logo\":{\"@type\":\"ImageObject\",\"inLanguage\":\"fr-FR\",\"@id\":\"https:\/\/guineediversite.com\/#\/schema\/logo\/image\/\",\"url\":\"https:\/\/guineediversite.com\/wp-content\/uploads\/2017\/04\/cropped-1jojlxEOMkX9Wyqfhe43D6kjPOGqBBKmx3EwWJqZ0cMrFF54yM49.png\",\"contentUrl\":\"https:\/\/guineediversite.com\/wp-content\/uploads\/2017\/04\/cropped-1jojlxEOMkX9Wyqfhe43D6kjPOGqBBKmx3EwWJqZ0cMrFF54yM49.png\",\"width\":186,\"height\":112,\"caption\":\"Guin\u00e9e Diversit\u00e9\"},\"image\":{\"@id\":\"https:\/\/guineediversite.com\/#\/schema\/logo\/image\/\"},\"sameAs\":[\"https:\/\/www.facebook.com\/guineediversite\/\",\"https:\/\/x.com\/GuineeDiversite\",\"https:\/\/www.youtube.com\/channel\/UC8sUY16qelG5ge6_D5SB83g\"]},{\"@type\":\"Person\",\"@id\":\"https:\/\/guineediversite.com\/#\/schema\/person\/afa08fb34e7fc6e1feafc892612bc836\",\"name\":\"Guin\u00e9e Diversit\u00e9\",\"image\":{\"@type\":\"ImageObject\",\"inLanguage\":\"fr-FR\",\"@id\":\"https:\/\/guineediversite.com\/#\/schema\/person\/image\/\",\"url\":\"https:\/\/secure.gravatar.com\/avatar\/50d5eb5b390f8b65ac30ac6f898eb83a?s=96&d=mm&r=g\",\"contentUrl\":\"https:\/\/secure.gravatar.com\/avatar\/50d5eb5b390f8b65ac30ac6f898eb83a?s=96&d=mm&r=g\",\"caption\":\"Guin\u00e9e Diversit\u00e9\"},\"url\":\"https:\/\/guineediversite.com\/index.php\/author\/guineediversite\/\"}]}<\/script>\n<!-- \/ Yoast SEO plugin. -->","yoast_head_json":{"title":"10\/03\/14 Saison culturelle 14 : journalistes et \u00e9tudiants renforcent leurs capacit\u00e9s | Guin\u00e9e Diversit\u00e9","robots":{"index":"index","follow":"follow","max-snippet":"max-snippet:-1","max-image-preview":"max-image-preview:large","max-video-preview":"max-video-preview:-1"},"canonical":"https:\/\/guineediversite.com\/index.php\/2014\/03\/10\/100314saison-culturelle-14-journalistes-et-etudiants-renforcent-leurs-capacites\/","og_locale":"fr_FR","og_type":"article","og_title":"10\/03\/14 Saison culturelle 14 : journalistes et \u00e9tudiants renforcent leurs capacit\u00e9s | Guin\u00e9e Diversit\u00e9","og_description":"Des journalistes culturels et \u00e9tudiants sont en formation depuis ce lundi \u00e0 la maison de la presse situ\u00e9e \u00e0 Col\u00e9ah Lans\u00e9bounyi. Au total, 25 participants venus des stations radio et diff\u00e9rentes universit\u00e9s suivent cette formation. Une formation qui s\u2019inscrit dans le cadre du lancement de la saison culturelle 2014.Une initiative de l\u2019association guin\u00e9e-culture en collaboration [&hellip;]","og_url":"https:\/\/guineediversite.com\/index.php\/2014\/03\/10\/100314saison-culturelle-14-journalistes-et-etudiants-renforcent-leurs-capacites\/","og_site_name":"Guin\u00e9e Diversit\u00e9","article_publisher":"https:\/\/www.facebook.com\/guineediversite\/","article_published_time":"2014-03-09T23:00:00+00:00","author":"Guin\u00e9e Diversit\u00e9","twitter_card":"summary_large_image","twitter_creator":"@GuineeDiversite","twitter_site":"@GuineeDiversite","twitter_misc":{"\u00c9crit par":"Guin\u00e9e Diversit\u00e9","Dur\u00e9e de lecture estim\u00e9e":"1 minute"},"schema":{"@context":"https:\/\/schema.org","@graph":[{"@type":"Article","@id":"https:\/\/guineediversite.com\/index.php\/2014\/03\/10\/100314saison-culturelle-14-journalistes-et-etudiants-renforcent-leurs-capacites\/#article","isPartOf":{"@id":"https:\/\/guineediversite.com\/index.php\/2014\/03\/10\/100314saison-culturelle-14-journalistes-et-etudiants-renforcent-leurs-capacites\/"},"author":{"name":"Guin\u00e9e Diversit\u00e9","@id":"https:\/\/guineediversite.com\/#\/schema\/person\/afa08fb34e7fc6e1feafc892612bc836"},"headline":"10\/03\/14 Saison culturelle 14 : journalistes et \u00e9tudiants renforcent leurs capacit\u00e9s","datePublished":"2014-03-09T23:00:00+00:00","dateModified":"2014-03-09T23:00:00+00:00","mainEntityOfPage":{"@id":"https:\/\/guineediversite.com\/index.php\/2014\/03\/10\/100314saison-culturelle-14-journalistes-et-etudiants-renforcent-leurs-capacites\/"},"wordCount":286,"commentCount":0,"publisher":{"@id":"https:\/\/guineediversite.com\/#organization"},"articleSection":["Archives"],"inLanguage":"fr-FR","potentialAction":[{"@type":"CommentAction","name":"Comment","target":["https:\/\/guineediversite.com\/index.php\/2014\/03\/10\/100314saison-culturelle-14-journalistes-et-etudiants-renforcent-leurs-capacites\/#respond"]}]},{"@type":"WebPage","@id":"https:\/\/guineediversite.com\/index.php\/2014\/03\/10\/100314saison-culturelle-14-journalistes-et-etudiants-renforcent-leurs-capacites\/","url":"https:\/\/guineediversite.com\/index.php\/2014\/03\/10\/100314saison-culturelle-14-journalistes-et-etudiants-renforcent-leurs-capacites\/","name":"10\/03\/14 Saison culturelle 14 : journalistes et \u00e9tudiants renforcent leurs capacit\u00e9s | Guin\u00e9e Diversit\u00e9","isPartOf":{"@id":"https:\/\/guineediversite.com\/#website"},"datePublished":"2014-03-09T23:00:00+00:00","dateModified":"2014-03-09T23:00:00+00:00","breadcrumb":{"@id":"https:\/\/guineediversite.com\/index.php\/2014\/03\/10\/100314saison-culturelle-14-journalistes-et-etudiants-renforcent-leurs-capacites\/#breadcrumb"},"inLanguage":"fr-FR","potentialAction":[{"@type":"ReadAction","target":["https:\/\/guineediversite.com\/index.php\/2014\/03\/10\/100314saison-culturelle-14-journalistes-et-etudiants-renforcent-leurs-capacites\/"]}]},{"@type":"BreadcrumbList","@id":"https:\/\/guineediversite.com\/index.php\/2014\/03\/10\/100314saison-culturelle-14-journalistes-et-etudiants-renforcent-leurs-capacites\/#breadcrumb","itemListElement":[{"@type":"ListItem","position":1,"name":"Accueil","item":"https:\/\/guineediversite.com\/"},{"@type":"ListItem","position":2,"name":"10\/03\/14 Saison culturelle 14 : journalistes et \u00e9tudiants renforcent leurs capacit\u00e9s"}]},{"@type":"WebSite","@id":"https:\/\/guineediversite.com\/#website","url":"https:\/\/guineediversite.com\/","name":"Guin\u00e9e Diversit\u00e9","description":"L&#039;Info dans toute sa diversit\u00e9","publisher":{"@id":"https:\/\/guineediversite.com\/#organization"},"potentialAction":[{"@type":"SearchAction","target":{"@type":"EntryPoint","urlTemplate":"https:\/\/guineediversite.com\/?s={search_term_string}"},"query-input":{"@type":"PropertyValueSpecification","valueRequired":true,"valueName":"search_term_string"}}],"inLanguage":"fr-FR"},{"@type":"Organization","@id":"https:\/\/guineediversite.com\/#organization","name":"Guin\u00e9e Diversit\u00e9","url":"https:\/\/guineediversite.com\/","logo":{"@type":"ImageObject","inLanguage":"fr-FR","@id":"https:\/\/guineediversite.com\/#\/schema\/logo\/image\/","url":"https:\/\/guineediversite.com\/wp-content\/uploads\/2017\/04\/cropped-1jojlxEOMkX9Wyqfhe43D6kjPOGqBBKmx3EwWJqZ0cMrFF54yM49.png","contentUrl":"https:\/\/guineediversite.com\/wp-content\/uploads\/2017\/04\/cropped-1jojlxEOMkX9Wyqfhe43D6kjPOGqBBKmx3EwWJqZ0cMrFF54yM49.png","width":186,"height":112,"caption":"Guin\u00e9e Diversit\u00e9"},"image":{"@id":"https:\/\/guineediversite.com\/#\/schema\/logo\/image\/"},"sameAs":["https:\/\/www.facebook.com\/guineediversite\/","https:\/\/x.com\/GuineeDiversite","https:\/\/www.youtube.com\/channel\/UC8sUY16qelG5ge6_D5SB83g"]},{"@type":"Person","@id":"https:\/\/guineediversite.com\/#\/schema\/person\/afa08fb34e7fc6e1feafc892612bc836","name":"Guin\u00e9e Diversit\u00e9","image":{"@type":"ImageObject","inLanguage":"fr-FR","@id":"https:\/\/guineediversite.com\/#\/schema\/person\/image\/","url":"https:\/\/secure.gravatar.com\/avatar\/50d5eb5b390f8b65ac30ac6f898eb83a?s=96&d=mm&r=g","contentUrl":"https:\/\/secure.gravatar.com\/avatar\/50d5eb5b390f8b65ac30ac6f898eb83a?s=96&d=mm&r=g","caption":"Guin\u00e9e Diversit\u00e9"},"url":"https:\/\/guineediversite.com\/index.php\/author\/guineediversite\/"}]}},"_links":{"self":[{"href":"https:\/\/guineediversite.com\/index.php\/wp-json\/wp\/v2\/posts\/16468"}],"collection":[{"href":"https:\/\/guineediversite.com\/index.php\/wp-json\/wp\/v2\/posts"}],"about":[{"href":"https:\/\/guineediversite.com\/index.php\/wp-json\/wp\/v2\/types\/post"}],"author":[{"embeddable":true,"href":"https:\/\/guineediversite.com\/index.php\/wp-json\/wp\/v2\/users\/12"}],"replies":[{"embeddable":true,"href":"https:\/\/guineediversite.com\/index.php\/wp-json\/wp\/v2\/comments?post=16468"}],"version-history":[{"count":0,"href":"https:\/\/guineediversite.com\/index.php\/wp-json\/wp\/v2\/posts\/16468\/revisions"}],"wp:attachment":[{"href":"https:\/\/guineediversite.com\/index.php\/wp-json\/wp\/v2\/media?parent=16468"}],"wp:term":[{"taxonomy":"category","embeddable":true,"href":"https:\/\/guineediversite.com\/index.php\/wp-json\/wp\/v2\/categories?post=16468"},{"taxonomy":"post_tag","embeddable":true,"href":"https:\/\/guineediversite.com\/index.php\/wp-json\/wp\/v2\/tags?post=16468"}],"curies":[{"name":"wp","href":"https:\/\/api.w.org\/{rel}","templated":true}]}}