{"id":16464,"date":"2014-03-08T00:00:00","date_gmt":"2014-03-07T23:00:00","guid":{"rendered":"https:\/\/www.guineediversite.com\/index.php\/2014\/03\/08\/080314-declaration-de-la-haute-representante-de-lunion-europeenne-catherine-ashton-par-rapport-a-la-journee-internationale-de-la-femme-2\/"},"modified":"2014-03-08T00:00:00","modified_gmt":"2014-03-07T23:00:00","slug":"080314-declaration-de-la-haute-representante-de-lunion-europeenne-catherine-ashton-par-rapport-a-la-journee-internationale-de-la-femme-2","status":"publish","type":"post","link":"https:\/\/guineediversite.com\/index.php\/2014\/03\/08\/080314-declaration-de-la-haute-representante-de-lunion-europeenne-catherine-ashton-par-rapport-a-la-journee-internationale-de-la-femme-2\/","title":{"rendered":"08\/03\/14 D\u00e9claration de la Haute Repr\u00e9sentante de l&rsquo;Union Europ\u00e9enne Catherine Ashton par rapport \u00e0 la Journ\u00e9e Internationale de la Femme"},"content":{"rendered":"<p>La Haute Repr\u00e9sentante de l&rsquo;Union pour les affaires \u00e9trang\u00e8res et la politique de s\u00e9curit\u00e9 et vice-pr\u00e9sidente de la Commission, a fait ce jour la d\u00e9claration suivante :<br \/>\n&quot;En cette Journ\u00e9e internationale de la femme, nous c\u00e9l\u00e9brons la v\u00e9ritable transformation dont le monde a \u00e9t\u00e9 t\u00e9moin pour les droits des femmes, et ce, gr\u00e2ce \u00e0 des r\u00e9alisations individuelles et \u00e0 notre participation commune \u00e0 la vie politique. Les femmes ont fait de grandes avanc\u00e9es, mais il reste encore un long chemin \u00e0 parcourir pour parvenir \u00e0 un monde exempt de discriminations.<br \/>\nL&rsquo;\u00e9galit\u00e9 d&rsquo;acc\u00e8s \u00e0 l&rsquo;\u00e9ducation et aux services de sant\u00e9 ou l&rsquo;opportunit\u00e9 de participer pleinement \u00e0 la vie politique sont des droits universels et des ingr\u00e9dients essentiels de la d\u00e9mocratie. La stabilit\u00e9 et le d\u00e9veloppement \u00e0 long terme ne peuvent \u00eatre atteints sans combattre la violence et la discrimination contre les femmes.<br \/>\nL&rsquo;Union europ\u00e9enne est plus que jamais engag\u00e9e \u00e0 promouvoir l&rsquo;\u00e9galit\u00e9 des sexes et l&rsquo;autonomisation des femmes.<br \/>\nEnviron 200 projets et initiatives financ\u00e9s par l&rsquo;UE \u00e0 travers le monde visent actuellement \u00e0 aider les femmes \u00e0 acc\u00e9der \u00e0 l&rsquo;\u00e9ducation et aux services de sant\u00e9, \u00e0 travailler et \u00e0 vivre sans \u00eatre victimes de violences ou de discriminations, et \u00e0 trouver leur place dans la soci\u00e9t\u00e9.<br \/>\nLa d\u00e9fense des droits de toutes les femmes est pour l&rsquo;UE une priorit\u00e9, comme en t\u00e9moignent les discussions en cours sur le cadre pour l&rsquo;apr\u00e8s-2015 pour l&rsquo;\u00e9radication de la pauvret\u00e9 et en faveur du d\u00e9veloppement durable.<br \/>\nSource: EU<\/p>\n","protected":false},"excerpt":{"rendered":"<p>La Haute Repr\u00e9sentante de l&rsquo;Union pour les affaires \u00e9trang\u00e8res et la politique de s\u00e9curit\u00e9 et vice-pr\u00e9sidente de la Commission, a fait ce jour la d\u00e9claration suivante : &quot;En cette Journ\u00e9e internationale de la femme, nous c\u00e9l\u00e9brons la v\u00e9ritable transformation dont le monde a \u00e9t\u00e9 t\u00e9moin pour les droits des femmes, et ce, gr\u00e2ce \u00e0 des [&hellip;]<\/p>\n","protected":false},"author":12,"featured_media":0,"comment_status":"open","ping_status":"open","sticky":false,"template":"","format":"standard","meta":{"_exactmetrics_skip_tracking":false,"_exactmetrics_sitenote_active":false,"_exactmetrics_sitenote_note":"","_exactmetrics_sitenote_category":0,"tdm_status":"","tdm_grid_status":"","footnotes":""},"categories":[28],"tags":[],"class_list":{"0":"post-16464","1":"post","2":"type-post","3":"status-publish","4":"format-standard","6":"category-archives"},"yoast_head":"<!-- This site is optimized with the Yoast SEO plugin v24.2 - https:\/\/yoast.com\/wordpress\/plugins\/seo\/ -->\n<title>08\/03\/14 D\u00e9claration de la Haute Repr\u00e9sentante de l&#039;Union Europ\u00e9enne Catherine Ashton par rapport \u00e0 la Journ\u00e9e Internationale de la Femme | Guin\u00e9e Diversit\u00e9<\/title>\n<meta name=\"robots\" content=\"index, follow, max-snippet:-1, max-image-preview:large, max-video-preview:-1\" \/>\n<link rel=\"canonical\" href=\"https:\/\/guineediversite.com\/index.php\/2014\/03\/08\/080314-declaration-de-la-haute-representante-de-lunion-europeenne-catherine-ashton-par-rapport-a-la-journee-internationale-de-la-femme-2\/\" \/>\n<meta property=\"og:locale\" content=\"fr_FR\" \/>\n<meta property=\"og:type\" content=\"article\" \/>\n<meta property=\"og:title\" content=\"08\/03\/14 D\u00e9claration de la Haute Repr\u00e9sentante de l&#039;Union Europ\u00e9enne Catherine Ashton par rapport \u00e0 la Journ\u00e9e Internationale de la Femme | Guin\u00e9e Diversit\u00e9\" \/>\n<meta property=\"og:description\" content=\"La Haute Repr\u00e9sentante de l&rsquo;Union pour les affaires \u00e9trang\u00e8res et la politique de s\u00e9curit\u00e9 et vice-pr\u00e9sidente de la Commission, a fait ce jour la d\u00e9claration suivante : &quot;En cette Journ\u00e9e internationale de la femme, nous c\u00e9l\u00e9brons la v\u00e9ritable transformation dont le monde a \u00e9t\u00e9 t\u00e9moin pour les droits des femmes, et ce, gr\u00e2ce \u00e0 des [&hellip;]\" \/>\n<meta property=\"og:url\" content=\"https:\/\/guineediversite.com\/index.php\/2014\/03\/08\/080314-declaration-de-la-haute-representante-de-lunion-europeenne-catherine-ashton-par-rapport-a-la-journee-internationale-de-la-femme-2\/\" \/>\n<meta property=\"og:site_name\" content=\"Guin\u00e9e Diversit\u00e9\" \/>\n<meta property=\"article:publisher\" content=\"https:\/\/www.facebook.com\/guineediversite\/\" \/>\n<meta property=\"article:published_time\" content=\"2014-03-07T23:00:00+00:00\" \/>\n<meta name=\"author\" content=\"Guin\u00e9e Diversit\u00e9\" \/>\n<meta name=\"twitter:card\" content=\"summary_large_image\" \/>\n<meta name=\"twitter:creator\" content=\"@GuineeDiversite\" \/>\n<meta name=\"twitter:site\" content=\"@GuineeDiversite\" \/>\n<meta name=\"twitter:label1\" content=\"\u00c9crit par\" \/>\n\t<meta name=\"twitter:data1\" content=\"Guin\u00e9e Diversit\u00e9\" \/>\n\t<meta name=\"twitter:label2\" content=\"Dur\u00e9e de lecture estim\u00e9e\" \/>\n\t<meta name=\"twitter:data2\" content=\"1 minute\" \/>\n<script type=\"application\/ld+json\" class=\"yoast-schema-graph\">{\"@context\":\"https:\/\/schema.org\",\"@graph\":[{\"@type\":\"Article\",\"@id\":\"https:\/\/guineediversite.com\/index.php\/2014\/03\/08\/080314-declaration-de-la-haute-representante-de-lunion-europeenne-catherine-ashton-par-rapport-a-la-journee-internationale-de-la-femme-2\/#article\",\"isPartOf\":{\"@id\":\"https:\/\/guineediversite.com\/index.php\/2014\/03\/08\/080314-declaration-de-la-haute-representante-de-lunion-europeenne-catherine-ashton-par-rapport-a-la-journee-internationale-de-la-femme-2\/\"},\"author\":{\"name\":\"Guin\u00e9e Diversit\u00e9\",\"@id\":\"https:\/\/guineediversite.com\/#\/schema\/person\/afa08fb34e7fc6e1feafc892612bc836\"},\"headline\":\"08\/03\/14 D\u00e9claration de la Haute Repr\u00e9sentante de l&rsquo;Union Europ\u00e9enne Catherine Ashton par rapport \u00e0 la Journ\u00e9e Internationale de la Femme\",\"datePublished\":\"2014-03-07T23:00:00+00:00\",\"dateModified\":\"2014-03-07T23:00:00+00:00\",\"mainEntityOfPage\":{\"@id\":\"https:\/\/guineediversite.com\/index.php\/2014\/03\/08\/080314-declaration-de-la-haute-representante-de-lunion-europeenne-catherine-ashton-par-rapport-a-la-journee-internationale-de-la-femme-2\/\"},\"wordCount\":288,\"commentCount\":0,\"publisher\":{\"@id\":\"https:\/\/guineediversite.com\/#organization\"},\"articleSection\":[\"Archives\"],\"inLanguage\":\"fr-FR\",\"potentialAction\":[{\"@type\":\"CommentAction\",\"name\":\"Comment\",\"target\":[\"https:\/\/guineediversite.com\/index.php\/2014\/03\/08\/080314-declaration-de-la-haute-representante-de-lunion-europeenne-catherine-ashton-par-rapport-a-la-journee-internationale-de-la-femme-2\/#respond\"]}]},{\"@type\":\"WebPage\",\"@id\":\"https:\/\/guineediversite.com\/index.php\/2014\/03\/08\/080314-declaration-de-la-haute-representante-de-lunion-europeenne-catherine-ashton-par-rapport-a-la-journee-internationale-de-la-femme-2\/\",\"url\":\"https:\/\/guineediversite.com\/index.php\/2014\/03\/08\/080314-declaration-de-la-haute-representante-de-lunion-europeenne-catherine-ashton-par-rapport-a-la-journee-internationale-de-la-femme-2\/\",\"name\":\"08\/03\/14 D\u00e9claration de la Haute Repr\u00e9sentante de l'Union Europ\u00e9enne Catherine Ashton par rapport \u00e0 la Journ\u00e9e Internationale de la Femme | Guin\u00e9e Diversit\u00e9\",\"isPartOf\":{\"@id\":\"https:\/\/guineediversite.com\/#website\"},\"datePublished\":\"2014-03-07T23:00:00+00:00\",\"dateModified\":\"2014-03-07T23:00:00+00:00\",\"breadcrumb\":{\"@id\":\"https:\/\/guineediversite.com\/index.php\/2014\/03\/08\/080314-declaration-de-la-haute-representante-de-lunion-europeenne-catherine-ashton-par-rapport-a-la-journee-internationale-de-la-femme-2\/#breadcrumb\"},\"inLanguage\":\"fr-FR\",\"potentialAction\":[{\"@type\":\"ReadAction\",\"target\":[\"https:\/\/guineediversite.com\/index.php\/2014\/03\/08\/080314-declaration-de-la-haute-representante-de-lunion-europeenne-catherine-ashton-par-rapport-a-la-journee-internationale-de-la-femme-2\/\"]}]},{\"@type\":\"BreadcrumbList\",\"@id\":\"https:\/\/guineediversite.com\/index.php\/2014\/03\/08\/080314-declaration-de-la-haute-representante-de-lunion-europeenne-catherine-ashton-par-rapport-a-la-journee-internationale-de-la-femme-2\/#breadcrumb\",\"itemListElement\":[{\"@type\":\"ListItem\",\"position\":1,\"name\":\"Accueil\",\"item\":\"https:\/\/guineediversite.com\/\"},{\"@type\":\"ListItem\",\"position\":2,\"name\":\"08\/03\/14 D\u00e9claration de la Haute Repr\u00e9sentante de l&rsquo;Union Europ\u00e9enne Catherine Ashton par rapport \u00e0 la Journ\u00e9e Internationale de la Femme\"}]},{\"@type\":\"WebSite\",\"@id\":\"https:\/\/guineediversite.com\/#website\",\"url\":\"https:\/\/guineediversite.com\/\",\"name\":\"Guin\u00e9e Diversit\u00e9\",\"description\":\"L&#039;Info dans toute sa diversit\u00e9\",\"publisher\":{\"@id\":\"https:\/\/guineediversite.com\/#organization\"},\"potentialAction\":[{\"@type\":\"SearchAction\",\"target\":{\"@type\":\"EntryPoint\",\"urlTemplate\":\"https:\/\/guineediversite.com\/?s={search_term_string}\"},\"query-input\":{\"@type\":\"PropertyValueSpecification\",\"valueRequired\":true,\"valueName\":\"search_term_string\"}}],\"inLanguage\":\"fr-FR\"},{\"@type\":\"Organization\",\"@id\":\"https:\/\/guineediversite.com\/#organization\",\"name\":\"Guin\u00e9e Diversit\u00e9\",\"url\":\"https:\/\/guineediversite.com\/\",\"logo\":{\"@type\":\"ImageObject\",\"inLanguage\":\"fr-FR\",\"@id\":\"https:\/\/guineediversite.com\/#\/schema\/logo\/image\/\",\"url\":\"https:\/\/guineediversite.com\/wp-content\/uploads\/2017\/04\/cropped-1jojlxEOMkX9Wyqfhe43D6kjPOGqBBKmx3EwWJqZ0cMrFF54yM49.png\",\"contentUrl\":\"https:\/\/guineediversite.com\/wp-content\/uploads\/2017\/04\/cropped-1jojlxEOMkX9Wyqfhe43D6kjPOGqBBKmx3EwWJqZ0cMrFF54yM49.png\",\"width\":186,\"height\":112,\"caption\":\"Guin\u00e9e Diversit\u00e9\"},\"image\":{\"@id\":\"https:\/\/guineediversite.com\/#\/schema\/logo\/image\/\"},\"sameAs\":[\"https:\/\/www.facebook.com\/guineediversite\/\",\"https:\/\/x.com\/GuineeDiversite\",\"https:\/\/www.youtube.com\/channel\/UC8sUY16qelG5ge6_D5SB83g\"]},{\"@type\":\"Person\",\"@id\":\"https:\/\/guineediversite.com\/#\/schema\/person\/afa08fb34e7fc6e1feafc892612bc836\",\"name\":\"Guin\u00e9e Diversit\u00e9\",\"image\":{\"@type\":\"ImageObject\",\"inLanguage\":\"fr-FR\",\"@id\":\"https:\/\/guineediversite.com\/#\/schema\/person\/image\/\",\"url\":\"https:\/\/secure.gravatar.com\/avatar\/50d5eb5b390f8b65ac30ac6f898eb83a?s=96&d=mm&r=g\",\"contentUrl\":\"https:\/\/secure.gravatar.com\/avatar\/50d5eb5b390f8b65ac30ac6f898eb83a?s=96&d=mm&r=g\",\"caption\":\"Guin\u00e9e Diversit\u00e9\"},\"url\":\"https:\/\/guineediversite.com\/index.php\/author\/guineediversite\/\"}]}<\/script>\n<!-- \/ Yoast SEO plugin. -->","yoast_head_json":{"title":"08\/03\/14 D\u00e9claration de la Haute Repr\u00e9sentante de l'Union Europ\u00e9enne Catherine Ashton par rapport \u00e0 la Journ\u00e9e Internationale de la Femme | Guin\u00e9e Diversit\u00e9","robots":{"index":"index","follow":"follow","max-snippet":"max-snippet:-1","max-image-preview":"max-image-preview:large","max-video-preview":"max-video-preview:-1"},"canonical":"https:\/\/guineediversite.com\/index.php\/2014\/03\/08\/080314-declaration-de-la-haute-representante-de-lunion-europeenne-catherine-ashton-par-rapport-a-la-journee-internationale-de-la-femme-2\/","og_locale":"fr_FR","og_type":"article","og_title":"08\/03\/14 D\u00e9claration de la Haute Repr\u00e9sentante de l'Union Europ\u00e9enne Catherine Ashton par rapport \u00e0 la Journ\u00e9e Internationale de la Femme | Guin\u00e9e Diversit\u00e9","og_description":"La Haute Repr\u00e9sentante de l&rsquo;Union pour les affaires \u00e9trang\u00e8res et la politique de s\u00e9curit\u00e9 et vice-pr\u00e9sidente de la Commission, a fait ce jour la d\u00e9claration suivante : &quot;En cette Journ\u00e9e internationale de la femme, nous c\u00e9l\u00e9brons la v\u00e9ritable transformation dont le monde a \u00e9t\u00e9 t\u00e9moin pour les droits des femmes, et ce, gr\u00e2ce \u00e0 des [&hellip;]","og_url":"https:\/\/guineediversite.com\/index.php\/2014\/03\/08\/080314-declaration-de-la-haute-representante-de-lunion-europeenne-catherine-ashton-par-rapport-a-la-journee-internationale-de-la-femme-2\/","og_site_name":"Guin\u00e9e Diversit\u00e9","article_publisher":"https:\/\/www.facebook.com\/guineediversite\/","article_published_time":"2014-03-07T23:00:00+00:00","author":"Guin\u00e9e Diversit\u00e9","twitter_card":"summary_large_image","twitter_creator":"@GuineeDiversite","twitter_site":"@GuineeDiversite","twitter_misc":{"\u00c9crit par":"Guin\u00e9e Diversit\u00e9","Dur\u00e9e de lecture estim\u00e9e":"1 minute"},"schema":{"@context":"https:\/\/schema.org","@graph":[{"@type":"Article","@id":"https:\/\/guineediversite.com\/index.php\/2014\/03\/08\/080314-declaration-de-la-haute-representante-de-lunion-europeenne-catherine-ashton-par-rapport-a-la-journee-internationale-de-la-femme-2\/#article","isPartOf":{"@id":"https:\/\/guineediversite.com\/index.php\/2014\/03\/08\/080314-declaration-de-la-haute-representante-de-lunion-europeenne-catherine-ashton-par-rapport-a-la-journee-internationale-de-la-femme-2\/"},"author":{"name":"Guin\u00e9e Diversit\u00e9","@id":"https:\/\/guineediversite.com\/#\/schema\/person\/afa08fb34e7fc6e1feafc892612bc836"},"headline":"08\/03\/14 D\u00e9claration de la Haute Repr\u00e9sentante de l&rsquo;Union Europ\u00e9enne Catherine Ashton par rapport \u00e0 la Journ\u00e9e Internationale de la Femme","datePublished":"2014-03-07T23:00:00+00:00","dateModified":"2014-03-07T23:00:00+00:00","mainEntityOfPage":{"@id":"https:\/\/guineediversite.com\/index.php\/2014\/03\/08\/080314-declaration-de-la-haute-representante-de-lunion-europeenne-catherine-ashton-par-rapport-a-la-journee-internationale-de-la-femme-2\/"},"wordCount":288,"commentCount":0,"publisher":{"@id":"https:\/\/guineediversite.com\/#organization"},"articleSection":["Archives"],"inLanguage":"fr-FR","potentialAction":[{"@type":"CommentAction","name":"Comment","target":["https:\/\/guineediversite.com\/index.php\/2014\/03\/08\/080314-declaration-de-la-haute-representante-de-lunion-europeenne-catherine-ashton-par-rapport-a-la-journee-internationale-de-la-femme-2\/#respond"]}]},{"@type":"WebPage","@id":"https:\/\/guineediversite.com\/index.php\/2014\/03\/08\/080314-declaration-de-la-haute-representante-de-lunion-europeenne-catherine-ashton-par-rapport-a-la-journee-internationale-de-la-femme-2\/","url":"https:\/\/guineediversite.com\/index.php\/2014\/03\/08\/080314-declaration-de-la-haute-representante-de-lunion-europeenne-catherine-ashton-par-rapport-a-la-journee-internationale-de-la-femme-2\/","name":"08\/03\/14 D\u00e9claration de la Haute Repr\u00e9sentante de l'Union Europ\u00e9enne Catherine Ashton par rapport \u00e0 la Journ\u00e9e Internationale de la Femme | Guin\u00e9e Diversit\u00e9","isPartOf":{"@id":"https:\/\/guineediversite.com\/#website"},"datePublished":"2014-03-07T23:00:00+00:00","dateModified":"2014-03-07T23:00:00+00:00","breadcrumb":{"@id":"https:\/\/guineediversite.com\/index.php\/2014\/03\/08\/080314-declaration-de-la-haute-representante-de-lunion-europeenne-catherine-ashton-par-rapport-a-la-journee-internationale-de-la-femme-2\/#breadcrumb"},"inLanguage":"fr-FR","potentialAction":[{"@type":"ReadAction","target":["https:\/\/guineediversite.com\/index.php\/2014\/03\/08\/080314-declaration-de-la-haute-representante-de-lunion-europeenne-catherine-ashton-par-rapport-a-la-journee-internationale-de-la-femme-2\/"]}]},{"@type":"BreadcrumbList","@id":"https:\/\/guineediversite.com\/index.php\/2014\/03\/08\/080314-declaration-de-la-haute-representante-de-lunion-europeenne-catherine-ashton-par-rapport-a-la-journee-internationale-de-la-femme-2\/#breadcrumb","itemListElement":[{"@type":"ListItem","position":1,"name":"Accueil","item":"https:\/\/guineediversite.com\/"},{"@type":"ListItem","position":2,"name":"08\/03\/14 D\u00e9claration de la Haute Repr\u00e9sentante de l&rsquo;Union Europ\u00e9enne Catherine Ashton par rapport \u00e0 la Journ\u00e9e Internationale de la Femme"}]},{"@type":"WebSite","@id":"https:\/\/guineediversite.com\/#website","url":"https:\/\/guineediversite.com\/","name":"Guin\u00e9e Diversit\u00e9","description":"L&#039;Info dans toute sa diversit\u00e9","publisher":{"@id":"https:\/\/guineediversite.com\/#organization"},"potentialAction":[{"@type":"SearchAction","target":{"@type":"EntryPoint","urlTemplate":"https:\/\/guineediversite.com\/?s={search_term_string}"},"query-input":{"@type":"PropertyValueSpecification","valueRequired":true,"valueName":"search_term_string"}}],"inLanguage":"fr-FR"},{"@type":"Organization","@id":"https:\/\/guineediversite.com\/#organization","name":"Guin\u00e9e Diversit\u00e9","url":"https:\/\/guineediversite.com\/","logo":{"@type":"ImageObject","inLanguage":"fr-FR","@id":"https:\/\/guineediversite.com\/#\/schema\/logo\/image\/","url":"https:\/\/guineediversite.com\/wp-content\/uploads\/2017\/04\/cropped-1jojlxEOMkX9Wyqfhe43D6kjPOGqBBKmx3EwWJqZ0cMrFF54yM49.png","contentUrl":"https:\/\/guineediversite.com\/wp-content\/uploads\/2017\/04\/cropped-1jojlxEOMkX9Wyqfhe43D6kjPOGqBBKmx3EwWJqZ0cMrFF54yM49.png","width":186,"height":112,"caption":"Guin\u00e9e Diversit\u00e9"},"image":{"@id":"https:\/\/guineediversite.com\/#\/schema\/logo\/image\/"},"sameAs":["https:\/\/www.facebook.com\/guineediversite\/","https:\/\/x.com\/GuineeDiversite","https:\/\/www.youtube.com\/channel\/UC8sUY16qelG5ge6_D5SB83g"]},{"@type":"Person","@id":"https:\/\/guineediversite.com\/#\/schema\/person\/afa08fb34e7fc6e1feafc892612bc836","name":"Guin\u00e9e Diversit\u00e9","image":{"@type":"ImageObject","inLanguage":"fr-FR","@id":"https:\/\/guineediversite.com\/#\/schema\/person\/image\/","url":"https:\/\/secure.gravatar.com\/avatar\/50d5eb5b390f8b65ac30ac6f898eb83a?s=96&d=mm&r=g","contentUrl":"https:\/\/secure.gravatar.com\/avatar\/50d5eb5b390f8b65ac30ac6f898eb83a?s=96&d=mm&r=g","caption":"Guin\u00e9e Diversit\u00e9"},"url":"https:\/\/guineediversite.com\/index.php\/author\/guineediversite\/"}]}},"_links":{"self":[{"href":"https:\/\/guineediversite.com\/index.php\/wp-json\/wp\/v2\/posts\/16464"}],"collection":[{"href":"https:\/\/guineediversite.com\/index.php\/wp-json\/wp\/v2\/posts"}],"about":[{"href":"https:\/\/guineediversite.com\/index.php\/wp-json\/wp\/v2\/types\/post"}],"author":[{"embeddable":true,"href":"https:\/\/guineediversite.com\/index.php\/wp-json\/wp\/v2\/users\/12"}],"replies":[{"embeddable":true,"href":"https:\/\/guineediversite.com\/index.php\/wp-json\/wp\/v2\/comments?post=16464"}],"version-history":[{"count":0,"href":"https:\/\/guineediversite.com\/index.php\/wp-json\/wp\/v2\/posts\/16464\/revisions"}],"wp:attachment":[{"href":"https:\/\/guineediversite.com\/index.php\/wp-json\/wp\/v2\/media?parent=16464"}],"wp:term":[{"taxonomy":"category","embeddable":true,"href":"https:\/\/guineediversite.com\/index.php\/wp-json\/wp\/v2\/categories?post=16464"},{"taxonomy":"post_tag","embeddable":true,"href":"https:\/\/guineediversite.com\/index.php\/wp-json\/wp\/v2\/tags?post=16464"}],"curies":[{"name":"wp","href":"https:\/\/api.w.org\/{rel}","templated":true}]}}