{"id":16458,"date":"2014-03-07T00:00:00","date_gmt":"2014-03-06T23:00:00","guid":{"rendered":"https:\/\/www.guineediversite.com\/index.php\/2014\/03\/07\/070314-oumar-balde-mis-aux-arrets-dans-le-site-dinstallation-de-la-seg-a-kobayah-2\/"},"modified":"2014-03-07T00:00:00","modified_gmt":"2014-03-06T23:00:00","slug":"070314-oumar-balde-mis-aux-arrets-dans-le-site-dinstallation-de-la-seg-a-kobayah-2","status":"publish","type":"post","link":"https:\/\/guineediversite.com\/index.php\/2014\/03\/07\/070314-oumar-balde-mis-aux-arrets-dans-le-site-dinstallation-de-la-seg-a-kobayah-2\/","title":{"rendered":"07\/03\/14 Oumar Bald\u00e9 mis aux arr\u00eats dans le site d\u2019installation de la SEG \u00e0 Kobayah"},"content":{"rendered":"<p>C\u2019est aux environs de 00 heure dans la nuit du mercredi \u00e0 jeudi qu\u2019un pr\u00e9sum\u00e9  voleur a \u00e9t\u00e9 mis aux arr\u00eats. Baba Oumar Bald\u00e9 se son nom est tomb\u00e9 dans les filets des agents de s\u00e9curit\u00e9 du site d\u2019installation de la SEG, Soci\u00e9t\u00e9 des Eaux de Guin\u00e9e \u00e0 Kobayah.<br \/>\nBaba Oumar Bald\u00e9 aurait \u00e9t\u00e9 appr\u00e9hend\u00e9 sur les lieux au moment ou il cherchait \u00e0 d\u00e9terrer les c\u00e2bles d\u2019alimentation \u00e9lectrique des forages. \u00ab J\u2019\u00e9tais l\u00e0 avec mes hommes hier \u00e0 00 heure, je les ai dit de sortir par ce que les bandits on l\u2019habitude de voler des fils ici. Maintenant nous somme sorti, Alseny lui, il avait la diarrh\u00e9e en allant aux toilettes, il a entendu des bruits et il est parti nous dire. J\u2019ai dit \u00e0 San\u00e9 de sauter sur le mur pour venir derri\u00e8re lui, moi et Alseny on est sorti vers le grand portail. D\u00e8s que San\u00e9 a dit : \u00ab c\u2019est qui \u00e7a \u00bb, en prenant le tangente moi et Alseny on s\u2019est jet\u00e9 sur lui \u00bb. Explique capitaine Kandet Oumar Tour\u00e9, responsable du site.<br \/>\nInterrog\u00e9, le pr\u00e9sum\u00e9 voleur Baba Oumar Bald\u00e9 a ni\u00e9 les faits qui lui sont reproch\u00e9s. Pour lui, il a \u00e9t\u00e9 victime d\u2019une accusation.<br \/>\nSelon des sources, Baba Oumar Bald\u00e9 est un ancien militaire qui a \u00e9t\u00e9 radi\u00e9 au sein de l\u2019arm\u00e9e par faute d\u2019indiscipline.<br \/>\nLe directeur de la communication et du marketing de la SEG, affirme quant \u00e0 lui,qu\u2019il ne m\u00e9nagera aucun effort pour que le pr\u00e9sum\u00e9 voleur soit juger et condamner conform\u00e9ment \u00e0 l\u2019acte commis, avant d\u2019inviter la population \u00e0 la vigilance et \u00e0 la s\u00e9r\u00e9nit\u00e9.<br \/>\nAbdoulaye Ciss\u00e9<\/p>\n","protected":false},"excerpt":{"rendered":"<p>C\u2019est aux environs de 00 heure dans la nuit du mercredi \u00e0 jeudi qu\u2019un pr\u00e9sum\u00e9 voleur a \u00e9t\u00e9 mis aux arr\u00eats. Baba Oumar Bald\u00e9 se son nom est tomb\u00e9 dans les filets des agents de s\u00e9curit\u00e9 du site d\u2019installation de la SEG, Soci\u00e9t\u00e9 des Eaux de Guin\u00e9e \u00e0 Kobayah. Baba Oumar Bald\u00e9 aurait \u00e9t\u00e9 appr\u00e9hend\u00e9 [&hellip;]<\/p>\n","protected":false},"author":12,"featured_media":0,"comment_status":"open","ping_status":"open","sticky":false,"template":"","format":"standard","meta":{"_exactmetrics_skip_tracking":false,"_exactmetrics_sitenote_active":false,"_exactmetrics_sitenote_note":"","_exactmetrics_sitenote_category":0,"tdm_status":"","tdm_grid_status":"","footnotes":""},"categories":[28],"tags":[],"class_list":{"0":"post-16458","1":"post","2":"type-post","3":"status-publish","4":"format-standard","6":"category-archives"},"yoast_head":"<!-- This site is optimized with the Yoast SEO plugin v24.2 - https:\/\/yoast.com\/wordpress\/plugins\/seo\/ -->\n<title>07\/03\/14 Oumar Bald\u00e9 mis aux arr\u00eats dans le site d\u2019installation de la SEG \u00e0 Kobayah | Guin\u00e9e Diversit\u00e9<\/title>\n<meta name=\"robots\" content=\"index, follow, max-snippet:-1, max-image-preview:large, max-video-preview:-1\" \/>\n<link rel=\"canonical\" href=\"https:\/\/guineediversite.com\/index.php\/2014\/03\/07\/070314-oumar-balde-mis-aux-arrets-dans-le-site-dinstallation-de-la-seg-a-kobayah-2\/\" \/>\n<meta property=\"og:locale\" content=\"fr_FR\" \/>\n<meta property=\"og:type\" content=\"article\" \/>\n<meta property=\"og:title\" content=\"07\/03\/14 Oumar Bald\u00e9 mis aux arr\u00eats dans le site d\u2019installation de la SEG \u00e0 Kobayah | Guin\u00e9e Diversit\u00e9\" \/>\n<meta property=\"og:description\" content=\"C\u2019est aux environs de 00 heure dans la nuit du mercredi \u00e0 jeudi qu\u2019un pr\u00e9sum\u00e9 voleur a \u00e9t\u00e9 mis aux arr\u00eats. Baba Oumar Bald\u00e9 se son nom est tomb\u00e9 dans les filets des agents de s\u00e9curit\u00e9 du site d\u2019installation de la SEG, Soci\u00e9t\u00e9 des Eaux de Guin\u00e9e \u00e0 Kobayah. Baba Oumar Bald\u00e9 aurait \u00e9t\u00e9 appr\u00e9hend\u00e9 [&hellip;]\" \/>\n<meta property=\"og:url\" content=\"https:\/\/guineediversite.com\/index.php\/2014\/03\/07\/070314-oumar-balde-mis-aux-arrets-dans-le-site-dinstallation-de-la-seg-a-kobayah-2\/\" \/>\n<meta property=\"og:site_name\" content=\"Guin\u00e9e Diversit\u00e9\" \/>\n<meta property=\"article:publisher\" content=\"https:\/\/www.facebook.com\/guineediversite\/\" \/>\n<meta property=\"article:published_time\" content=\"2014-03-06T23:00:00+00:00\" \/>\n<meta name=\"author\" content=\"Guin\u00e9e Diversit\u00e9\" \/>\n<meta name=\"twitter:card\" content=\"summary_large_image\" \/>\n<meta name=\"twitter:creator\" content=\"@GuineeDiversite\" \/>\n<meta name=\"twitter:site\" content=\"@GuineeDiversite\" \/>\n<meta name=\"twitter:label1\" content=\"\u00c9crit par\" \/>\n\t<meta name=\"twitter:data1\" content=\"Guin\u00e9e Diversit\u00e9\" \/>\n\t<meta name=\"twitter:label2\" content=\"Dur\u00e9e de lecture estim\u00e9e\" \/>\n\t<meta name=\"twitter:data2\" content=\"1 minute\" \/>\n<script type=\"application\/ld+json\" class=\"yoast-schema-graph\">{\"@context\":\"https:\/\/schema.org\",\"@graph\":[{\"@type\":\"Article\",\"@id\":\"https:\/\/guineediversite.com\/index.php\/2014\/03\/07\/070314-oumar-balde-mis-aux-arrets-dans-le-site-dinstallation-de-la-seg-a-kobayah-2\/#article\",\"isPartOf\":{\"@id\":\"https:\/\/guineediversite.com\/index.php\/2014\/03\/07\/070314-oumar-balde-mis-aux-arrets-dans-le-site-dinstallation-de-la-seg-a-kobayah-2\/\"},\"author\":{\"name\":\"Guin\u00e9e Diversit\u00e9\",\"@id\":\"https:\/\/guineediversite.com\/#\/schema\/person\/afa08fb34e7fc6e1feafc892612bc836\"},\"headline\":\"07\/03\/14 Oumar Bald\u00e9 mis aux arr\u00eats dans le site d\u2019installation de la SEG \u00e0 Kobayah\",\"datePublished\":\"2014-03-06T23:00:00+00:00\",\"dateModified\":\"2014-03-06T23:00:00+00:00\",\"mainEntityOfPage\":{\"@id\":\"https:\/\/guineediversite.com\/index.php\/2014\/03\/07\/070314-oumar-balde-mis-aux-arrets-dans-le-site-dinstallation-de-la-seg-a-kobayah-2\/\"},\"wordCount\":302,\"commentCount\":0,\"publisher\":{\"@id\":\"https:\/\/guineediversite.com\/#organization\"},\"articleSection\":[\"Archives\"],\"inLanguage\":\"fr-FR\",\"potentialAction\":[{\"@type\":\"CommentAction\",\"name\":\"Comment\",\"target\":[\"https:\/\/guineediversite.com\/index.php\/2014\/03\/07\/070314-oumar-balde-mis-aux-arrets-dans-le-site-dinstallation-de-la-seg-a-kobayah-2\/#respond\"]}]},{\"@type\":\"WebPage\",\"@id\":\"https:\/\/guineediversite.com\/index.php\/2014\/03\/07\/070314-oumar-balde-mis-aux-arrets-dans-le-site-dinstallation-de-la-seg-a-kobayah-2\/\",\"url\":\"https:\/\/guineediversite.com\/index.php\/2014\/03\/07\/070314-oumar-balde-mis-aux-arrets-dans-le-site-dinstallation-de-la-seg-a-kobayah-2\/\",\"name\":\"07\/03\/14 Oumar Bald\u00e9 mis aux arr\u00eats dans le site d\u2019installation de la SEG \u00e0 Kobayah | Guin\u00e9e Diversit\u00e9\",\"isPartOf\":{\"@id\":\"https:\/\/guineediversite.com\/#website\"},\"datePublished\":\"2014-03-06T23:00:00+00:00\",\"dateModified\":\"2014-03-06T23:00:00+00:00\",\"breadcrumb\":{\"@id\":\"https:\/\/guineediversite.com\/index.php\/2014\/03\/07\/070314-oumar-balde-mis-aux-arrets-dans-le-site-dinstallation-de-la-seg-a-kobayah-2\/#breadcrumb\"},\"inLanguage\":\"fr-FR\",\"potentialAction\":[{\"@type\":\"ReadAction\",\"target\":[\"https:\/\/guineediversite.com\/index.php\/2014\/03\/07\/070314-oumar-balde-mis-aux-arrets-dans-le-site-dinstallation-de-la-seg-a-kobayah-2\/\"]}]},{\"@type\":\"BreadcrumbList\",\"@id\":\"https:\/\/guineediversite.com\/index.php\/2014\/03\/07\/070314-oumar-balde-mis-aux-arrets-dans-le-site-dinstallation-de-la-seg-a-kobayah-2\/#breadcrumb\",\"itemListElement\":[{\"@type\":\"ListItem\",\"position\":1,\"name\":\"Accueil\",\"item\":\"https:\/\/guineediversite.com\/\"},{\"@type\":\"ListItem\",\"position\":2,\"name\":\"07\/03\/14 Oumar Bald\u00e9 mis aux arr\u00eats dans le site d\u2019installation de la SEG \u00e0 Kobayah\"}]},{\"@type\":\"WebSite\",\"@id\":\"https:\/\/guineediversite.com\/#website\",\"url\":\"https:\/\/guineediversite.com\/\",\"name\":\"Guin\u00e9e Diversit\u00e9\",\"description\":\"L&#039;Info dans toute sa diversit\u00e9\",\"publisher\":{\"@id\":\"https:\/\/guineediversite.com\/#organization\"},\"potentialAction\":[{\"@type\":\"SearchAction\",\"target\":{\"@type\":\"EntryPoint\",\"urlTemplate\":\"https:\/\/guineediversite.com\/?s={search_term_string}\"},\"query-input\":{\"@type\":\"PropertyValueSpecification\",\"valueRequired\":true,\"valueName\":\"search_term_string\"}}],\"inLanguage\":\"fr-FR\"},{\"@type\":\"Organization\",\"@id\":\"https:\/\/guineediversite.com\/#organization\",\"name\":\"Guin\u00e9e Diversit\u00e9\",\"url\":\"https:\/\/guineediversite.com\/\",\"logo\":{\"@type\":\"ImageObject\",\"inLanguage\":\"fr-FR\",\"@id\":\"https:\/\/guineediversite.com\/#\/schema\/logo\/image\/\",\"url\":\"https:\/\/guineediversite.com\/wp-content\/uploads\/2017\/04\/cropped-1jojlxEOMkX9Wyqfhe43D6kjPOGqBBKmx3EwWJqZ0cMrFF54yM49.png\",\"contentUrl\":\"https:\/\/guineediversite.com\/wp-content\/uploads\/2017\/04\/cropped-1jojlxEOMkX9Wyqfhe43D6kjPOGqBBKmx3EwWJqZ0cMrFF54yM49.png\",\"width\":186,\"height\":112,\"caption\":\"Guin\u00e9e Diversit\u00e9\"},\"image\":{\"@id\":\"https:\/\/guineediversite.com\/#\/schema\/logo\/image\/\"},\"sameAs\":[\"https:\/\/www.facebook.com\/guineediversite\/\",\"https:\/\/x.com\/GuineeDiversite\",\"https:\/\/www.youtube.com\/channel\/UC8sUY16qelG5ge6_D5SB83g\"]},{\"@type\":\"Person\",\"@id\":\"https:\/\/guineediversite.com\/#\/schema\/person\/afa08fb34e7fc6e1feafc892612bc836\",\"name\":\"Guin\u00e9e Diversit\u00e9\",\"image\":{\"@type\":\"ImageObject\",\"inLanguage\":\"fr-FR\",\"@id\":\"https:\/\/guineediversite.com\/#\/schema\/person\/image\/\",\"url\":\"https:\/\/secure.gravatar.com\/avatar\/50d5eb5b390f8b65ac30ac6f898eb83a?s=96&d=mm&r=g\",\"contentUrl\":\"https:\/\/secure.gravatar.com\/avatar\/50d5eb5b390f8b65ac30ac6f898eb83a?s=96&d=mm&r=g\",\"caption\":\"Guin\u00e9e Diversit\u00e9\"},\"url\":\"https:\/\/guineediversite.com\/index.php\/author\/guineediversite\/\"}]}<\/script>\n<!-- \/ Yoast SEO plugin. -->","yoast_head_json":{"title":"07\/03\/14 Oumar Bald\u00e9 mis aux arr\u00eats dans le site d\u2019installation de la SEG \u00e0 Kobayah | Guin\u00e9e Diversit\u00e9","robots":{"index":"index","follow":"follow","max-snippet":"max-snippet:-1","max-image-preview":"max-image-preview:large","max-video-preview":"max-video-preview:-1"},"canonical":"https:\/\/guineediversite.com\/index.php\/2014\/03\/07\/070314-oumar-balde-mis-aux-arrets-dans-le-site-dinstallation-de-la-seg-a-kobayah-2\/","og_locale":"fr_FR","og_type":"article","og_title":"07\/03\/14 Oumar Bald\u00e9 mis aux arr\u00eats dans le site d\u2019installation de la SEG \u00e0 Kobayah | Guin\u00e9e Diversit\u00e9","og_description":"C\u2019est aux environs de 00 heure dans la nuit du mercredi \u00e0 jeudi qu\u2019un pr\u00e9sum\u00e9 voleur a \u00e9t\u00e9 mis aux arr\u00eats. Baba Oumar Bald\u00e9 se son nom est tomb\u00e9 dans les filets des agents de s\u00e9curit\u00e9 du site d\u2019installation de la SEG, Soci\u00e9t\u00e9 des Eaux de Guin\u00e9e \u00e0 Kobayah. Baba Oumar Bald\u00e9 aurait \u00e9t\u00e9 appr\u00e9hend\u00e9 [&hellip;]","og_url":"https:\/\/guineediversite.com\/index.php\/2014\/03\/07\/070314-oumar-balde-mis-aux-arrets-dans-le-site-dinstallation-de-la-seg-a-kobayah-2\/","og_site_name":"Guin\u00e9e Diversit\u00e9","article_publisher":"https:\/\/www.facebook.com\/guineediversite\/","article_published_time":"2014-03-06T23:00:00+00:00","author":"Guin\u00e9e Diversit\u00e9","twitter_card":"summary_large_image","twitter_creator":"@GuineeDiversite","twitter_site":"@GuineeDiversite","twitter_misc":{"\u00c9crit par":"Guin\u00e9e Diversit\u00e9","Dur\u00e9e de lecture estim\u00e9e":"1 minute"},"schema":{"@context":"https:\/\/schema.org","@graph":[{"@type":"Article","@id":"https:\/\/guineediversite.com\/index.php\/2014\/03\/07\/070314-oumar-balde-mis-aux-arrets-dans-le-site-dinstallation-de-la-seg-a-kobayah-2\/#article","isPartOf":{"@id":"https:\/\/guineediversite.com\/index.php\/2014\/03\/07\/070314-oumar-balde-mis-aux-arrets-dans-le-site-dinstallation-de-la-seg-a-kobayah-2\/"},"author":{"name":"Guin\u00e9e Diversit\u00e9","@id":"https:\/\/guineediversite.com\/#\/schema\/person\/afa08fb34e7fc6e1feafc892612bc836"},"headline":"07\/03\/14 Oumar Bald\u00e9 mis aux arr\u00eats dans le site d\u2019installation de la SEG \u00e0 Kobayah","datePublished":"2014-03-06T23:00:00+00:00","dateModified":"2014-03-06T23:00:00+00:00","mainEntityOfPage":{"@id":"https:\/\/guineediversite.com\/index.php\/2014\/03\/07\/070314-oumar-balde-mis-aux-arrets-dans-le-site-dinstallation-de-la-seg-a-kobayah-2\/"},"wordCount":302,"commentCount":0,"publisher":{"@id":"https:\/\/guineediversite.com\/#organization"},"articleSection":["Archives"],"inLanguage":"fr-FR","potentialAction":[{"@type":"CommentAction","name":"Comment","target":["https:\/\/guineediversite.com\/index.php\/2014\/03\/07\/070314-oumar-balde-mis-aux-arrets-dans-le-site-dinstallation-de-la-seg-a-kobayah-2\/#respond"]}]},{"@type":"WebPage","@id":"https:\/\/guineediversite.com\/index.php\/2014\/03\/07\/070314-oumar-balde-mis-aux-arrets-dans-le-site-dinstallation-de-la-seg-a-kobayah-2\/","url":"https:\/\/guineediversite.com\/index.php\/2014\/03\/07\/070314-oumar-balde-mis-aux-arrets-dans-le-site-dinstallation-de-la-seg-a-kobayah-2\/","name":"07\/03\/14 Oumar Bald\u00e9 mis aux arr\u00eats dans le site d\u2019installation de la SEG \u00e0 Kobayah | Guin\u00e9e Diversit\u00e9","isPartOf":{"@id":"https:\/\/guineediversite.com\/#website"},"datePublished":"2014-03-06T23:00:00+00:00","dateModified":"2014-03-06T23:00:00+00:00","breadcrumb":{"@id":"https:\/\/guineediversite.com\/index.php\/2014\/03\/07\/070314-oumar-balde-mis-aux-arrets-dans-le-site-dinstallation-de-la-seg-a-kobayah-2\/#breadcrumb"},"inLanguage":"fr-FR","potentialAction":[{"@type":"ReadAction","target":["https:\/\/guineediversite.com\/index.php\/2014\/03\/07\/070314-oumar-balde-mis-aux-arrets-dans-le-site-dinstallation-de-la-seg-a-kobayah-2\/"]}]},{"@type":"BreadcrumbList","@id":"https:\/\/guineediversite.com\/index.php\/2014\/03\/07\/070314-oumar-balde-mis-aux-arrets-dans-le-site-dinstallation-de-la-seg-a-kobayah-2\/#breadcrumb","itemListElement":[{"@type":"ListItem","position":1,"name":"Accueil","item":"https:\/\/guineediversite.com\/"},{"@type":"ListItem","position":2,"name":"07\/03\/14 Oumar Bald\u00e9 mis aux arr\u00eats dans le site d\u2019installation de la SEG \u00e0 Kobayah"}]},{"@type":"WebSite","@id":"https:\/\/guineediversite.com\/#website","url":"https:\/\/guineediversite.com\/","name":"Guin\u00e9e Diversit\u00e9","description":"L&#039;Info dans toute sa diversit\u00e9","publisher":{"@id":"https:\/\/guineediversite.com\/#organization"},"potentialAction":[{"@type":"SearchAction","target":{"@type":"EntryPoint","urlTemplate":"https:\/\/guineediversite.com\/?s={search_term_string}"},"query-input":{"@type":"PropertyValueSpecification","valueRequired":true,"valueName":"search_term_string"}}],"inLanguage":"fr-FR"},{"@type":"Organization","@id":"https:\/\/guineediversite.com\/#organization","name":"Guin\u00e9e Diversit\u00e9","url":"https:\/\/guineediversite.com\/","logo":{"@type":"ImageObject","inLanguage":"fr-FR","@id":"https:\/\/guineediversite.com\/#\/schema\/logo\/image\/","url":"https:\/\/guineediversite.com\/wp-content\/uploads\/2017\/04\/cropped-1jojlxEOMkX9Wyqfhe43D6kjPOGqBBKmx3EwWJqZ0cMrFF54yM49.png","contentUrl":"https:\/\/guineediversite.com\/wp-content\/uploads\/2017\/04\/cropped-1jojlxEOMkX9Wyqfhe43D6kjPOGqBBKmx3EwWJqZ0cMrFF54yM49.png","width":186,"height":112,"caption":"Guin\u00e9e Diversit\u00e9"},"image":{"@id":"https:\/\/guineediversite.com\/#\/schema\/logo\/image\/"},"sameAs":["https:\/\/www.facebook.com\/guineediversite\/","https:\/\/x.com\/GuineeDiversite","https:\/\/www.youtube.com\/channel\/UC8sUY16qelG5ge6_D5SB83g"]},{"@type":"Person","@id":"https:\/\/guineediversite.com\/#\/schema\/person\/afa08fb34e7fc6e1feafc892612bc836","name":"Guin\u00e9e Diversit\u00e9","image":{"@type":"ImageObject","inLanguage":"fr-FR","@id":"https:\/\/guineediversite.com\/#\/schema\/person\/image\/","url":"https:\/\/secure.gravatar.com\/avatar\/50d5eb5b390f8b65ac30ac6f898eb83a?s=96&d=mm&r=g","contentUrl":"https:\/\/secure.gravatar.com\/avatar\/50d5eb5b390f8b65ac30ac6f898eb83a?s=96&d=mm&r=g","caption":"Guin\u00e9e Diversit\u00e9"},"url":"https:\/\/guineediversite.com\/index.php\/author\/guineediversite\/"}]}},"_links":{"self":[{"href":"https:\/\/guineediversite.com\/index.php\/wp-json\/wp\/v2\/posts\/16458"}],"collection":[{"href":"https:\/\/guineediversite.com\/index.php\/wp-json\/wp\/v2\/posts"}],"about":[{"href":"https:\/\/guineediversite.com\/index.php\/wp-json\/wp\/v2\/types\/post"}],"author":[{"embeddable":true,"href":"https:\/\/guineediversite.com\/index.php\/wp-json\/wp\/v2\/users\/12"}],"replies":[{"embeddable":true,"href":"https:\/\/guineediversite.com\/index.php\/wp-json\/wp\/v2\/comments?post=16458"}],"version-history":[{"count":0,"href":"https:\/\/guineediversite.com\/index.php\/wp-json\/wp\/v2\/posts\/16458\/revisions"}],"wp:attachment":[{"href":"https:\/\/guineediversite.com\/index.php\/wp-json\/wp\/v2\/media?parent=16458"}],"wp:term":[{"taxonomy":"category","embeddable":true,"href":"https:\/\/guineediversite.com\/index.php\/wp-json\/wp\/v2\/categories?post=16458"},{"taxonomy":"post_tag","embeddable":true,"href":"https:\/\/guineediversite.com\/index.php\/wp-json\/wp\/v2\/tags?post=16458"}],"curies":[{"name":"wp","href":"https:\/\/api.w.org\/{rel}","templated":true}]}}