{"id":16363,"date":"2014-02-17T00:00:00","date_gmt":"2014-02-16T23:00:00","guid":{"rendered":"https:\/\/guineediversite.com.bwjx4292.odns.fr\/index.php\/2014\/02\/17\/170214recrutement-des-agents-charges-du-recensement-general-de-la-population-le-gouverneur-de-conakry-accuse-de-favoritisme\/"},"modified":"2014-02-17T00:00:00","modified_gmt":"2014-02-16T23:00:00","slug":"170214recrutement-des-agents-charges-du-recensement-general-de-la-population-le-gouverneur-de-conakry-accuse-de-favoritisme","status":"publish","type":"post","link":"https:\/\/guineediversite.com\/index.php\/2014\/02\/17\/170214recrutement-des-agents-charges-du-recensement-general-de-la-population-le-gouverneur-de-conakry-accuse-de-favoritisme\/","title":{"rendered":"17\/02\/14\nRecrutement des agents charg\u00e9s du recensement g\u00e9n\u00e9ral de la population : le Gouverneur de Conakry accus\u00e9 de favoritisme"},"content":{"rendered":"<p>Ce lundi 17 f\u00e9vrier 2014, des jeunes recrut\u00e9s pour faire le recensement g\u00e9n\u00e9ral des populations ont pris d\u2019assaut l\u2019enceinte de la mairie de Kaloum. Ces jeunes au nombre des 76 ont \u00e9t\u00e9 retenu suite \u00e0 un teste organis\u00e9 par le minist\u00e8re du plan. Les r\u00e9sultats du teste avaient \u00e9t\u00e9 affich\u00e9 \u00e0 la mairie le week-end dernier avec \u00e0 l\u2019appui, la signature de la pr\u00e9sidente de la d\u00e9l\u00e9gation sp\u00e9ciale de Kaloum. Tr\u00e8s t\u00f4t ce lundi, ces derniers retrouvent \u00e0 leur grande surprise une nouvelle liste de personnes affich\u00e9e. Des personnes qui seraient proches du parti au pouvoir \u00e0 en croire certains jeunes que nous avons rencontr\u00e9. Tr\u00e8s d\u00e9\u00e7us, ces jeunes accusent le gouverneur S\u00e9kou Resko Camara de vouloir changer la liste officielle, \u00e0 profit d\u2019une liste qui n\u2019a jamais exist\u00e9e.<br \/>\n \u00ab C\u2019est le samedi pass\u00e9 \u00e0 23h que le gouverneur avec ses complices ont affich\u00e9 cette liste. Mais nous ne sont pas d\u2019accord car ces personnes n\u2019ont jamais fait le teste. Et puis, ce recensement n\u2019est pas l\u2019affaire d\u2019un parti politique, c\u2019est pour toute la population. Nous sommes des guin\u00e9ens Resko n\u2019a pas le droit de substituer un guin\u00e9en ill\u00e9galement \u00e0 la place d\u2019un autre guin\u00e9en. Nous allons tout faire pour emp\u00eacher la formation des ces gens qui est pr\u00e9vu  ce mardi 18 f\u00e9vrier. On va \u00e9galement informer les partenaires qui financent le projet, que le gouverneur veut boycotter le recensement \u00bb, lance leur porte parole Sylla Moussa Bala, issu de la soci\u00e9t\u00e9 civile de Kaloum.<br \/>\nNous avons joint au t\u00e9l\u00e9phone le commandant Resko Camara, qui n\u2019a pas souhait\u00e9 s\u2019exprimer pour le moment sur le sujet. Toute fois, des interrogations se posent sur ce qui motiverait le Gouverneur de la ville de Conakry \u00e0 intervenir  dans le choix des agents recenseurs \u00e0 partir du moment o\u00f9 ce recensement g\u00e9n\u00e9ral de la population n\u2019a rien de politique. Selon les minist\u00e8res du plan et celui de la d\u00e9centralisation, il consiste \u00e0 identifier toute personne vivant sur le territoire Guin\u00e9en, m\u00eame les \u00e9trangers. Cela va permettre \u00e0 l\u2019Etat de produire une banque de donn\u00e9es de sa population, d\u2019une part et d\u2019autre part, \u00e7a va faciliter la planification des besoins du point de vue d\u00e9veloppement \u00e0 la base.<br \/>\nSelon le programme, le recensement g\u00e9n\u00e9ral de la population doit d\u00e9marrer le 1er  mars prochain sur toute l\u2019\u00e9tendue du territoire national. Mais avec cette allure, nombreux sont des observateurs qui commencent \u00e0 douter sur la r\u00e9ussite de ce processus.<br \/>\n Thierno Abdoul Bald\u00e9 :<\/p>\n","protected":false},"excerpt":{"rendered":"<p>Ce lundi 17 f\u00e9vrier 2014, des jeunes recrut\u00e9s pour faire le recensement g\u00e9n\u00e9ral des populations ont pris d\u2019assaut l\u2019enceinte de la mairie de Kaloum. Ces jeunes au nombre des 76 ont \u00e9t\u00e9 retenu suite \u00e0 un teste organis\u00e9 par le minist\u00e8re du plan. Les r\u00e9sultats du teste avaient \u00e9t\u00e9 affich\u00e9 \u00e0 la mairie le week-end [&hellip;]<\/p>\n","protected":false},"author":12,"featured_media":0,"comment_status":"open","ping_status":"open","sticky":false,"template":"","format":"standard","meta":{"_exactmetrics_skip_tracking":false,"_exactmetrics_sitenote_active":false,"_exactmetrics_sitenote_note":"","_exactmetrics_sitenote_category":0,"tdm_status":"","tdm_grid_status":"","footnotes":""},"categories":[28],"tags":[],"class_list":{"0":"post-16363","1":"post","2":"type-post","3":"status-publish","4":"format-standard","6":"category-archives"},"yoast_head":"<!-- This site is optimized with the Yoast SEO plugin v24.2 - https:\/\/yoast.com\/wordpress\/plugins\/seo\/ -->\n<title>17\/02\/14 Recrutement des agents charg\u00e9s du recensement g\u00e9n\u00e9ral de la population : le Gouverneur de Conakry accus\u00e9 de favoritisme | Guin\u00e9e Diversit\u00e9<\/title>\n<meta name=\"robots\" content=\"index, follow, max-snippet:-1, max-image-preview:large, max-video-preview:-1\" \/>\n<link rel=\"canonical\" href=\"https:\/\/guineediversite.com\/index.php\/2014\/02\/17\/170214recrutement-des-agents-charges-du-recensement-general-de-la-population-le-gouverneur-de-conakry-accuse-de-favoritisme\/\" \/>\n<meta property=\"og:locale\" content=\"fr_FR\" \/>\n<meta property=\"og:type\" content=\"article\" \/>\n<meta property=\"og:title\" content=\"17\/02\/14 Recrutement des agents charg\u00e9s du recensement g\u00e9n\u00e9ral de la population : le Gouverneur de Conakry accus\u00e9 de favoritisme | Guin\u00e9e Diversit\u00e9\" \/>\n<meta property=\"og:description\" content=\"Ce lundi 17 f\u00e9vrier 2014, des jeunes recrut\u00e9s pour faire le recensement g\u00e9n\u00e9ral des populations ont pris d\u2019assaut l\u2019enceinte de la mairie de Kaloum. Ces jeunes au nombre des 76 ont \u00e9t\u00e9 retenu suite \u00e0 un teste organis\u00e9 par le minist\u00e8re du plan. Les r\u00e9sultats du teste avaient \u00e9t\u00e9 affich\u00e9 \u00e0 la mairie le week-end [&hellip;]\" \/>\n<meta property=\"og:url\" content=\"https:\/\/guineediversite.com\/index.php\/2014\/02\/17\/170214recrutement-des-agents-charges-du-recensement-general-de-la-population-le-gouverneur-de-conakry-accuse-de-favoritisme\/\" \/>\n<meta property=\"og:site_name\" content=\"Guin\u00e9e Diversit\u00e9\" \/>\n<meta property=\"article:publisher\" content=\"https:\/\/www.facebook.com\/guineediversite\/\" \/>\n<meta property=\"article:published_time\" content=\"2014-02-16T23:00:00+00:00\" \/>\n<meta name=\"author\" content=\"Guin\u00e9e Diversit\u00e9\" \/>\n<meta name=\"twitter:card\" content=\"summary_large_image\" \/>\n<meta name=\"twitter:creator\" content=\"@GuineeDiversite\" \/>\n<meta name=\"twitter:site\" content=\"@GuineeDiversite\" \/>\n<meta name=\"twitter:label1\" content=\"\u00c9crit par\" \/>\n\t<meta name=\"twitter:data1\" content=\"Guin\u00e9e Diversit\u00e9\" \/>\n\t<meta name=\"twitter:label2\" content=\"Dur\u00e9e de lecture estim\u00e9e\" \/>\n\t<meta name=\"twitter:data2\" content=\"2 minutes\" \/>\n<script type=\"application\/ld+json\" class=\"yoast-schema-graph\">{\"@context\":\"https:\/\/schema.org\",\"@graph\":[{\"@type\":\"Article\",\"@id\":\"https:\/\/guineediversite.com\/index.php\/2014\/02\/17\/170214recrutement-des-agents-charges-du-recensement-general-de-la-population-le-gouverneur-de-conakry-accuse-de-favoritisme\/#article\",\"isPartOf\":{\"@id\":\"https:\/\/guineediversite.com\/index.php\/2014\/02\/17\/170214recrutement-des-agents-charges-du-recensement-general-de-la-population-le-gouverneur-de-conakry-accuse-de-favoritisme\/\"},\"author\":{\"name\":\"Guin\u00e9e Diversit\u00e9\",\"@id\":\"https:\/\/guineediversite.com\/#\/schema\/person\/afa08fb34e7fc6e1feafc892612bc836\"},\"headline\":\"17\/02\/14 Recrutement des agents charg\u00e9s du recensement g\u00e9n\u00e9ral de la population : le Gouverneur de Conakry accus\u00e9 de favoritisme\",\"datePublished\":\"2014-02-16T23:00:00+00:00\",\"dateModified\":\"2014-02-16T23:00:00+00:00\",\"mainEntityOfPage\":{\"@id\":\"https:\/\/guineediversite.com\/index.php\/2014\/02\/17\/170214recrutement-des-agents-charges-du-recensement-general-de-la-population-le-gouverneur-de-conakry-accuse-de-favoritisme\/\"},\"wordCount\":465,\"commentCount\":0,\"publisher\":{\"@id\":\"https:\/\/guineediversite.com\/#organization\"},\"articleSection\":[\"Archives\"],\"inLanguage\":\"fr-FR\",\"potentialAction\":[{\"@type\":\"CommentAction\",\"name\":\"Comment\",\"target\":[\"https:\/\/guineediversite.com\/index.php\/2014\/02\/17\/170214recrutement-des-agents-charges-du-recensement-general-de-la-population-le-gouverneur-de-conakry-accuse-de-favoritisme\/#respond\"]}]},{\"@type\":\"WebPage\",\"@id\":\"https:\/\/guineediversite.com\/index.php\/2014\/02\/17\/170214recrutement-des-agents-charges-du-recensement-general-de-la-population-le-gouverneur-de-conakry-accuse-de-favoritisme\/\",\"url\":\"https:\/\/guineediversite.com\/index.php\/2014\/02\/17\/170214recrutement-des-agents-charges-du-recensement-general-de-la-population-le-gouverneur-de-conakry-accuse-de-favoritisme\/\",\"name\":\"17\/02\/14 Recrutement des agents charg\u00e9s du recensement g\u00e9n\u00e9ral de la population : le Gouverneur de Conakry accus\u00e9 de favoritisme | Guin\u00e9e Diversit\u00e9\",\"isPartOf\":{\"@id\":\"https:\/\/guineediversite.com\/#website\"},\"datePublished\":\"2014-02-16T23:00:00+00:00\",\"dateModified\":\"2014-02-16T23:00:00+00:00\",\"breadcrumb\":{\"@id\":\"https:\/\/guineediversite.com\/index.php\/2014\/02\/17\/170214recrutement-des-agents-charges-du-recensement-general-de-la-population-le-gouverneur-de-conakry-accuse-de-favoritisme\/#breadcrumb\"},\"inLanguage\":\"fr-FR\",\"potentialAction\":[{\"@type\":\"ReadAction\",\"target\":[\"https:\/\/guineediversite.com\/index.php\/2014\/02\/17\/170214recrutement-des-agents-charges-du-recensement-general-de-la-population-le-gouverneur-de-conakry-accuse-de-favoritisme\/\"]}]},{\"@type\":\"BreadcrumbList\",\"@id\":\"https:\/\/guineediversite.com\/index.php\/2014\/02\/17\/170214recrutement-des-agents-charges-du-recensement-general-de-la-population-le-gouverneur-de-conakry-accuse-de-favoritisme\/#breadcrumb\",\"itemListElement\":[{\"@type\":\"ListItem\",\"position\":1,\"name\":\"Accueil\",\"item\":\"https:\/\/guineediversite.com\/\"},{\"@type\":\"ListItem\",\"position\":2,\"name\":\"17\/02\/14 Recrutement des agents charg\u00e9s du recensement g\u00e9n\u00e9ral de la population : le Gouverneur de Conakry accus\u00e9 de favoritisme\"}]},{\"@type\":\"WebSite\",\"@id\":\"https:\/\/guineediversite.com\/#website\",\"url\":\"https:\/\/guineediversite.com\/\",\"name\":\"Guin\u00e9e Diversit\u00e9\",\"description\":\"L&#039;Info dans toute sa diversit\u00e9\",\"publisher\":{\"@id\":\"https:\/\/guineediversite.com\/#organization\"},\"potentialAction\":[{\"@type\":\"SearchAction\",\"target\":{\"@type\":\"EntryPoint\",\"urlTemplate\":\"https:\/\/guineediversite.com\/?s={search_term_string}\"},\"query-input\":{\"@type\":\"PropertyValueSpecification\",\"valueRequired\":true,\"valueName\":\"search_term_string\"}}],\"inLanguage\":\"fr-FR\"},{\"@type\":\"Organization\",\"@id\":\"https:\/\/guineediversite.com\/#organization\",\"name\":\"Guin\u00e9e Diversit\u00e9\",\"url\":\"https:\/\/guineediversite.com\/\",\"logo\":{\"@type\":\"ImageObject\",\"inLanguage\":\"fr-FR\",\"@id\":\"https:\/\/guineediversite.com\/#\/schema\/logo\/image\/\",\"url\":\"https:\/\/guineediversite.com\/wp-content\/uploads\/2017\/04\/cropped-1jojlxEOMkX9Wyqfhe43D6kjPOGqBBKmx3EwWJqZ0cMrFF54yM49.png\",\"contentUrl\":\"https:\/\/guineediversite.com\/wp-content\/uploads\/2017\/04\/cropped-1jojlxEOMkX9Wyqfhe43D6kjPOGqBBKmx3EwWJqZ0cMrFF54yM49.png\",\"width\":186,\"height\":112,\"caption\":\"Guin\u00e9e Diversit\u00e9\"},\"image\":{\"@id\":\"https:\/\/guineediversite.com\/#\/schema\/logo\/image\/\"},\"sameAs\":[\"https:\/\/www.facebook.com\/guineediversite\/\",\"https:\/\/x.com\/GuineeDiversite\",\"https:\/\/www.youtube.com\/channel\/UC8sUY16qelG5ge6_D5SB83g\"]},{\"@type\":\"Person\",\"@id\":\"https:\/\/guineediversite.com\/#\/schema\/person\/afa08fb34e7fc6e1feafc892612bc836\",\"name\":\"Guin\u00e9e Diversit\u00e9\",\"image\":{\"@type\":\"ImageObject\",\"inLanguage\":\"fr-FR\",\"@id\":\"https:\/\/guineediversite.com\/#\/schema\/person\/image\/\",\"url\":\"https:\/\/secure.gravatar.com\/avatar\/50d5eb5b390f8b65ac30ac6f898eb83a?s=96&d=mm&r=g\",\"contentUrl\":\"https:\/\/secure.gravatar.com\/avatar\/50d5eb5b390f8b65ac30ac6f898eb83a?s=96&d=mm&r=g\",\"caption\":\"Guin\u00e9e Diversit\u00e9\"},\"url\":\"https:\/\/guineediversite.com\/index.php\/author\/guineediversite\/\"}]}<\/script>\n<!-- \/ Yoast SEO plugin. -->","yoast_head_json":{"title":"17\/02\/14 Recrutement des agents charg\u00e9s du recensement g\u00e9n\u00e9ral de la population : le Gouverneur de Conakry accus\u00e9 de favoritisme | Guin\u00e9e Diversit\u00e9","robots":{"index":"index","follow":"follow","max-snippet":"max-snippet:-1","max-image-preview":"max-image-preview:large","max-video-preview":"max-video-preview:-1"},"canonical":"https:\/\/guineediversite.com\/index.php\/2014\/02\/17\/170214recrutement-des-agents-charges-du-recensement-general-de-la-population-le-gouverneur-de-conakry-accuse-de-favoritisme\/","og_locale":"fr_FR","og_type":"article","og_title":"17\/02\/14 Recrutement des agents charg\u00e9s du recensement g\u00e9n\u00e9ral de la population : le Gouverneur de Conakry accus\u00e9 de favoritisme | Guin\u00e9e Diversit\u00e9","og_description":"Ce lundi 17 f\u00e9vrier 2014, des jeunes recrut\u00e9s pour faire le recensement g\u00e9n\u00e9ral des populations ont pris d\u2019assaut l\u2019enceinte de la mairie de Kaloum. Ces jeunes au nombre des 76 ont \u00e9t\u00e9 retenu suite \u00e0 un teste organis\u00e9 par le minist\u00e8re du plan. Les r\u00e9sultats du teste avaient \u00e9t\u00e9 affich\u00e9 \u00e0 la mairie le week-end [&hellip;]","og_url":"https:\/\/guineediversite.com\/index.php\/2014\/02\/17\/170214recrutement-des-agents-charges-du-recensement-general-de-la-population-le-gouverneur-de-conakry-accuse-de-favoritisme\/","og_site_name":"Guin\u00e9e Diversit\u00e9","article_publisher":"https:\/\/www.facebook.com\/guineediversite\/","article_published_time":"2014-02-16T23:00:00+00:00","author":"Guin\u00e9e Diversit\u00e9","twitter_card":"summary_large_image","twitter_creator":"@GuineeDiversite","twitter_site":"@GuineeDiversite","twitter_misc":{"\u00c9crit par":"Guin\u00e9e Diversit\u00e9","Dur\u00e9e de lecture estim\u00e9e":"2 minutes"},"schema":{"@context":"https:\/\/schema.org","@graph":[{"@type":"Article","@id":"https:\/\/guineediversite.com\/index.php\/2014\/02\/17\/170214recrutement-des-agents-charges-du-recensement-general-de-la-population-le-gouverneur-de-conakry-accuse-de-favoritisme\/#article","isPartOf":{"@id":"https:\/\/guineediversite.com\/index.php\/2014\/02\/17\/170214recrutement-des-agents-charges-du-recensement-general-de-la-population-le-gouverneur-de-conakry-accuse-de-favoritisme\/"},"author":{"name":"Guin\u00e9e Diversit\u00e9","@id":"https:\/\/guineediversite.com\/#\/schema\/person\/afa08fb34e7fc6e1feafc892612bc836"},"headline":"17\/02\/14 Recrutement des agents charg\u00e9s du recensement g\u00e9n\u00e9ral de la population : le Gouverneur de Conakry accus\u00e9 de favoritisme","datePublished":"2014-02-16T23:00:00+00:00","dateModified":"2014-02-16T23:00:00+00:00","mainEntityOfPage":{"@id":"https:\/\/guineediversite.com\/index.php\/2014\/02\/17\/170214recrutement-des-agents-charges-du-recensement-general-de-la-population-le-gouverneur-de-conakry-accuse-de-favoritisme\/"},"wordCount":465,"commentCount":0,"publisher":{"@id":"https:\/\/guineediversite.com\/#organization"},"articleSection":["Archives"],"inLanguage":"fr-FR","potentialAction":[{"@type":"CommentAction","name":"Comment","target":["https:\/\/guineediversite.com\/index.php\/2014\/02\/17\/170214recrutement-des-agents-charges-du-recensement-general-de-la-population-le-gouverneur-de-conakry-accuse-de-favoritisme\/#respond"]}]},{"@type":"WebPage","@id":"https:\/\/guineediversite.com\/index.php\/2014\/02\/17\/170214recrutement-des-agents-charges-du-recensement-general-de-la-population-le-gouverneur-de-conakry-accuse-de-favoritisme\/","url":"https:\/\/guineediversite.com\/index.php\/2014\/02\/17\/170214recrutement-des-agents-charges-du-recensement-general-de-la-population-le-gouverneur-de-conakry-accuse-de-favoritisme\/","name":"17\/02\/14 Recrutement des agents charg\u00e9s du recensement g\u00e9n\u00e9ral de la population : le Gouverneur de Conakry accus\u00e9 de favoritisme | Guin\u00e9e Diversit\u00e9","isPartOf":{"@id":"https:\/\/guineediversite.com\/#website"},"datePublished":"2014-02-16T23:00:00+00:00","dateModified":"2014-02-16T23:00:00+00:00","breadcrumb":{"@id":"https:\/\/guineediversite.com\/index.php\/2014\/02\/17\/170214recrutement-des-agents-charges-du-recensement-general-de-la-population-le-gouverneur-de-conakry-accuse-de-favoritisme\/#breadcrumb"},"inLanguage":"fr-FR","potentialAction":[{"@type":"ReadAction","target":["https:\/\/guineediversite.com\/index.php\/2014\/02\/17\/170214recrutement-des-agents-charges-du-recensement-general-de-la-population-le-gouverneur-de-conakry-accuse-de-favoritisme\/"]}]},{"@type":"BreadcrumbList","@id":"https:\/\/guineediversite.com\/index.php\/2014\/02\/17\/170214recrutement-des-agents-charges-du-recensement-general-de-la-population-le-gouverneur-de-conakry-accuse-de-favoritisme\/#breadcrumb","itemListElement":[{"@type":"ListItem","position":1,"name":"Accueil","item":"https:\/\/guineediversite.com\/"},{"@type":"ListItem","position":2,"name":"17\/02\/14 Recrutement des agents charg\u00e9s du recensement g\u00e9n\u00e9ral de la population : le Gouverneur de Conakry accus\u00e9 de favoritisme"}]},{"@type":"WebSite","@id":"https:\/\/guineediversite.com\/#website","url":"https:\/\/guineediversite.com\/","name":"Guin\u00e9e Diversit\u00e9","description":"L&#039;Info dans toute sa diversit\u00e9","publisher":{"@id":"https:\/\/guineediversite.com\/#organization"},"potentialAction":[{"@type":"SearchAction","target":{"@type":"EntryPoint","urlTemplate":"https:\/\/guineediversite.com\/?s={search_term_string}"},"query-input":{"@type":"PropertyValueSpecification","valueRequired":true,"valueName":"search_term_string"}}],"inLanguage":"fr-FR"},{"@type":"Organization","@id":"https:\/\/guineediversite.com\/#organization","name":"Guin\u00e9e Diversit\u00e9","url":"https:\/\/guineediversite.com\/","logo":{"@type":"ImageObject","inLanguage":"fr-FR","@id":"https:\/\/guineediversite.com\/#\/schema\/logo\/image\/","url":"https:\/\/guineediversite.com\/wp-content\/uploads\/2017\/04\/cropped-1jojlxEOMkX9Wyqfhe43D6kjPOGqBBKmx3EwWJqZ0cMrFF54yM49.png","contentUrl":"https:\/\/guineediversite.com\/wp-content\/uploads\/2017\/04\/cropped-1jojlxEOMkX9Wyqfhe43D6kjPOGqBBKmx3EwWJqZ0cMrFF54yM49.png","width":186,"height":112,"caption":"Guin\u00e9e Diversit\u00e9"},"image":{"@id":"https:\/\/guineediversite.com\/#\/schema\/logo\/image\/"},"sameAs":["https:\/\/www.facebook.com\/guineediversite\/","https:\/\/x.com\/GuineeDiversite","https:\/\/www.youtube.com\/channel\/UC8sUY16qelG5ge6_D5SB83g"]},{"@type":"Person","@id":"https:\/\/guineediversite.com\/#\/schema\/person\/afa08fb34e7fc6e1feafc892612bc836","name":"Guin\u00e9e Diversit\u00e9","image":{"@type":"ImageObject","inLanguage":"fr-FR","@id":"https:\/\/guineediversite.com\/#\/schema\/person\/image\/","url":"https:\/\/secure.gravatar.com\/avatar\/50d5eb5b390f8b65ac30ac6f898eb83a?s=96&d=mm&r=g","contentUrl":"https:\/\/secure.gravatar.com\/avatar\/50d5eb5b390f8b65ac30ac6f898eb83a?s=96&d=mm&r=g","caption":"Guin\u00e9e Diversit\u00e9"},"url":"https:\/\/guineediversite.com\/index.php\/author\/guineediversite\/"}]}},"_links":{"self":[{"href":"https:\/\/guineediversite.com\/index.php\/wp-json\/wp\/v2\/posts\/16363"}],"collection":[{"href":"https:\/\/guineediversite.com\/index.php\/wp-json\/wp\/v2\/posts"}],"about":[{"href":"https:\/\/guineediversite.com\/index.php\/wp-json\/wp\/v2\/types\/post"}],"author":[{"embeddable":true,"href":"https:\/\/guineediversite.com\/index.php\/wp-json\/wp\/v2\/users\/12"}],"replies":[{"embeddable":true,"href":"https:\/\/guineediversite.com\/index.php\/wp-json\/wp\/v2\/comments?post=16363"}],"version-history":[{"count":0,"href":"https:\/\/guineediversite.com\/index.php\/wp-json\/wp\/v2\/posts\/16363\/revisions"}],"wp:attachment":[{"href":"https:\/\/guineediversite.com\/index.php\/wp-json\/wp\/v2\/media?parent=16363"}],"wp:term":[{"taxonomy":"category","embeddable":true,"href":"https:\/\/guineediversite.com\/index.php\/wp-json\/wp\/v2\/categories?post=16363"},{"taxonomy":"post_tag","embeddable":true,"href":"https:\/\/guineediversite.com\/index.php\/wp-json\/wp\/v2\/tags?post=16363"}],"curies":[{"name":"wp","href":"https:\/\/api.w.org\/{rel}","templated":true}]}}