{"id":153,"date":"2017-04-10T22:56:06","date_gmt":"2017-04-10T20:56:06","guid":{"rendered":"https:\/\/guineediversite.com.bwjx4292.odns.fr\/?p=153"},"modified":"2017-04-11T00:11:09","modified_gmt":"2017-04-10T22:11:09","slug":"lancement-de-la-feuille-de-route-de-lunion-africaine-2017-a-conakry","status":"publish","type":"post","link":"https:\/\/guineediversite.com\/index.php\/2017\/04\/10\/lancement-de-la-feuille-de-route-de-lunion-africaine-2017-a-conakry\/","title":{"rendered":"Lancement de la feuille de route de l\u2019union africaine 2017 \u00e0 Conakry"},"content":{"rendered":"<p>La Guin\u00e9e \u00e0 proc\u00e9der ce samedi au lancement de la feuille de route de l\u2019Union Africaine 2017 a Conakry. Une feuille de route sous le th\u00e8me : Tirer pleinement profit du dividende d\u00e9mographique en investissant dans les jeunesses.<\/p>\n<p>C\u2019est dans une salle pleine des jeunes venus des divers pays, notamment la cote d\u2019ivoire, le mali et le Burkina Faso, que la c\u00e9r\u00e9monie s\u2019est d\u00e9roul\u00e9 investir.<\/p>\n<p>Makal\u00e9 Camara ministre des affaires \u00e9trang\u00e8res et des guin\u00e9ens de l\u2019\u00e9tranger indique : \u00ab la feuille de route de l\u2019union africaine constitue l\u2019une des priorit\u00e9s de nos dirigeants au plus haut niveau, enqu\u00eate de l\u2019autonomisation de la jeunesse, de promotion de la femme et pour un d\u00e9veloppement durable pour l\u2019Afrique dans le cadre de sa mise en \u0153uvre effective. Le gouvernement guin\u00e9en s\u2019est engag\u00e9 dans un processus vivant \u00e0 identifier les actions prioritaires. \u00bb<\/p>\n<p>Mohamed Traor\u00e9, repr\u00e9sentant de la jeunesse de Guin\u00e9e, se dit optimiste \u00e0 propos de cette feuille de route de l\u2019union africaine tout en soulignant ceci \u00ab nous sommes rassurer Mr le pr\u00e9sident que la th\u00e9matique de la feuille de route de l\u2019 union africaine \u00e0 savoir tirer pleinement profit du dividende d\u00e9mographique en investissant dans les jeunesse, doit \u00eatre conduite par les actions concr\u00e8tes pour et par les jeunes de Guin\u00e9e et d\u2019Afrique. La mise en \u0153uvre des principales activit\u00e9s de l\u2019union africaine interpelle les jeunes entant que b\u00e9n\u00e9ficiaires mais d\u2019abord acteur des r\u00e9sultats escompt\u00e9s. \u00bb<\/p>\n<p>Alpha Cond\u00e9 pr\u00e9sident en exercice de l\u2019union africaine, a interpel\u00e9 ses paires \u00e0 favoriser l\u2019investissement dans la jeunesse, il affirme : \u00ab aujourd\u2019hui tous nos dirigeants africain sont interpel\u00e9, nous voyons nos jeunes mourir dans le d\u00e9sert de la Lybie ou dans les eaux de la m\u00e9diterran\u00e9es, c\u2019est pourquoi l\u2019union africaine conscient de l\u2019importance de la jeunesse, car la jeunesse 70% de la jeunesse en Afrique \u00e0 moins de 30 ans, cela est une grande chance \u00e0 condition que nous puisions investir dans cette jeunesse au niveau de l\u2019\u00e9ducation, la sant\u00e9, l\u2019\u00e9nergie et l\u2019agro-industrie. \u00bb<\/p>\n<p>Il \u00e0 \u00e9galement \u00e9clairci la lanterne de la population sur le discours qu\u2019il avait tenu en cote d\u2019ivoire, lors du sommet de l\u2019union africaine, il indique \u00ab quand je dis au pays francophone de couper le cordon ombilicale, \u00e7a veut dire quoi ? Lorsque vous avez le cordon ombilical vous \u00eates encore b\u00e9b\u00e9 et d\u00e8s qu\u2019on le coupe tu deviens majeur, vous devez comprendre que nous devrons agir en tant que pays souverain face \u00e0 nos amis sur la base de nos  int\u00e9r\u00eats r\u00e9ciproque, donc il faut que nous d\u00e9fendons nos int\u00e9r\u00eats et que nous d\u00e9veloppons nos pays. \u00bb<\/p>\n<p>Au cours de cette c\u00e9r\u00e9monie, Alpha cond\u00e9, pr\u00e9sident en exercice de l\u2019union africaine, a abord\u00e9 la question du terrorisme, avant de donner quelque pistes de solution \u00ab  je m\u2019adresse aux jeunes du Burkina Faso, du Mali, et du Niger, vos gouvernement sont oblig\u00e9s de distraire une partie du budget pour faire face au terrorisme au lieu que le budget soit consacr\u00e9 au d\u00e9veloppement du pays, ils sont obliger d\u2019achet\u00e9 des armes , ce qui affaiblit leurs capacit\u00e9s d\u2019investissement. Donc il faut qu\u2019on soit solidaire envers vous pour vaincre le terrorisme, mais on ne peut pas vaincre le terrorisme par les armes, par ce que le terrorisme \u00e9volue sur la pauvret\u00e9 et l\u2019injustice c\u2019est pourquoi donc la premi\u00e8re n\u00e9cessit\u00e9 pour vaincre le terrorisme c\u2019est de lutter contre la pauvret\u00e9 et l\u2019injustice \u00bb.<\/p>\n<p>Et selon lui, les ressources du pays doivent \u00eatre \u00e9quitablement repartis, afin d\u2019\u00e9viter le terrorisme a \u2013 t \u2013 il martel\u00e9.<\/p>\n<p>Morcir\u00e9 Camara<\/p>\n","protected":false},"excerpt":{"rendered":"<p>La Guin\u00e9e \u00e0 proc\u00e9der ce samedi au lancement de la feuille de route de l\u2019Union Africaine 2017 a Conakry. Une feuille de route sous le th\u00e8me : Tirer pleinement profit du dividende d\u00e9mographique en investissant dans les jeunesses. C\u2019est dans une salle pleine des jeunes venus des divers pays, notamment la cote d\u2019ivoire, le mali [&hellip;]<\/p>\n","protected":false},"author":12,"featured_media":154,"comment_status":"open","ping_status":"open","sticky":false,"template":"","format":"standard","meta":{"_exactmetrics_skip_tracking":false,"_exactmetrics_sitenote_active":false,"_exactmetrics_sitenote_note":"","_exactmetrics_sitenote_category":0,"tdm_status":"","tdm_grid_status":"","footnotes":""},"categories":[16],"tags":[],"class_list":{"0":"post-153","1":"post","2":"type-post","3":"status-publish","4":"format-standard","5":"has-post-thumbnail","7":"category-societe"},"yoast_head":"<!-- This site is optimized with the Yoast SEO plugin v24.2 - https:\/\/yoast.com\/wordpress\/plugins\/seo\/ -->\n<title>Lancement de la feuille de route de l\u2019union africaine 2017 \u00e0 Conakry | Guin\u00e9e Diversit\u00e9<\/title>\n<meta name=\"robots\" content=\"index, follow, max-snippet:-1, max-image-preview:large, max-video-preview:-1\" \/>\n<link rel=\"canonical\" href=\"https:\/\/guineediversite.com\/index.php\/2017\/04\/10\/lancement-de-la-feuille-de-route-de-lunion-africaine-2017-a-conakry\/\" \/>\n<meta property=\"og:locale\" content=\"fr_FR\" \/>\n<meta property=\"og:type\" content=\"article\" \/>\n<meta property=\"og:title\" content=\"Lancement de la feuille de route de l\u2019union africaine 2017 \u00e0 Conakry | Guin\u00e9e Diversit\u00e9\" \/>\n<meta property=\"og:description\" content=\"La Guin\u00e9e \u00e0 proc\u00e9der ce samedi au lancement de la feuille de route de l\u2019Union Africaine 2017 a Conakry. Une feuille de route sous le th\u00e8me : Tirer pleinement profit du dividende d\u00e9mographique en investissant dans les jeunesses. C\u2019est dans une salle pleine des jeunes venus des divers pays, notamment la cote d\u2019ivoire, le mali [&hellip;]\" \/>\n<meta property=\"og:url\" content=\"https:\/\/guineediversite.com\/index.php\/2017\/04\/10\/lancement-de-la-feuille-de-route-de-lunion-africaine-2017-a-conakry\/\" \/>\n<meta property=\"og:site_name\" content=\"Guin\u00e9e Diversit\u00e9\" \/>\n<meta property=\"article:publisher\" content=\"https:\/\/www.facebook.com\/guineediversite\/\" \/>\n<meta property=\"article:published_time\" content=\"2017-04-10T20:56:06+00:00\" \/>\n<meta property=\"article:modified_time\" content=\"2017-04-10T22:11:09+00:00\" \/>\n<meta property=\"og:image\" content=\"https:\/\/guineediversite.com\/wp-content\/uploads\/2017\/04\/alpha.jpg\" \/>\n\t<meta property=\"og:image:width\" content=\"1024\" \/>\n\t<meta property=\"og:image:height\" content=\"683\" \/>\n\t<meta property=\"og:image:type\" content=\"image\/jpeg\" \/>\n<meta name=\"author\" content=\"Guin\u00e9e Diversit\u00e9\" \/>\n<meta name=\"twitter:card\" content=\"summary_large_image\" \/>\n<meta name=\"twitter:creator\" content=\"@GuineeDiversite\" \/>\n<meta name=\"twitter:site\" content=\"@GuineeDiversite\" \/>\n<meta name=\"twitter:label1\" content=\"\u00c9crit par\" \/>\n\t<meta name=\"twitter:data1\" content=\"Guin\u00e9e Diversit\u00e9\" \/>\n\t<meta name=\"twitter:label2\" content=\"Dur\u00e9e de lecture estim\u00e9e\" \/>\n\t<meta name=\"twitter:data2\" content=\"3 minutes\" \/>\n<script type=\"application\/ld+json\" class=\"yoast-schema-graph\">{\"@context\":\"https:\/\/schema.org\",\"@graph\":[{\"@type\":\"Article\",\"@id\":\"https:\/\/guineediversite.com\/index.php\/2017\/04\/10\/lancement-de-la-feuille-de-route-de-lunion-africaine-2017-a-conakry\/#article\",\"isPartOf\":{\"@id\":\"https:\/\/guineediversite.com\/index.php\/2017\/04\/10\/lancement-de-la-feuille-de-route-de-lunion-africaine-2017-a-conakry\/\"},\"author\":{\"name\":\"Guin\u00e9e Diversit\u00e9\",\"@id\":\"https:\/\/guineediversite.com\/#\/schema\/person\/afa08fb34e7fc6e1feafc892612bc836\"},\"headline\":\"Lancement de la feuille de route de l\u2019union africaine 2017 \u00e0 Conakry\",\"datePublished\":\"2017-04-10T20:56:06+00:00\",\"dateModified\":\"2017-04-10T22:11:09+00:00\",\"mainEntityOfPage\":{\"@id\":\"https:\/\/guineediversite.com\/index.php\/2017\/04\/10\/lancement-de-la-feuille-de-route-de-lunion-africaine-2017-a-conakry\/\"},\"wordCount\":648,\"commentCount\":0,\"publisher\":{\"@id\":\"https:\/\/guineediversite.com\/#organization\"},\"image\":{\"@id\":\"https:\/\/guineediversite.com\/index.php\/2017\/04\/10\/lancement-de-la-feuille-de-route-de-lunion-africaine-2017-a-conakry\/#primaryimage\"},\"thumbnailUrl\":\"https:\/\/guineediversite.com\/wp-content\/uploads\/2017\/04\/alpha.jpg\",\"articleSection\":[\"Soci\u00e9t\u00e9\"],\"inLanguage\":\"fr-FR\",\"potentialAction\":[{\"@type\":\"CommentAction\",\"name\":\"Comment\",\"target\":[\"https:\/\/guineediversite.com\/index.php\/2017\/04\/10\/lancement-de-la-feuille-de-route-de-lunion-africaine-2017-a-conakry\/#respond\"]}]},{\"@type\":\"WebPage\",\"@id\":\"https:\/\/guineediversite.com\/index.php\/2017\/04\/10\/lancement-de-la-feuille-de-route-de-lunion-africaine-2017-a-conakry\/\",\"url\":\"https:\/\/guineediversite.com\/index.php\/2017\/04\/10\/lancement-de-la-feuille-de-route-de-lunion-africaine-2017-a-conakry\/\",\"name\":\"Lancement de la feuille de route de l\u2019union africaine 2017 \u00e0 Conakry | Guin\u00e9e Diversit\u00e9\",\"isPartOf\":{\"@id\":\"https:\/\/guineediversite.com\/#website\"},\"primaryImageOfPage\":{\"@id\":\"https:\/\/guineediversite.com\/index.php\/2017\/04\/10\/lancement-de-la-feuille-de-route-de-lunion-africaine-2017-a-conakry\/#primaryimage\"},\"image\":{\"@id\":\"https:\/\/guineediversite.com\/index.php\/2017\/04\/10\/lancement-de-la-feuille-de-route-de-lunion-africaine-2017-a-conakry\/#primaryimage\"},\"thumbnailUrl\":\"https:\/\/guineediversite.com\/wp-content\/uploads\/2017\/04\/alpha.jpg\",\"datePublished\":\"2017-04-10T20:56:06+00:00\",\"dateModified\":\"2017-04-10T22:11:09+00:00\",\"breadcrumb\":{\"@id\":\"https:\/\/guineediversite.com\/index.php\/2017\/04\/10\/lancement-de-la-feuille-de-route-de-lunion-africaine-2017-a-conakry\/#breadcrumb\"},\"inLanguage\":\"fr-FR\",\"potentialAction\":[{\"@type\":\"ReadAction\",\"target\":[\"https:\/\/guineediversite.com\/index.php\/2017\/04\/10\/lancement-de-la-feuille-de-route-de-lunion-africaine-2017-a-conakry\/\"]}]},{\"@type\":\"ImageObject\",\"inLanguage\":\"fr-FR\",\"@id\":\"https:\/\/guineediversite.com\/index.php\/2017\/04\/10\/lancement-de-la-feuille-de-route-de-lunion-africaine-2017-a-conakry\/#primaryimage\",\"url\":\"https:\/\/guineediversite.com\/wp-content\/uploads\/2017\/04\/alpha.jpg\",\"contentUrl\":\"https:\/\/guineediversite.com\/wp-content\/uploads\/2017\/04\/alpha.jpg\",\"width\":1024,\"height\":683},{\"@type\":\"BreadcrumbList\",\"@id\":\"https:\/\/guineediversite.com\/index.php\/2017\/04\/10\/lancement-de-la-feuille-de-route-de-lunion-africaine-2017-a-conakry\/#breadcrumb\",\"itemListElement\":[{\"@type\":\"ListItem\",\"position\":1,\"name\":\"Accueil\",\"item\":\"https:\/\/guineediversite.com\/\"},{\"@type\":\"ListItem\",\"position\":2,\"name\":\"Lancement de la feuille de route de l\u2019union africaine 2017 \u00e0 Conakry\"}]},{\"@type\":\"WebSite\",\"@id\":\"https:\/\/guineediversite.com\/#website\",\"url\":\"https:\/\/guineediversite.com\/\",\"name\":\"Guin\u00e9e Diversit\u00e9\",\"description\":\"L&#039;Info dans toute sa diversit\u00e9\",\"publisher\":{\"@id\":\"https:\/\/guineediversite.com\/#organization\"},\"potentialAction\":[{\"@type\":\"SearchAction\",\"target\":{\"@type\":\"EntryPoint\",\"urlTemplate\":\"https:\/\/guineediversite.com\/?s={search_term_string}\"},\"query-input\":{\"@type\":\"PropertyValueSpecification\",\"valueRequired\":true,\"valueName\":\"search_term_string\"}}],\"inLanguage\":\"fr-FR\"},{\"@type\":\"Organization\",\"@id\":\"https:\/\/guineediversite.com\/#organization\",\"name\":\"Guin\u00e9e Diversit\u00e9\",\"url\":\"https:\/\/guineediversite.com\/\",\"logo\":{\"@type\":\"ImageObject\",\"inLanguage\":\"fr-FR\",\"@id\":\"https:\/\/guineediversite.com\/#\/schema\/logo\/image\/\",\"url\":\"https:\/\/guineediversite.com\/wp-content\/uploads\/2017\/04\/cropped-1jojlxEOMkX9Wyqfhe43D6kjPOGqBBKmx3EwWJqZ0cMrFF54yM49.png\",\"contentUrl\":\"https:\/\/guineediversite.com\/wp-content\/uploads\/2017\/04\/cropped-1jojlxEOMkX9Wyqfhe43D6kjPOGqBBKmx3EwWJqZ0cMrFF54yM49.png\",\"width\":186,\"height\":112,\"caption\":\"Guin\u00e9e Diversit\u00e9\"},\"image\":{\"@id\":\"https:\/\/guineediversite.com\/#\/schema\/logo\/image\/\"},\"sameAs\":[\"https:\/\/www.facebook.com\/guineediversite\/\",\"https:\/\/x.com\/GuineeDiversite\",\"https:\/\/www.youtube.com\/channel\/UC8sUY16qelG5ge6_D5SB83g\"]},{\"@type\":\"Person\",\"@id\":\"https:\/\/guineediversite.com\/#\/schema\/person\/afa08fb34e7fc6e1feafc892612bc836\",\"name\":\"Guin\u00e9e Diversit\u00e9\",\"image\":{\"@type\":\"ImageObject\",\"inLanguage\":\"fr-FR\",\"@id\":\"https:\/\/guineediversite.com\/#\/schema\/person\/image\/\",\"url\":\"https:\/\/secure.gravatar.com\/avatar\/50d5eb5b390f8b65ac30ac6f898eb83a?s=96&d=mm&r=g\",\"contentUrl\":\"https:\/\/secure.gravatar.com\/avatar\/50d5eb5b390f8b65ac30ac6f898eb83a?s=96&d=mm&r=g\",\"caption\":\"Guin\u00e9e Diversit\u00e9\"},\"url\":\"https:\/\/guineediversite.com\/index.php\/author\/guineediversite\/\"}]}<\/script>\n<!-- \/ Yoast SEO plugin. -->","yoast_head_json":{"title":"Lancement de la feuille de route de l\u2019union africaine 2017 \u00e0 Conakry | Guin\u00e9e Diversit\u00e9","robots":{"index":"index","follow":"follow","max-snippet":"max-snippet:-1","max-image-preview":"max-image-preview:large","max-video-preview":"max-video-preview:-1"},"canonical":"https:\/\/guineediversite.com\/index.php\/2017\/04\/10\/lancement-de-la-feuille-de-route-de-lunion-africaine-2017-a-conakry\/","og_locale":"fr_FR","og_type":"article","og_title":"Lancement de la feuille de route de l\u2019union africaine 2017 \u00e0 Conakry | Guin\u00e9e Diversit\u00e9","og_description":"La Guin\u00e9e \u00e0 proc\u00e9der ce samedi au lancement de la feuille de route de l\u2019Union Africaine 2017 a Conakry. Une feuille de route sous le th\u00e8me : Tirer pleinement profit du dividende d\u00e9mographique en investissant dans les jeunesses. C\u2019est dans une salle pleine des jeunes venus des divers pays, notamment la cote d\u2019ivoire, le mali [&hellip;]","og_url":"https:\/\/guineediversite.com\/index.php\/2017\/04\/10\/lancement-de-la-feuille-de-route-de-lunion-africaine-2017-a-conakry\/","og_site_name":"Guin\u00e9e Diversit\u00e9","article_publisher":"https:\/\/www.facebook.com\/guineediversite\/","article_published_time":"2017-04-10T20:56:06+00:00","article_modified_time":"2017-04-10T22:11:09+00:00","og_image":[{"width":1024,"height":683,"url":"https:\/\/guineediversite.com\/wp-content\/uploads\/2017\/04\/alpha.jpg","type":"image\/jpeg"}],"author":"Guin\u00e9e Diversit\u00e9","twitter_card":"summary_large_image","twitter_creator":"@GuineeDiversite","twitter_site":"@GuineeDiversite","twitter_misc":{"\u00c9crit par":"Guin\u00e9e Diversit\u00e9","Dur\u00e9e de lecture estim\u00e9e":"3 minutes"},"schema":{"@context":"https:\/\/schema.org","@graph":[{"@type":"Article","@id":"https:\/\/guineediversite.com\/index.php\/2017\/04\/10\/lancement-de-la-feuille-de-route-de-lunion-africaine-2017-a-conakry\/#article","isPartOf":{"@id":"https:\/\/guineediversite.com\/index.php\/2017\/04\/10\/lancement-de-la-feuille-de-route-de-lunion-africaine-2017-a-conakry\/"},"author":{"name":"Guin\u00e9e Diversit\u00e9","@id":"https:\/\/guineediversite.com\/#\/schema\/person\/afa08fb34e7fc6e1feafc892612bc836"},"headline":"Lancement de la feuille de route de l\u2019union africaine 2017 \u00e0 Conakry","datePublished":"2017-04-10T20:56:06+00:00","dateModified":"2017-04-10T22:11:09+00:00","mainEntityOfPage":{"@id":"https:\/\/guineediversite.com\/index.php\/2017\/04\/10\/lancement-de-la-feuille-de-route-de-lunion-africaine-2017-a-conakry\/"},"wordCount":648,"commentCount":0,"publisher":{"@id":"https:\/\/guineediversite.com\/#organization"},"image":{"@id":"https:\/\/guineediversite.com\/index.php\/2017\/04\/10\/lancement-de-la-feuille-de-route-de-lunion-africaine-2017-a-conakry\/#primaryimage"},"thumbnailUrl":"https:\/\/guineediversite.com\/wp-content\/uploads\/2017\/04\/alpha.jpg","articleSection":["Soci\u00e9t\u00e9"],"inLanguage":"fr-FR","potentialAction":[{"@type":"CommentAction","name":"Comment","target":["https:\/\/guineediversite.com\/index.php\/2017\/04\/10\/lancement-de-la-feuille-de-route-de-lunion-africaine-2017-a-conakry\/#respond"]}]},{"@type":"WebPage","@id":"https:\/\/guineediversite.com\/index.php\/2017\/04\/10\/lancement-de-la-feuille-de-route-de-lunion-africaine-2017-a-conakry\/","url":"https:\/\/guineediversite.com\/index.php\/2017\/04\/10\/lancement-de-la-feuille-de-route-de-lunion-africaine-2017-a-conakry\/","name":"Lancement de la feuille de route de l\u2019union africaine 2017 \u00e0 Conakry | Guin\u00e9e Diversit\u00e9","isPartOf":{"@id":"https:\/\/guineediversite.com\/#website"},"primaryImageOfPage":{"@id":"https:\/\/guineediversite.com\/index.php\/2017\/04\/10\/lancement-de-la-feuille-de-route-de-lunion-africaine-2017-a-conakry\/#primaryimage"},"image":{"@id":"https:\/\/guineediversite.com\/index.php\/2017\/04\/10\/lancement-de-la-feuille-de-route-de-lunion-africaine-2017-a-conakry\/#primaryimage"},"thumbnailUrl":"https:\/\/guineediversite.com\/wp-content\/uploads\/2017\/04\/alpha.jpg","datePublished":"2017-04-10T20:56:06+00:00","dateModified":"2017-04-10T22:11:09+00:00","breadcrumb":{"@id":"https:\/\/guineediversite.com\/index.php\/2017\/04\/10\/lancement-de-la-feuille-de-route-de-lunion-africaine-2017-a-conakry\/#breadcrumb"},"inLanguage":"fr-FR","potentialAction":[{"@type":"ReadAction","target":["https:\/\/guineediversite.com\/index.php\/2017\/04\/10\/lancement-de-la-feuille-de-route-de-lunion-africaine-2017-a-conakry\/"]}]},{"@type":"ImageObject","inLanguage":"fr-FR","@id":"https:\/\/guineediversite.com\/index.php\/2017\/04\/10\/lancement-de-la-feuille-de-route-de-lunion-africaine-2017-a-conakry\/#primaryimage","url":"https:\/\/guineediversite.com\/wp-content\/uploads\/2017\/04\/alpha.jpg","contentUrl":"https:\/\/guineediversite.com\/wp-content\/uploads\/2017\/04\/alpha.jpg","width":1024,"height":683},{"@type":"BreadcrumbList","@id":"https:\/\/guineediversite.com\/index.php\/2017\/04\/10\/lancement-de-la-feuille-de-route-de-lunion-africaine-2017-a-conakry\/#breadcrumb","itemListElement":[{"@type":"ListItem","position":1,"name":"Accueil","item":"https:\/\/guineediversite.com\/"},{"@type":"ListItem","position":2,"name":"Lancement de la feuille de route de l\u2019union africaine 2017 \u00e0 Conakry"}]},{"@type":"WebSite","@id":"https:\/\/guineediversite.com\/#website","url":"https:\/\/guineediversite.com\/","name":"Guin\u00e9e Diversit\u00e9","description":"L&#039;Info dans toute sa diversit\u00e9","publisher":{"@id":"https:\/\/guineediversite.com\/#organization"},"potentialAction":[{"@type":"SearchAction","target":{"@type":"EntryPoint","urlTemplate":"https:\/\/guineediversite.com\/?s={search_term_string}"},"query-input":{"@type":"PropertyValueSpecification","valueRequired":true,"valueName":"search_term_string"}}],"inLanguage":"fr-FR"},{"@type":"Organization","@id":"https:\/\/guineediversite.com\/#organization","name":"Guin\u00e9e Diversit\u00e9","url":"https:\/\/guineediversite.com\/","logo":{"@type":"ImageObject","inLanguage":"fr-FR","@id":"https:\/\/guineediversite.com\/#\/schema\/logo\/image\/","url":"https:\/\/guineediversite.com\/wp-content\/uploads\/2017\/04\/cropped-1jojlxEOMkX9Wyqfhe43D6kjPOGqBBKmx3EwWJqZ0cMrFF54yM49.png","contentUrl":"https:\/\/guineediversite.com\/wp-content\/uploads\/2017\/04\/cropped-1jojlxEOMkX9Wyqfhe43D6kjPOGqBBKmx3EwWJqZ0cMrFF54yM49.png","width":186,"height":112,"caption":"Guin\u00e9e Diversit\u00e9"},"image":{"@id":"https:\/\/guineediversite.com\/#\/schema\/logo\/image\/"},"sameAs":["https:\/\/www.facebook.com\/guineediversite\/","https:\/\/x.com\/GuineeDiversite","https:\/\/www.youtube.com\/channel\/UC8sUY16qelG5ge6_D5SB83g"]},{"@type":"Person","@id":"https:\/\/guineediversite.com\/#\/schema\/person\/afa08fb34e7fc6e1feafc892612bc836","name":"Guin\u00e9e Diversit\u00e9","image":{"@type":"ImageObject","inLanguage":"fr-FR","@id":"https:\/\/guineediversite.com\/#\/schema\/person\/image\/","url":"https:\/\/secure.gravatar.com\/avatar\/50d5eb5b390f8b65ac30ac6f898eb83a?s=96&d=mm&r=g","contentUrl":"https:\/\/secure.gravatar.com\/avatar\/50d5eb5b390f8b65ac30ac6f898eb83a?s=96&d=mm&r=g","caption":"Guin\u00e9e Diversit\u00e9"},"url":"https:\/\/guineediversite.com\/index.php\/author\/guineediversite\/"}]}},"_links":{"self":[{"href":"https:\/\/guineediversite.com\/index.php\/wp-json\/wp\/v2\/posts\/153"}],"collection":[{"href":"https:\/\/guineediversite.com\/index.php\/wp-json\/wp\/v2\/posts"}],"about":[{"href":"https:\/\/guineediversite.com\/index.php\/wp-json\/wp\/v2\/types\/post"}],"author":[{"embeddable":true,"href":"https:\/\/guineediversite.com\/index.php\/wp-json\/wp\/v2\/users\/12"}],"replies":[{"embeddable":true,"href":"https:\/\/guineediversite.com\/index.php\/wp-json\/wp\/v2\/comments?post=153"}],"version-history":[{"count":0,"href":"https:\/\/guineediversite.com\/index.php\/wp-json\/wp\/v2\/posts\/153\/revisions"}],"wp:featuredmedia":[{"embeddable":true,"href":"https:\/\/guineediversite.com\/index.php\/wp-json\/wp\/v2\/media\/154"}],"wp:attachment":[{"href":"https:\/\/guineediversite.com\/index.php\/wp-json\/wp\/v2\/media?parent=153"}],"wp:term":[{"taxonomy":"category","embeddable":true,"href":"https:\/\/guineediversite.com\/index.php\/wp-json\/wp\/v2\/categories?post=153"},{"taxonomy":"post_tag","embeddable":true,"href":"https:\/\/guineediversite.com\/index.php\/wp-json\/wp\/v2\/tags?post=153"}],"curies":[{"name":"wp","href":"https:\/\/api.w.org\/{rel}","templated":true}]}}