{"id":126,"date":"2015-09-27T22:06:13","date_gmt":"2015-09-27T20:06:13","guid":{"rendered":"https:\/\/guineediversite.com.bwjx4292.odns.fr\/?p=126"},"modified":"2017-04-10T22:07:33","modified_gmt":"2017-04-10T20:07:33","slug":"tous-ensemble-vers-la-victoire-alpha-conde-ovationne-et-fete-pour-tous-les-efforts-consentis-dans-le-cadre-de-la-lutte-contre-ebola","status":"publish","type":"post","link":"https:\/\/guineediversite.com\/index.php\/2015\/09\/27\/tous-ensemble-vers-la-victoire-alpha-conde-ovationne-et-fete-pour-tous-les-efforts-consentis-dans-le-cadre-de-la-lutte-contre-ebola\/","title":{"rendered":"Tous Ensemble vers la victoire: Alpha Cond\u00e9 ovationn\u00e9 et f\u00eat\u00e9 pour tous les efforts consentis dans le cadre de la lutte contre Ebola"},"content":{"rendered":"<p>Conakry le 27 Septembre 2015 &#8211; Alpha Cond\u00e9, le B\u00e2tisseur, \u00e9tait aux c\u00f4t\u00e9s de la Jeunesse guin\u00e9enne hier lors du m\u00e9ga concert organis\u00e9 ce samedi sur l&rsquo;esplanade du Palais du Peuple \u00e0 Conakry.<\/p>\n<p>&nbsp;<\/p>\n<p>L&rsquo;Homme du Changement, venu apporter son soutien et ses f\u00e9licitations \u00e0 la jeunesse guin\u00e9enne pour les sacrifices consentis tout au long de ce combat qui perdure, a \u00e9t\u00e9 ovationn\u00e9 et f\u00eat\u00e9 pour son leadership et son engagement sans failles.<\/p>\n<p><strong>La Direction de Communication du RPG ARC EN CIEL<\/strong><\/p>\n","protected":false},"excerpt":{"rendered":"<p>Conakry le 27 Septembre 2015 &#8211; Alpha Cond\u00e9, le B\u00e2tisseur, \u00e9tait aux c\u00f4t\u00e9s de la Jeunesse guin\u00e9enne hier lors du m\u00e9ga concert organis\u00e9 ce samedi sur l&rsquo;esplanade du Palais du Peuple \u00e0 Conakry. &nbsp; L&rsquo;Homme du Changement, venu apporter son soutien et ses f\u00e9licitations \u00e0 la jeunesse guin\u00e9enne pour les sacrifices consentis tout au long [&hellip;]<\/p>\n","protected":false},"author":12,"featured_media":127,"comment_status":"open","ping_status":"open","sticky":false,"template":"","format":"standard","meta":{"_exactmetrics_skip_tracking":false,"_exactmetrics_sitenote_active":false,"_exactmetrics_sitenote_note":"","_exactmetrics_sitenote_category":0,"tdm_status":"","tdm_grid_status":"","footnotes":""},"categories":[1],"tags":[],"class_list":{"0":"post-126","1":"post","2":"type-post","3":"status-publish","4":"format-standard","5":"has-post-thumbnail","7":"category-non-classe"},"yoast_head":"<!-- This site is optimized with the Yoast SEO plugin v24.2 - https:\/\/yoast.com\/wordpress\/plugins\/seo\/ -->\n<title>Tous Ensemble vers la victoire: Alpha Cond\u00e9 ovationn\u00e9 et f\u00eat\u00e9 pour tous les efforts consentis dans le cadre de la lutte contre Ebola | Guin\u00e9e Diversit\u00e9<\/title>\n<meta name=\"robots\" content=\"index, follow, max-snippet:-1, max-image-preview:large, max-video-preview:-1\" \/>\n<link rel=\"canonical\" href=\"https:\/\/guineediversite.com\/index.php\/2015\/09\/27\/tous-ensemble-vers-la-victoire-alpha-conde-ovationne-et-fete-pour-tous-les-efforts-consentis-dans-le-cadre-de-la-lutte-contre-ebola\/\" \/>\n<meta property=\"og:locale\" content=\"fr_FR\" \/>\n<meta property=\"og:type\" content=\"article\" \/>\n<meta property=\"og:title\" content=\"Tous Ensemble vers la victoire: Alpha Cond\u00e9 ovationn\u00e9 et f\u00eat\u00e9 pour tous les efforts consentis dans le cadre de la lutte contre Ebola | Guin\u00e9e Diversit\u00e9\" \/>\n<meta property=\"og:description\" content=\"Conakry le 27 Septembre 2015 &#8211; Alpha Cond\u00e9, le B\u00e2tisseur, \u00e9tait aux c\u00f4t\u00e9s de la Jeunesse guin\u00e9enne hier lors du m\u00e9ga concert organis\u00e9 ce samedi sur l&rsquo;esplanade du Palais du Peuple \u00e0 Conakry. &nbsp; L&rsquo;Homme du Changement, venu apporter son soutien et ses f\u00e9licitations \u00e0 la jeunesse guin\u00e9enne pour les sacrifices consentis tout au long [&hellip;]\" \/>\n<meta property=\"og:url\" content=\"https:\/\/guineediversite.com\/index.php\/2015\/09\/27\/tous-ensemble-vers-la-victoire-alpha-conde-ovationne-et-fete-pour-tous-les-efforts-consentis-dans-le-cadre-de-la-lutte-contre-ebola\/\" \/>\n<meta property=\"og:site_name\" content=\"Guin\u00e9e Diversit\u00e9\" \/>\n<meta property=\"article:publisher\" content=\"https:\/\/www.facebook.com\/guineediversite\/\" \/>\n<meta property=\"article:published_time\" content=\"2015-09-27T20:06:13+00:00\" \/>\n<meta property=\"article:modified_time\" content=\"2017-04-10T20:07:33+00:00\" \/>\n<meta property=\"og:image\" content=\"https:\/\/guineediversite.com\/wp-content\/uploads\/2017\/04\/concert-ebola-prg-3.jpg\" \/>\n\t<meta property=\"og:image:width\" content=\"1280\" \/>\n\t<meta property=\"og:image:height\" content=\"720\" \/>\n\t<meta property=\"og:image:type\" content=\"image\/jpeg\" \/>\n<meta name=\"author\" content=\"Guin\u00e9e Diversit\u00e9\" \/>\n<meta name=\"twitter:card\" content=\"summary_large_image\" \/>\n<meta name=\"twitter:creator\" content=\"@GuineeDiversite\" \/>\n<meta name=\"twitter:site\" content=\"@GuineeDiversite\" \/>\n<meta name=\"twitter:label1\" content=\"\u00c9crit par\" \/>\n\t<meta name=\"twitter:data1\" content=\"Guin\u00e9e Diversit\u00e9\" \/>\n<script type=\"application\/ld+json\" class=\"yoast-schema-graph\">{\"@context\":\"https:\/\/schema.org\",\"@graph\":[{\"@type\":\"Article\",\"@id\":\"https:\/\/guineediversite.com\/index.php\/2015\/09\/27\/tous-ensemble-vers-la-victoire-alpha-conde-ovationne-et-fete-pour-tous-les-efforts-consentis-dans-le-cadre-de-la-lutte-contre-ebola\/#article\",\"isPartOf\":{\"@id\":\"https:\/\/guineediversite.com\/index.php\/2015\/09\/27\/tous-ensemble-vers-la-victoire-alpha-conde-ovationne-et-fete-pour-tous-les-efforts-consentis-dans-le-cadre-de-la-lutte-contre-ebola\/\"},\"author\":{\"name\":\"Guin\u00e9e Diversit\u00e9\",\"@id\":\"https:\/\/guineediversite.com\/#\/schema\/person\/afa08fb34e7fc6e1feafc892612bc836\"},\"headline\":\"Tous Ensemble vers la victoire: Alpha Cond\u00e9 ovationn\u00e9 et f\u00eat\u00e9 pour tous les efforts consentis dans le cadre de la lutte contre Ebola\",\"datePublished\":\"2015-09-27T20:06:13+00:00\",\"dateModified\":\"2017-04-10T20:07:33+00:00\",\"mainEntityOfPage\":{\"@id\":\"https:\/\/guineediversite.com\/index.php\/2015\/09\/27\/tous-ensemble-vers-la-victoire-alpha-conde-ovationne-et-fete-pour-tous-les-efforts-consentis-dans-le-cadre-de-la-lutte-contre-ebola\/\"},\"wordCount\":112,\"commentCount\":0,\"publisher\":{\"@id\":\"https:\/\/guineediversite.com\/#organization\"},\"image\":{\"@id\":\"https:\/\/guineediversite.com\/index.php\/2015\/09\/27\/tous-ensemble-vers-la-victoire-alpha-conde-ovationne-et-fete-pour-tous-les-efforts-consentis-dans-le-cadre-de-la-lutte-contre-ebola\/#primaryimage\"},\"thumbnailUrl\":\"https:\/\/guineediversite.com\/wp-content\/uploads\/2017\/04\/concert-ebola-prg-3.jpg\",\"inLanguage\":\"fr-FR\",\"potentialAction\":[{\"@type\":\"CommentAction\",\"name\":\"Comment\",\"target\":[\"https:\/\/guineediversite.com\/index.php\/2015\/09\/27\/tous-ensemble-vers-la-victoire-alpha-conde-ovationne-et-fete-pour-tous-les-efforts-consentis-dans-le-cadre-de-la-lutte-contre-ebola\/#respond\"]}]},{\"@type\":\"WebPage\",\"@id\":\"https:\/\/guineediversite.com\/index.php\/2015\/09\/27\/tous-ensemble-vers-la-victoire-alpha-conde-ovationne-et-fete-pour-tous-les-efforts-consentis-dans-le-cadre-de-la-lutte-contre-ebola\/\",\"url\":\"https:\/\/guineediversite.com\/index.php\/2015\/09\/27\/tous-ensemble-vers-la-victoire-alpha-conde-ovationne-et-fete-pour-tous-les-efforts-consentis-dans-le-cadre-de-la-lutte-contre-ebola\/\",\"name\":\"Tous Ensemble vers la victoire: Alpha Cond\u00e9 ovationn\u00e9 et f\u00eat\u00e9 pour tous les efforts consentis dans le cadre de la lutte contre Ebola | Guin\u00e9e Diversit\u00e9\",\"isPartOf\":{\"@id\":\"https:\/\/guineediversite.com\/#website\"},\"primaryImageOfPage\":{\"@id\":\"https:\/\/guineediversite.com\/index.php\/2015\/09\/27\/tous-ensemble-vers-la-victoire-alpha-conde-ovationne-et-fete-pour-tous-les-efforts-consentis-dans-le-cadre-de-la-lutte-contre-ebola\/#primaryimage\"},\"image\":{\"@id\":\"https:\/\/guineediversite.com\/index.php\/2015\/09\/27\/tous-ensemble-vers-la-victoire-alpha-conde-ovationne-et-fete-pour-tous-les-efforts-consentis-dans-le-cadre-de-la-lutte-contre-ebola\/#primaryimage\"},\"thumbnailUrl\":\"https:\/\/guineediversite.com\/wp-content\/uploads\/2017\/04\/concert-ebola-prg-3.jpg\",\"datePublished\":\"2015-09-27T20:06:13+00:00\",\"dateModified\":\"2017-04-10T20:07:33+00:00\",\"breadcrumb\":{\"@id\":\"https:\/\/guineediversite.com\/index.php\/2015\/09\/27\/tous-ensemble-vers-la-victoire-alpha-conde-ovationne-et-fete-pour-tous-les-efforts-consentis-dans-le-cadre-de-la-lutte-contre-ebola\/#breadcrumb\"},\"inLanguage\":\"fr-FR\",\"potentialAction\":[{\"@type\":\"ReadAction\",\"target\":[\"https:\/\/guineediversite.com\/index.php\/2015\/09\/27\/tous-ensemble-vers-la-victoire-alpha-conde-ovationne-et-fete-pour-tous-les-efforts-consentis-dans-le-cadre-de-la-lutte-contre-ebola\/\"]}]},{\"@type\":\"ImageObject\",\"inLanguage\":\"fr-FR\",\"@id\":\"https:\/\/guineediversite.com\/index.php\/2015\/09\/27\/tous-ensemble-vers-la-victoire-alpha-conde-ovationne-et-fete-pour-tous-les-efforts-consentis-dans-le-cadre-de-la-lutte-contre-ebola\/#primaryimage\",\"url\":\"https:\/\/guineediversite.com\/wp-content\/uploads\/2017\/04\/concert-ebola-prg-3.jpg\",\"contentUrl\":\"https:\/\/guineediversite.com\/wp-content\/uploads\/2017\/04\/concert-ebola-prg-3.jpg\",\"width\":1280,\"height\":720},{\"@type\":\"BreadcrumbList\",\"@id\":\"https:\/\/guineediversite.com\/index.php\/2015\/09\/27\/tous-ensemble-vers-la-victoire-alpha-conde-ovationne-et-fete-pour-tous-les-efforts-consentis-dans-le-cadre-de-la-lutte-contre-ebola\/#breadcrumb\",\"itemListElement\":[{\"@type\":\"ListItem\",\"position\":1,\"name\":\"Accueil\",\"item\":\"https:\/\/guineediversite.com\/\"},{\"@type\":\"ListItem\",\"position\":2,\"name\":\"Tous Ensemble vers la victoire: Alpha Cond\u00e9 ovationn\u00e9 et f\u00eat\u00e9 pour tous les efforts consentis dans le cadre de la lutte contre Ebola\"}]},{\"@type\":\"WebSite\",\"@id\":\"https:\/\/guineediversite.com\/#website\",\"url\":\"https:\/\/guineediversite.com\/\",\"name\":\"Guin\u00e9e Diversit\u00e9\",\"description\":\"L&#039;Info dans toute sa diversit\u00e9\",\"publisher\":{\"@id\":\"https:\/\/guineediversite.com\/#organization\"},\"potentialAction\":[{\"@type\":\"SearchAction\",\"target\":{\"@type\":\"EntryPoint\",\"urlTemplate\":\"https:\/\/guineediversite.com\/?s={search_term_string}\"},\"query-input\":{\"@type\":\"PropertyValueSpecification\",\"valueRequired\":true,\"valueName\":\"search_term_string\"}}],\"inLanguage\":\"fr-FR\"},{\"@type\":\"Organization\",\"@id\":\"https:\/\/guineediversite.com\/#organization\",\"name\":\"Guin\u00e9e Diversit\u00e9\",\"url\":\"https:\/\/guineediversite.com\/\",\"logo\":{\"@type\":\"ImageObject\",\"inLanguage\":\"fr-FR\",\"@id\":\"https:\/\/guineediversite.com\/#\/schema\/logo\/image\/\",\"url\":\"https:\/\/guineediversite.com\/wp-content\/uploads\/2017\/04\/cropped-1jojlxEOMkX9Wyqfhe43D6kjPOGqBBKmx3EwWJqZ0cMrFF54yM49.png\",\"contentUrl\":\"https:\/\/guineediversite.com\/wp-content\/uploads\/2017\/04\/cropped-1jojlxEOMkX9Wyqfhe43D6kjPOGqBBKmx3EwWJqZ0cMrFF54yM49.png\",\"width\":186,\"height\":112,\"caption\":\"Guin\u00e9e Diversit\u00e9\"},\"image\":{\"@id\":\"https:\/\/guineediversite.com\/#\/schema\/logo\/image\/\"},\"sameAs\":[\"https:\/\/www.facebook.com\/guineediversite\/\",\"https:\/\/x.com\/GuineeDiversite\",\"https:\/\/www.youtube.com\/channel\/UC8sUY16qelG5ge6_D5SB83g\"]},{\"@type\":\"Person\",\"@id\":\"https:\/\/guineediversite.com\/#\/schema\/person\/afa08fb34e7fc6e1feafc892612bc836\",\"name\":\"Guin\u00e9e Diversit\u00e9\",\"image\":{\"@type\":\"ImageObject\",\"inLanguage\":\"fr-FR\",\"@id\":\"https:\/\/guineediversite.com\/#\/schema\/person\/image\/\",\"url\":\"https:\/\/secure.gravatar.com\/avatar\/50d5eb5b390f8b65ac30ac6f898eb83a?s=96&d=mm&r=g\",\"contentUrl\":\"https:\/\/secure.gravatar.com\/avatar\/50d5eb5b390f8b65ac30ac6f898eb83a?s=96&d=mm&r=g\",\"caption\":\"Guin\u00e9e Diversit\u00e9\"},\"url\":\"https:\/\/guineediversite.com\/index.php\/author\/guineediversite\/\"}]}<\/script>\n<!-- \/ Yoast SEO plugin. -->","yoast_head_json":{"title":"Tous Ensemble vers la victoire: Alpha Cond\u00e9 ovationn\u00e9 et f\u00eat\u00e9 pour tous les efforts consentis dans le cadre de la lutte contre Ebola | Guin\u00e9e Diversit\u00e9","robots":{"index":"index","follow":"follow","max-snippet":"max-snippet:-1","max-image-preview":"max-image-preview:large","max-video-preview":"max-video-preview:-1"},"canonical":"https:\/\/guineediversite.com\/index.php\/2015\/09\/27\/tous-ensemble-vers-la-victoire-alpha-conde-ovationne-et-fete-pour-tous-les-efforts-consentis-dans-le-cadre-de-la-lutte-contre-ebola\/","og_locale":"fr_FR","og_type":"article","og_title":"Tous Ensemble vers la victoire: Alpha Cond\u00e9 ovationn\u00e9 et f\u00eat\u00e9 pour tous les efforts consentis dans le cadre de la lutte contre Ebola | Guin\u00e9e Diversit\u00e9","og_description":"Conakry le 27 Septembre 2015 &#8211; Alpha Cond\u00e9, le B\u00e2tisseur, \u00e9tait aux c\u00f4t\u00e9s de la Jeunesse guin\u00e9enne hier lors du m\u00e9ga concert organis\u00e9 ce samedi sur l&rsquo;esplanade du Palais du Peuple \u00e0 Conakry. &nbsp; L&rsquo;Homme du Changement, venu apporter son soutien et ses f\u00e9licitations \u00e0 la jeunesse guin\u00e9enne pour les sacrifices consentis tout au long [&hellip;]","og_url":"https:\/\/guineediversite.com\/index.php\/2015\/09\/27\/tous-ensemble-vers-la-victoire-alpha-conde-ovationne-et-fete-pour-tous-les-efforts-consentis-dans-le-cadre-de-la-lutte-contre-ebola\/","og_site_name":"Guin\u00e9e Diversit\u00e9","article_publisher":"https:\/\/www.facebook.com\/guineediversite\/","article_published_time":"2015-09-27T20:06:13+00:00","article_modified_time":"2017-04-10T20:07:33+00:00","og_image":[{"width":1280,"height":720,"url":"https:\/\/guineediversite.com\/wp-content\/uploads\/2017\/04\/concert-ebola-prg-3.jpg","type":"image\/jpeg"}],"author":"Guin\u00e9e Diversit\u00e9","twitter_card":"summary_large_image","twitter_creator":"@GuineeDiversite","twitter_site":"@GuineeDiversite","twitter_misc":{"\u00c9crit par":"Guin\u00e9e Diversit\u00e9"},"schema":{"@context":"https:\/\/schema.org","@graph":[{"@type":"Article","@id":"https:\/\/guineediversite.com\/index.php\/2015\/09\/27\/tous-ensemble-vers-la-victoire-alpha-conde-ovationne-et-fete-pour-tous-les-efforts-consentis-dans-le-cadre-de-la-lutte-contre-ebola\/#article","isPartOf":{"@id":"https:\/\/guineediversite.com\/index.php\/2015\/09\/27\/tous-ensemble-vers-la-victoire-alpha-conde-ovationne-et-fete-pour-tous-les-efforts-consentis-dans-le-cadre-de-la-lutte-contre-ebola\/"},"author":{"name":"Guin\u00e9e Diversit\u00e9","@id":"https:\/\/guineediversite.com\/#\/schema\/person\/afa08fb34e7fc6e1feafc892612bc836"},"headline":"Tous Ensemble vers la victoire: Alpha Cond\u00e9 ovationn\u00e9 et f\u00eat\u00e9 pour tous les efforts consentis dans le cadre de la lutte contre Ebola","datePublished":"2015-09-27T20:06:13+00:00","dateModified":"2017-04-10T20:07:33+00:00","mainEntityOfPage":{"@id":"https:\/\/guineediversite.com\/index.php\/2015\/09\/27\/tous-ensemble-vers-la-victoire-alpha-conde-ovationne-et-fete-pour-tous-les-efforts-consentis-dans-le-cadre-de-la-lutte-contre-ebola\/"},"wordCount":112,"commentCount":0,"publisher":{"@id":"https:\/\/guineediversite.com\/#organization"},"image":{"@id":"https:\/\/guineediversite.com\/index.php\/2015\/09\/27\/tous-ensemble-vers-la-victoire-alpha-conde-ovationne-et-fete-pour-tous-les-efforts-consentis-dans-le-cadre-de-la-lutte-contre-ebola\/#primaryimage"},"thumbnailUrl":"https:\/\/guineediversite.com\/wp-content\/uploads\/2017\/04\/concert-ebola-prg-3.jpg","inLanguage":"fr-FR","potentialAction":[{"@type":"CommentAction","name":"Comment","target":["https:\/\/guineediversite.com\/index.php\/2015\/09\/27\/tous-ensemble-vers-la-victoire-alpha-conde-ovationne-et-fete-pour-tous-les-efforts-consentis-dans-le-cadre-de-la-lutte-contre-ebola\/#respond"]}]},{"@type":"WebPage","@id":"https:\/\/guineediversite.com\/index.php\/2015\/09\/27\/tous-ensemble-vers-la-victoire-alpha-conde-ovationne-et-fete-pour-tous-les-efforts-consentis-dans-le-cadre-de-la-lutte-contre-ebola\/","url":"https:\/\/guineediversite.com\/index.php\/2015\/09\/27\/tous-ensemble-vers-la-victoire-alpha-conde-ovationne-et-fete-pour-tous-les-efforts-consentis-dans-le-cadre-de-la-lutte-contre-ebola\/","name":"Tous Ensemble vers la victoire: Alpha Cond\u00e9 ovationn\u00e9 et f\u00eat\u00e9 pour tous les efforts consentis dans le cadre de la lutte contre Ebola | Guin\u00e9e Diversit\u00e9","isPartOf":{"@id":"https:\/\/guineediversite.com\/#website"},"primaryImageOfPage":{"@id":"https:\/\/guineediversite.com\/index.php\/2015\/09\/27\/tous-ensemble-vers-la-victoire-alpha-conde-ovationne-et-fete-pour-tous-les-efforts-consentis-dans-le-cadre-de-la-lutte-contre-ebola\/#primaryimage"},"image":{"@id":"https:\/\/guineediversite.com\/index.php\/2015\/09\/27\/tous-ensemble-vers-la-victoire-alpha-conde-ovationne-et-fete-pour-tous-les-efforts-consentis-dans-le-cadre-de-la-lutte-contre-ebola\/#primaryimage"},"thumbnailUrl":"https:\/\/guineediversite.com\/wp-content\/uploads\/2017\/04\/concert-ebola-prg-3.jpg","datePublished":"2015-09-27T20:06:13+00:00","dateModified":"2017-04-10T20:07:33+00:00","breadcrumb":{"@id":"https:\/\/guineediversite.com\/index.php\/2015\/09\/27\/tous-ensemble-vers-la-victoire-alpha-conde-ovationne-et-fete-pour-tous-les-efforts-consentis-dans-le-cadre-de-la-lutte-contre-ebola\/#breadcrumb"},"inLanguage":"fr-FR","potentialAction":[{"@type":"ReadAction","target":["https:\/\/guineediversite.com\/index.php\/2015\/09\/27\/tous-ensemble-vers-la-victoire-alpha-conde-ovationne-et-fete-pour-tous-les-efforts-consentis-dans-le-cadre-de-la-lutte-contre-ebola\/"]}]},{"@type":"ImageObject","inLanguage":"fr-FR","@id":"https:\/\/guineediversite.com\/index.php\/2015\/09\/27\/tous-ensemble-vers-la-victoire-alpha-conde-ovationne-et-fete-pour-tous-les-efforts-consentis-dans-le-cadre-de-la-lutte-contre-ebola\/#primaryimage","url":"https:\/\/guineediversite.com\/wp-content\/uploads\/2017\/04\/concert-ebola-prg-3.jpg","contentUrl":"https:\/\/guineediversite.com\/wp-content\/uploads\/2017\/04\/concert-ebola-prg-3.jpg","width":1280,"height":720},{"@type":"BreadcrumbList","@id":"https:\/\/guineediversite.com\/index.php\/2015\/09\/27\/tous-ensemble-vers-la-victoire-alpha-conde-ovationne-et-fete-pour-tous-les-efforts-consentis-dans-le-cadre-de-la-lutte-contre-ebola\/#breadcrumb","itemListElement":[{"@type":"ListItem","position":1,"name":"Accueil","item":"https:\/\/guineediversite.com\/"},{"@type":"ListItem","position":2,"name":"Tous Ensemble vers la victoire: Alpha Cond\u00e9 ovationn\u00e9 et f\u00eat\u00e9 pour tous les efforts consentis dans le cadre de la lutte contre Ebola"}]},{"@type":"WebSite","@id":"https:\/\/guineediversite.com\/#website","url":"https:\/\/guineediversite.com\/","name":"Guin\u00e9e Diversit\u00e9","description":"L&#039;Info dans toute sa diversit\u00e9","publisher":{"@id":"https:\/\/guineediversite.com\/#organization"},"potentialAction":[{"@type":"SearchAction","target":{"@type":"EntryPoint","urlTemplate":"https:\/\/guineediversite.com\/?s={search_term_string}"},"query-input":{"@type":"PropertyValueSpecification","valueRequired":true,"valueName":"search_term_string"}}],"inLanguage":"fr-FR"},{"@type":"Organization","@id":"https:\/\/guineediversite.com\/#organization","name":"Guin\u00e9e Diversit\u00e9","url":"https:\/\/guineediversite.com\/","logo":{"@type":"ImageObject","inLanguage":"fr-FR","@id":"https:\/\/guineediversite.com\/#\/schema\/logo\/image\/","url":"https:\/\/guineediversite.com\/wp-content\/uploads\/2017\/04\/cropped-1jojlxEOMkX9Wyqfhe43D6kjPOGqBBKmx3EwWJqZ0cMrFF54yM49.png","contentUrl":"https:\/\/guineediversite.com\/wp-content\/uploads\/2017\/04\/cropped-1jojlxEOMkX9Wyqfhe43D6kjPOGqBBKmx3EwWJqZ0cMrFF54yM49.png","width":186,"height":112,"caption":"Guin\u00e9e Diversit\u00e9"},"image":{"@id":"https:\/\/guineediversite.com\/#\/schema\/logo\/image\/"},"sameAs":["https:\/\/www.facebook.com\/guineediversite\/","https:\/\/x.com\/GuineeDiversite","https:\/\/www.youtube.com\/channel\/UC8sUY16qelG5ge6_D5SB83g"]},{"@type":"Person","@id":"https:\/\/guineediversite.com\/#\/schema\/person\/afa08fb34e7fc6e1feafc892612bc836","name":"Guin\u00e9e Diversit\u00e9","image":{"@type":"ImageObject","inLanguage":"fr-FR","@id":"https:\/\/guineediversite.com\/#\/schema\/person\/image\/","url":"https:\/\/secure.gravatar.com\/avatar\/50d5eb5b390f8b65ac30ac6f898eb83a?s=96&d=mm&r=g","contentUrl":"https:\/\/secure.gravatar.com\/avatar\/50d5eb5b390f8b65ac30ac6f898eb83a?s=96&d=mm&r=g","caption":"Guin\u00e9e Diversit\u00e9"},"url":"https:\/\/guineediversite.com\/index.php\/author\/guineediversite\/"}]}},"_links":{"self":[{"href":"https:\/\/guineediversite.com\/index.php\/wp-json\/wp\/v2\/posts\/126"}],"collection":[{"href":"https:\/\/guineediversite.com\/index.php\/wp-json\/wp\/v2\/posts"}],"about":[{"href":"https:\/\/guineediversite.com\/index.php\/wp-json\/wp\/v2\/types\/post"}],"author":[{"embeddable":true,"href":"https:\/\/guineediversite.com\/index.php\/wp-json\/wp\/v2\/users\/12"}],"replies":[{"embeddable":true,"href":"https:\/\/guineediversite.com\/index.php\/wp-json\/wp\/v2\/comments?post=126"}],"version-history":[{"count":0,"href":"https:\/\/guineediversite.com\/index.php\/wp-json\/wp\/v2\/posts\/126\/revisions"}],"wp:featuredmedia":[{"embeddable":true,"href":"https:\/\/guineediversite.com\/index.php\/wp-json\/wp\/v2\/media\/127"}],"wp:attachment":[{"href":"https:\/\/guineediversite.com\/index.php\/wp-json\/wp\/v2\/media?parent=126"}],"wp:term":[{"taxonomy":"category","embeddable":true,"href":"https:\/\/guineediversite.com\/index.php\/wp-json\/wp\/v2\/categories?post=126"},{"taxonomy":"post_tag","embeddable":true,"href":"https:\/\/guineediversite.com\/index.php\/wp-json\/wp\/v2\/tags?post=126"}],"curies":[{"name":"wp","href":"https:\/\/api.w.org\/{rel}","templated":true}]}}