{"id":122,"date":"2015-09-28T22:02:06","date_gmt":"2015-09-28T20:02:06","guid":{"rendered":"https:\/\/guineediversite.com.bwjx4292.odns.fr\/?p=122"},"modified":"2017-04-10T22:03:44","modified_gmt":"2017-04-10T20:03:44","slug":"journal-de-campagne-du-28-septembre-2015-avec-alpha-conde-lagriculture-est-au-centre-du-developpement-de-la-guinee","status":"publish","type":"post","link":"https:\/\/guineediversite.com\/index.php\/2015\/09\/28\/journal-de-campagne-du-28-septembre-2015-avec-alpha-conde-lagriculture-est-au-centre-du-developpement-de-la-guinee\/","title":{"rendered":"Journal de Campagne du 28 Septembre 2015 &#8211; Avec Alpha Cond\u00e9, l&rsquo;Agriculture est au centre du d\u00e9veloppement de la Guin\u00e9e."},"content":{"rendered":"<p>Conakry 28 Septembre 2015 &#8211; En ce jour symbolique pour notre Nation, le JDC fait un focus sur les avanc\u00e9es majeures du secteur de l&rsquo;agriculture (stabilit\u00e9 des prix denr\u00e9es de premi\u00e8res n\u00e9cessit\u00e9s,accroissement de la production agricole etc). En effet, gr\u00e2ce aux efforts d&rsquo;Alpha Cond\u00e9 et aux r\u00e9formes engag\u00e9es \u00e0 ce niveau, nous pouvons r\u00e9solument penser atteindre l&rsquo;autosuffisance alimentaire dans les ann\u00e9es \u00e0 venir.<\/p>\n<p>&nbsp;<\/p>\n<p>Au pr\u00e9alable, vous aurez droit en premi\u00e8re partie \u00e0 des extraits du meeting tenu \u00e0 Kissidougou la semaine derni\u00e8re. Sans avoir recours \u00e0 des subterfuges comme d&rsquo;autres, la Coordination Foresti\u00e8re du RPG ARC EN CIEL, emmen\u00e9e par Mohamed Diar\u00e9, a une nouvelle fois prouv\u00e9 que la F\u00f4ret est et restera ARC EN CIEL!<\/p>\n<p>&nbsp;<\/p>\n<p>Vid\u00e9o int\u00e9grale \u00e0 d\u00e9couvrir\u00a0<a href=\"https:\/\/goo.gl\/vUp3Am\" target=\"_blank\">ici<\/a>\u00a0et ce soir sur la Radio T\u00e9l\u00e9vision Guin\u00e9enn<\/p>\n","protected":false},"excerpt":{"rendered":"<p>Conakry 28 Septembre 2015 &#8211; En ce jour symbolique pour notre Nation, le JDC fait un focus sur les avanc\u00e9es majeures du secteur de l&rsquo;agriculture (stabilit\u00e9 des prix denr\u00e9es de premi\u00e8res n\u00e9cessit\u00e9s,accroissement de la production agricole etc). En effet, gr\u00e2ce aux efforts d&rsquo;Alpha Cond\u00e9 et aux r\u00e9formes engag\u00e9es \u00e0 ce niveau, nous pouvons r\u00e9solument penser [&hellip;]<\/p>\n","protected":false},"author":12,"featured_media":124,"comment_status":"open","ping_status":"open","sticky":false,"template":"","format":"standard","meta":{"_exactmetrics_skip_tracking":false,"_exactmetrics_sitenote_active":false,"_exactmetrics_sitenote_note":"","_exactmetrics_sitenote_category":0,"tdm_status":"","tdm_grid_status":"","footnotes":""},"categories":[1],"tags":[],"class_list":{"0":"post-122","1":"post","2":"type-post","3":"status-publish","4":"format-standard","5":"has-post-thumbnail","7":"category-non-classe"},"yoast_head":"<!-- This site is optimized with the Yoast SEO plugin v24.2 - https:\/\/yoast.com\/wordpress\/plugins\/seo\/ -->\n<title>Journal de Campagne du 28 Septembre 2015 - Avec Alpha Cond\u00e9, l&#039;Agriculture est au centre du d\u00e9veloppement de la Guin\u00e9e. | Guin\u00e9e Diversit\u00e9<\/title>\n<meta name=\"robots\" content=\"index, follow, max-snippet:-1, max-image-preview:large, max-video-preview:-1\" \/>\n<link rel=\"canonical\" href=\"https:\/\/guineediversite.com\/index.php\/2015\/09\/28\/journal-de-campagne-du-28-septembre-2015-avec-alpha-conde-lagriculture-est-au-centre-du-developpement-de-la-guinee\/\" \/>\n<meta property=\"og:locale\" content=\"fr_FR\" \/>\n<meta property=\"og:type\" content=\"article\" \/>\n<meta property=\"og:title\" content=\"Journal de Campagne du 28 Septembre 2015 - Avec Alpha Cond\u00e9, l&#039;Agriculture est au centre du d\u00e9veloppement de la Guin\u00e9e. | Guin\u00e9e Diversit\u00e9\" \/>\n<meta property=\"og:description\" content=\"Conakry 28 Septembre 2015 &#8211; En ce jour symbolique pour notre Nation, le JDC fait un focus sur les avanc\u00e9es majeures du secteur de l&rsquo;agriculture (stabilit\u00e9 des prix denr\u00e9es de premi\u00e8res n\u00e9cessit\u00e9s,accroissement de la production agricole etc). En effet, gr\u00e2ce aux efforts d&rsquo;Alpha Cond\u00e9 et aux r\u00e9formes engag\u00e9es \u00e0 ce niveau, nous pouvons r\u00e9solument penser [&hellip;]\" \/>\n<meta property=\"og:url\" content=\"https:\/\/guineediversite.com\/index.php\/2015\/09\/28\/journal-de-campagne-du-28-septembre-2015-avec-alpha-conde-lagriculture-est-au-centre-du-developpement-de-la-guinee\/\" \/>\n<meta property=\"og:site_name\" content=\"Guin\u00e9e Diversit\u00e9\" \/>\n<meta property=\"article:publisher\" content=\"https:\/\/www.facebook.com\/guineediversite\/\" \/>\n<meta property=\"article:published_time\" content=\"2015-09-28T20:02:06+00:00\" \/>\n<meta property=\"article:modified_time\" content=\"2017-04-10T20:03:44+00:00\" \/>\n<meta property=\"og:image\" content=\"https:\/\/guineediversite.com\/wp-content\/uploads\/2015\/09\/Journal-de-la-Campagne-du-28-Septembre-Agriculture.jpg\" \/>\n\t<meta property=\"og:image:width\" content=\"1536\" \/>\n\t<meta property=\"og:image:height\" content=\"865\" \/>\n\t<meta property=\"og:image:type\" content=\"image\/jpeg\" \/>\n<meta name=\"author\" content=\"Guin\u00e9e Diversit\u00e9\" \/>\n<meta name=\"twitter:card\" content=\"summary_large_image\" \/>\n<meta name=\"twitter:creator\" content=\"@GuineeDiversite\" \/>\n<meta name=\"twitter:site\" content=\"@GuineeDiversite\" \/>\n<meta name=\"twitter:label1\" content=\"\u00c9crit par\" \/>\n\t<meta name=\"twitter:data1\" content=\"Guin\u00e9e Diversit\u00e9\" \/>\n\t<meta name=\"twitter:label2\" content=\"Dur\u00e9e de lecture estim\u00e9e\" \/>\n\t<meta name=\"twitter:data2\" content=\"1 minute\" \/>\n<script type=\"application\/ld+json\" class=\"yoast-schema-graph\">{\"@context\":\"https:\/\/schema.org\",\"@graph\":[{\"@type\":\"Article\",\"@id\":\"https:\/\/guineediversite.com\/index.php\/2015\/09\/28\/journal-de-campagne-du-28-septembre-2015-avec-alpha-conde-lagriculture-est-au-centre-du-developpement-de-la-guinee\/#article\",\"isPartOf\":{\"@id\":\"https:\/\/guineediversite.com\/index.php\/2015\/09\/28\/journal-de-campagne-du-28-septembre-2015-avec-alpha-conde-lagriculture-est-au-centre-du-developpement-de-la-guinee\/\"},\"author\":{\"name\":\"Guin\u00e9e Diversit\u00e9\",\"@id\":\"https:\/\/guineediversite.com\/#\/schema\/person\/afa08fb34e7fc6e1feafc892612bc836\"},\"headline\":\"Journal de Campagne du 28 Septembre 2015 &#8211; Avec Alpha Cond\u00e9, l&rsquo;Agriculture est au centre du d\u00e9veloppement de la Guin\u00e9e.\",\"datePublished\":\"2015-09-28T20:02:06+00:00\",\"dateModified\":\"2017-04-10T20:03:44+00:00\",\"mainEntityOfPage\":{\"@id\":\"https:\/\/guineediversite.com\/index.php\/2015\/09\/28\/journal-de-campagne-du-28-septembre-2015-avec-alpha-conde-lagriculture-est-au-centre-du-developpement-de-la-guinee\/\"},\"wordCount\":171,\"commentCount\":0,\"publisher\":{\"@id\":\"https:\/\/guineediversite.com\/#organization\"},\"image\":{\"@id\":\"https:\/\/guineediversite.com\/index.php\/2015\/09\/28\/journal-de-campagne-du-28-septembre-2015-avec-alpha-conde-lagriculture-est-au-centre-du-developpement-de-la-guinee\/#primaryimage\"},\"thumbnailUrl\":\"https:\/\/guineediversite.com\/wp-content\/uploads\/2015\/09\/Journal-de-la-Campagne-du-28-Septembre-Agriculture.jpg\",\"inLanguage\":\"fr-FR\",\"potentialAction\":[{\"@type\":\"CommentAction\",\"name\":\"Comment\",\"target\":[\"https:\/\/guineediversite.com\/index.php\/2015\/09\/28\/journal-de-campagne-du-28-septembre-2015-avec-alpha-conde-lagriculture-est-au-centre-du-developpement-de-la-guinee\/#respond\"]}]},{\"@type\":\"WebPage\",\"@id\":\"https:\/\/guineediversite.com\/index.php\/2015\/09\/28\/journal-de-campagne-du-28-septembre-2015-avec-alpha-conde-lagriculture-est-au-centre-du-developpement-de-la-guinee\/\",\"url\":\"https:\/\/guineediversite.com\/index.php\/2015\/09\/28\/journal-de-campagne-du-28-septembre-2015-avec-alpha-conde-lagriculture-est-au-centre-du-developpement-de-la-guinee\/\",\"name\":\"Journal de Campagne du 28 Septembre 2015 - Avec Alpha Cond\u00e9, l'Agriculture est au centre du d\u00e9veloppement de la Guin\u00e9e. | Guin\u00e9e Diversit\u00e9\",\"isPartOf\":{\"@id\":\"https:\/\/guineediversite.com\/#website\"},\"primaryImageOfPage\":{\"@id\":\"https:\/\/guineediversite.com\/index.php\/2015\/09\/28\/journal-de-campagne-du-28-septembre-2015-avec-alpha-conde-lagriculture-est-au-centre-du-developpement-de-la-guinee\/#primaryimage\"},\"image\":{\"@id\":\"https:\/\/guineediversite.com\/index.php\/2015\/09\/28\/journal-de-campagne-du-28-septembre-2015-avec-alpha-conde-lagriculture-est-au-centre-du-developpement-de-la-guinee\/#primaryimage\"},\"thumbnailUrl\":\"https:\/\/guineediversite.com\/wp-content\/uploads\/2015\/09\/Journal-de-la-Campagne-du-28-Septembre-Agriculture.jpg\",\"datePublished\":\"2015-09-28T20:02:06+00:00\",\"dateModified\":\"2017-04-10T20:03:44+00:00\",\"breadcrumb\":{\"@id\":\"https:\/\/guineediversite.com\/index.php\/2015\/09\/28\/journal-de-campagne-du-28-septembre-2015-avec-alpha-conde-lagriculture-est-au-centre-du-developpement-de-la-guinee\/#breadcrumb\"},\"inLanguage\":\"fr-FR\",\"potentialAction\":[{\"@type\":\"ReadAction\",\"target\":[\"https:\/\/guineediversite.com\/index.php\/2015\/09\/28\/journal-de-campagne-du-28-septembre-2015-avec-alpha-conde-lagriculture-est-au-centre-du-developpement-de-la-guinee\/\"]}]},{\"@type\":\"ImageObject\",\"inLanguage\":\"fr-FR\",\"@id\":\"https:\/\/guineediversite.com\/index.php\/2015\/09\/28\/journal-de-campagne-du-28-septembre-2015-avec-alpha-conde-lagriculture-est-au-centre-du-developpement-de-la-guinee\/#primaryimage\",\"url\":\"https:\/\/guineediversite.com\/wp-content\/uploads\/2015\/09\/Journal-de-la-Campagne-du-28-Septembre-Agriculture.jpg\",\"contentUrl\":\"https:\/\/guineediversite.com\/wp-content\/uploads\/2015\/09\/Journal-de-la-Campagne-du-28-Septembre-Agriculture.jpg\",\"width\":1536,\"height\":865},{\"@type\":\"BreadcrumbList\",\"@id\":\"https:\/\/guineediversite.com\/index.php\/2015\/09\/28\/journal-de-campagne-du-28-septembre-2015-avec-alpha-conde-lagriculture-est-au-centre-du-developpement-de-la-guinee\/#breadcrumb\",\"itemListElement\":[{\"@type\":\"ListItem\",\"position\":1,\"name\":\"Accueil\",\"item\":\"https:\/\/guineediversite.com\/\"},{\"@type\":\"ListItem\",\"position\":2,\"name\":\"Journal de Campagne du 28 Septembre 2015 &#8211; Avec Alpha Cond\u00e9, l&rsquo;Agriculture est au centre du d\u00e9veloppement de la Guin\u00e9e.\"}]},{\"@type\":\"WebSite\",\"@id\":\"https:\/\/guineediversite.com\/#website\",\"url\":\"https:\/\/guineediversite.com\/\",\"name\":\"Guin\u00e9e Diversit\u00e9\",\"description\":\"L&#039;Info dans toute sa diversit\u00e9\",\"publisher\":{\"@id\":\"https:\/\/guineediversite.com\/#organization\"},\"potentialAction\":[{\"@type\":\"SearchAction\",\"target\":{\"@type\":\"EntryPoint\",\"urlTemplate\":\"https:\/\/guineediversite.com\/?s={search_term_string}\"},\"query-input\":{\"@type\":\"PropertyValueSpecification\",\"valueRequired\":true,\"valueName\":\"search_term_string\"}}],\"inLanguage\":\"fr-FR\"},{\"@type\":\"Organization\",\"@id\":\"https:\/\/guineediversite.com\/#organization\",\"name\":\"Guin\u00e9e Diversit\u00e9\",\"url\":\"https:\/\/guineediversite.com\/\",\"logo\":{\"@type\":\"ImageObject\",\"inLanguage\":\"fr-FR\",\"@id\":\"https:\/\/guineediversite.com\/#\/schema\/logo\/image\/\",\"url\":\"https:\/\/guineediversite.com\/wp-content\/uploads\/2017\/04\/cropped-1jojlxEOMkX9Wyqfhe43D6kjPOGqBBKmx3EwWJqZ0cMrFF54yM49.png\",\"contentUrl\":\"https:\/\/guineediversite.com\/wp-content\/uploads\/2017\/04\/cropped-1jojlxEOMkX9Wyqfhe43D6kjPOGqBBKmx3EwWJqZ0cMrFF54yM49.png\",\"width\":186,\"height\":112,\"caption\":\"Guin\u00e9e Diversit\u00e9\"},\"image\":{\"@id\":\"https:\/\/guineediversite.com\/#\/schema\/logo\/image\/\"},\"sameAs\":[\"https:\/\/www.facebook.com\/guineediversite\/\",\"https:\/\/x.com\/GuineeDiversite\",\"https:\/\/www.youtube.com\/channel\/UC8sUY16qelG5ge6_D5SB83g\"]},{\"@type\":\"Person\",\"@id\":\"https:\/\/guineediversite.com\/#\/schema\/person\/afa08fb34e7fc6e1feafc892612bc836\",\"name\":\"Guin\u00e9e Diversit\u00e9\",\"image\":{\"@type\":\"ImageObject\",\"inLanguage\":\"fr-FR\",\"@id\":\"https:\/\/guineediversite.com\/#\/schema\/person\/image\/\",\"url\":\"https:\/\/secure.gravatar.com\/avatar\/50d5eb5b390f8b65ac30ac6f898eb83a?s=96&d=mm&r=g\",\"contentUrl\":\"https:\/\/secure.gravatar.com\/avatar\/50d5eb5b390f8b65ac30ac6f898eb83a?s=96&d=mm&r=g\",\"caption\":\"Guin\u00e9e Diversit\u00e9\"},\"url\":\"https:\/\/guineediversite.com\/index.php\/author\/guineediversite\/\"}]}<\/script>\n<!-- \/ Yoast SEO plugin. -->","yoast_head_json":{"title":"Journal de Campagne du 28 Septembre 2015 - Avec Alpha Cond\u00e9, l'Agriculture est au centre du d\u00e9veloppement de la Guin\u00e9e. | Guin\u00e9e Diversit\u00e9","robots":{"index":"index","follow":"follow","max-snippet":"max-snippet:-1","max-image-preview":"max-image-preview:large","max-video-preview":"max-video-preview:-1"},"canonical":"https:\/\/guineediversite.com\/index.php\/2015\/09\/28\/journal-de-campagne-du-28-septembre-2015-avec-alpha-conde-lagriculture-est-au-centre-du-developpement-de-la-guinee\/","og_locale":"fr_FR","og_type":"article","og_title":"Journal de Campagne du 28 Septembre 2015 - Avec Alpha Cond\u00e9, l'Agriculture est au centre du d\u00e9veloppement de la Guin\u00e9e. | Guin\u00e9e Diversit\u00e9","og_description":"Conakry 28 Septembre 2015 &#8211; En ce jour symbolique pour notre Nation, le JDC fait un focus sur les avanc\u00e9es majeures du secteur de l&rsquo;agriculture (stabilit\u00e9 des prix denr\u00e9es de premi\u00e8res n\u00e9cessit\u00e9s,accroissement de la production agricole etc). En effet, gr\u00e2ce aux efforts d&rsquo;Alpha Cond\u00e9 et aux r\u00e9formes engag\u00e9es \u00e0 ce niveau, nous pouvons r\u00e9solument penser [&hellip;]","og_url":"https:\/\/guineediversite.com\/index.php\/2015\/09\/28\/journal-de-campagne-du-28-septembre-2015-avec-alpha-conde-lagriculture-est-au-centre-du-developpement-de-la-guinee\/","og_site_name":"Guin\u00e9e Diversit\u00e9","article_publisher":"https:\/\/www.facebook.com\/guineediversite\/","article_published_time":"2015-09-28T20:02:06+00:00","article_modified_time":"2017-04-10T20:03:44+00:00","og_image":[{"width":1536,"height":865,"url":"https:\/\/guineediversite.com\/wp-content\/uploads\/2015\/09\/Journal-de-la-Campagne-du-28-Septembre-Agriculture.jpg","type":"image\/jpeg"}],"author":"Guin\u00e9e Diversit\u00e9","twitter_card":"summary_large_image","twitter_creator":"@GuineeDiversite","twitter_site":"@GuineeDiversite","twitter_misc":{"\u00c9crit par":"Guin\u00e9e Diversit\u00e9","Dur\u00e9e de lecture estim\u00e9e":"1 minute"},"schema":{"@context":"https:\/\/schema.org","@graph":[{"@type":"Article","@id":"https:\/\/guineediversite.com\/index.php\/2015\/09\/28\/journal-de-campagne-du-28-septembre-2015-avec-alpha-conde-lagriculture-est-au-centre-du-developpement-de-la-guinee\/#article","isPartOf":{"@id":"https:\/\/guineediversite.com\/index.php\/2015\/09\/28\/journal-de-campagne-du-28-septembre-2015-avec-alpha-conde-lagriculture-est-au-centre-du-developpement-de-la-guinee\/"},"author":{"name":"Guin\u00e9e Diversit\u00e9","@id":"https:\/\/guineediversite.com\/#\/schema\/person\/afa08fb34e7fc6e1feafc892612bc836"},"headline":"Journal de Campagne du 28 Septembre 2015 &#8211; Avec Alpha Cond\u00e9, l&rsquo;Agriculture est au centre du d\u00e9veloppement de la Guin\u00e9e.","datePublished":"2015-09-28T20:02:06+00:00","dateModified":"2017-04-10T20:03:44+00:00","mainEntityOfPage":{"@id":"https:\/\/guineediversite.com\/index.php\/2015\/09\/28\/journal-de-campagne-du-28-septembre-2015-avec-alpha-conde-lagriculture-est-au-centre-du-developpement-de-la-guinee\/"},"wordCount":171,"commentCount":0,"publisher":{"@id":"https:\/\/guineediversite.com\/#organization"},"image":{"@id":"https:\/\/guineediversite.com\/index.php\/2015\/09\/28\/journal-de-campagne-du-28-septembre-2015-avec-alpha-conde-lagriculture-est-au-centre-du-developpement-de-la-guinee\/#primaryimage"},"thumbnailUrl":"https:\/\/guineediversite.com\/wp-content\/uploads\/2015\/09\/Journal-de-la-Campagne-du-28-Septembre-Agriculture.jpg","inLanguage":"fr-FR","potentialAction":[{"@type":"CommentAction","name":"Comment","target":["https:\/\/guineediversite.com\/index.php\/2015\/09\/28\/journal-de-campagne-du-28-septembre-2015-avec-alpha-conde-lagriculture-est-au-centre-du-developpement-de-la-guinee\/#respond"]}]},{"@type":"WebPage","@id":"https:\/\/guineediversite.com\/index.php\/2015\/09\/28\/journal-de-campagne-du-28-septembre-2015-avec-alpha-conde-lagriculture-est-au-centre-du-developpement-de-la-guinee\/","url":"https:\/\/guineediversite.com\/index.php\/2015\/09\/28\/journal-de-campagne-du-28-septembre-2015-avec-alpha-conde-lagriculture-est-au-centre-du-developpement-de-la-guinee\/","name":"Journal de Campagne du 28 Septembre 2015 - Avec Alpha Cond\u00e9, l'Agriculture est au centre du d\u00e9veloppement de la Guin\u00e9e. | Guin\u00e9e Diversit\u00e9","isPartOf":{"@id":"https:\/\/guineediversite.com\/#website"},"primaryImageOfPage":{"@id":"https:\/\/guineediversite.com\/index.php\/2015\/09\/28\/journal-de-campagne-du-28-septembre-2015-avec-alpha-conde-lagriculture-est-au-centre-du-developpement-de-la-guinee\/#primaryimage"},"image":{"@id":"https:\/\/guineediversite.com\/index.php\/2015\/09\/28\/journal-de-campagne-du-28-septembre-2015-avec-alpha-conde-lagriculture-est-au-centre-du-developpement-de-la-guinee\/#primaryimage"},"thumbnailUrl":"https:\/\/guineediversite.com\/wp-content\/uploads\/2015\/09\/Journal-de-la-Campagne-du-28-Septembre-Agriculture.jpg","datePublished":"2015-09-28T20:02:06+00:00","dateModified":"2017-04-10T20:03:44+00:00","breadcrumb":{"@id":"https:\/\/guineediversite.com\/index.php\/2015\/09\/28\/journal-de-campagne-du-28-septembre-2015-avec-alpha-conde-lagriculture-est-au-centre-du-developpement-de-la-guinee\/#breadcrumb"},"inLanguage":"fr-FR","potentialAction":[{"@type":"ReadAction","target":["https:\/\/guineediversite.com\/index.php\/2015\/09\/28\/journal-de-campagne-du-28-septembre-2015-avec-alpha-conde-lagriculture-est-au-centre-du-developpement-de-la-guinee\/"]}]},{"@type":"ImageObject","inLanguage":"fr-FR","@id":"https:\/\/guineediversite.com\/index.php\/2015\/09\/28\/journal-de-campagne-du-28-septembre-2015-avec-alpha-conde-lagriculture-est-au-centre-du-developpement-de-la-guinee\/#primaryimage","url":"https:\/\/guineediversite.com\/wp-content\/uploads\/2015\/09\/Journal-de-la-Campagne-du-28-Septembre-Agriculture.jpg","contentUrl":"https:\/\/guineediversite.com\/wp-content\/uploads\/2015\/09\/Journal-de-la-Campagne-du-28-Septembre-Agriculture.jpg","width":1536,"height":865},{"@type":"BreadcrumbList","@id":"https:\/\/guineediversite.com\/index.php\/2015\/09\/28\/journal-de-campagne-du-28-septembre-2015-avec-alpha-conde-lagriculture-est-au-centre-du-developpement-de-la-guinee\/#breadcrumb","itemListElement":[{"@type":"ListItem","position":1,"name":"Accueil","item":"https:\/\/guineediversite.com\/"},{"@type":"ListItem","position":2,"name":"Journal de Campagne du 28 Septembre 2015 &#8211; Avec Alpha Cond\u00e9, l&rsquo;Agriculture est au centre du d\u00e9veloppement de la Guin\u00e9e."}]},{"@type":"WebSite","@id":"https:\/\/guineediversite.com\/#website","url":"https:\/\/guineediversite.com\/","name":"Guin\u00e9e Diversit\u00e9","description":"L&#039;Info dans toute sa diversit\u00e9","publisher":{"@id":"https:\/\/guineediversite.com\/#organization"},"potentialAction":[{"@type":"SearchAction","target":{"@type":"EntryPoint","urlTemplate":"https:\/\/guineediversite.com\/?s={search_term_string}"},"query-input":{"@type":"PropertyValueSpecification","valueRequired":true,"valueName":"search_term_string"}}],"inLanguage":"fr-FR"},{"@type":"Organization","@id":"https:\/\/guineediversite.com\/#organization","name":"Guin\u00e9e Diversit\u00e9","url":"https:\/\/guineediversite.com\/","logo":{"@type":"ImageObject","inLanguage":"fr-FR","@id":"https:\/\/guineediversite.com\/#\/schema\/logo\/image\/","url":"https:\/\/guineediversite.com\/wp-content\/uploads\/2017\/04\/cropped-1jojlxEOMkX9Wyqfhe43D6kjPOGqBBKmx3EwWJqZ0cMrFF54yM49.png","contentUrl":"https:\/\/guineediversite.com\/wp-content\/uploads\/2017\/04\/cropped-1jojlxEOMkX9Wyqfhe43D6kjPOGqBBKmx3EwWJqZ0cMrFF54yM49.png","width":186,"height":112,"caption":"Guin\u00e9e Diversit\u00e9"},"image":{"@id":"https:\/\/guineediversite.com\/#\/schema\/logo\/image\/"},"sameAs":["https:\/\/www.facebook.com\/guineediversite\/","https:\/\/x.com\/GuineeDiversite","https:\/\/www.youtube.com\/channel\/UC8sUY16qelG5ge6_D5SB83g"]},{"@type":"Person","@id":"https:\/\/guineediversite.com\/#\/schema\/person\/afa08fb34e7fc6e1feafc892612bc836","name":"Guin\u00e9e Diversit\u00e9","image":{"@type":"ImageObject","inLanguage":"fr-FR","@id":"https:\/\/guineediversite.com\/#\/schema\/person\/image\/","url":"https:\/\/secure.gravatar.com\/avatar\/50d5eb5b390f8b65ac30ac6f898eb83a?s=96&d=mm&r=g","contentUrl":"https:\/\/secure.gravatar.com\/avatar\/50d5eb5b390f8b65ac30ac6f898eb83a?s=96&d=mm&r=g","caption":"Guin\u00e9e Diversit\u00e9"},"url":"https:\/\/guineediversite.com\/index.php\/author\/guineediversite\/"}]}},"_links":{"self":[{"href":"https:\/\/guineediversite.com\/index.php\/wp-json\/wp\/v2\/posts\/122"}],"collection":[{"href":"https:\/\/guineediversite.com\/index.php\/wp-json\/wp\/v2\/posts"}],"about":[{"href":"https:\/\/guineediversite.com\/index.php\/wp-json\/wp\/v2\/types\/post"}],"author":[{"embeddable":true,"href":"https:\/\/guineediversite.com\/index.php\/wp-json\/wp\/v2\/users\/12"}],"replies":[{"embeddable":true,"href":"https:\/\/guineediversite.com\/index.php\/wp-json\/wp\/v2\/comments?post=122"}],"version-history":[{"count":0,"href":"https:\/\/guineediversite.com\/index.php\/wp-json\/wp\/v2\/posts\/122\/revisions"}],"wp:featuredmedia":[{"embeddable":true,"href":"https:\/\/guineediversite.com\/index.php\/wp-json\/wp\/v2\/media\/124"}],"wp:attachment":[{"href":"https:\/\/guineediversite.com\/index.php\/wp-json\/wp\/v2\/media?parent=122"}],"wp:term":[{"taxonomy":"category","embeddable":true,"href":"https:\/\/guineediversite.com\/index.php\/wp-json\/wp\/v2\/categories?post=122"},{"taxonomy":"post_tag","embeddable":true,"href":"https:\/\/guineediversite.com\/index.php\/wp-json\/wp\/v2\/tags?post=122"}],"curies":[{"name":"wp","href":"https:\/\/api.w.org\/{rel}","templated":true}]}}