{"id":118,"date":"2017-04-10T12:00:08","date_gmt":"2017-04-10T10:00:08","guid":{"rendered":"https:\/\/guineediversite.com.bwjx4292.odns.fr\/?p=118"},"modified":"2017-04-10T22:16:31","modified_gmt":"2017-04-10T20:16:31","slug":"seminaire-gouvernemental-des-7-et-8-avril-2017-communique-final","status":"publish","type":"post","link":"https:\/\/guineediversite.com\/index.php\/2017\/04\/10\/seminaire-gouvernemental-des-7-et-8-avril-2017-communique-final\/","title":{"rendered":"SEMINAIRE GOUVERNEMENTAL DES 7 ET 8 AVRIL 2017: COMMUNIQUE FINAL"},"content":{"rendered":"<p>Sous la Pr\u00e9sidence effective de Monsieur Mamady Youla, Premier Ministre, Chef du Gouvernement, un S\u00e9minaire gouvernemental s\u2019est d\u00e9roul\u00e9 dans la salle de conf\u00e9rence de l\u2019h\u00f4tel Noom \u00e0 Conakry, les 7 et 8 Avril 2017, sur le th\u00e8me : \u00ab Evaluation des acquis 2016 et pr\u00e9sentation des priorit\u00e9s et perspectives gouvernementales pour 2017 \u00bb.<\/p>\n<p>Le S\u00e9minaire a connu la participation des membres du Gouvernement, accompagn\u00e9s des hauts cadres de l\u2019administration.<\/p>\n<p>Les travaux du s\u00e9minaire se sont d\u00e9roul\u00e9s en sessions reparties sur 2 journ\u00e9es. La premi\u00e8re journ\u00e9e a \u00e9t\u00e9 consacr\u00e9e au bilan de l\u2019action gouvernementale en 2016, et aux principales r\u00e9alisations. La seconde journ\u00e9e a port\u00e9 sur les perspectives, les orientations majeures en 2017, et la programmation des actions prioritaires, en lien avec le Plan National de D\u00e9veloppement \u00c9conomique et Social ( PNDES ).<\/p>\n<p>Les sessions de la premi\u00e8re journ\u00e9e se sont d\u00e9roul\u00e9es selon le programme suivant :<\/p>\n<p>1. La c\u00e9r\u00e9monie d\u2019ouverture pr\u00e9sid\u00e9e par Monsieur le Premier Ministre, Chef du Gouvernement;<\/p>\n<p>2. L\u2019intervention du Facilitateur Monsieur le Premier Ministre Loum ;<\/p>\n<p>3. Les pr\u00e9sentations du bilan et des r\u00e9alisations par les ministres des d\u00e9partements;<\/p>\n<p>4. La synth\u00e8se des r\u00e9alisations marquantes de l\u2019ann\u00e9e 2016, par les ministres en travaux de groupe;<\/p>\n<p>5. Les observations et orientations de Monsieur le Premier Ministre.<\/p>\n<p>Les travaux de la deuxi\u00e8me journ\u00e9e se sont d\u00e9roul\u00e9s selon le programme ci-apr\u00e8s:<\/p>\n<p>La pr\u00e9sentation du PNDES par Madame la ministre du Plan et de la Coop\u00e9ration Internationale;<br \/>\n2. Les pr\u00e9sentations des priorit\u00e9s et des actions phares de 2017, par les ministres des d\u00e9partements;<\/p>\n<p>3. La synth\u00e8se des priorit\u00e9s et des actions phares de 2017;<\/p>\n<p>4. Les observations et orientations de Monsieur le Premier Ministre.<\/p>\n<p>Compte rendu des sessions de la journ\u00e9e du Vendredi 7 Avril 2017<\/p>\n<p>Chaque Ministre a pr\u00e9sent\u00e9 son bilan au titre de l\u2019ann\u00e9e 2016 et d\u00e9gag\u00e9 les r\u00e9alisations phares de son d\u00e9partement. Le Premier Ministre, Chef du Gouvernement a proc\u00e9d\u00e9 \u00e0 la restitution de l\u2019\u00e9valuation de la performance des D\u00e9partements Minist\u00e9riels.<\/p>\n<p>A la suite de cette restitution, les ministres se sont retrouv\u00e9s en travaux de groupe, en vue de proc\u00e9der \u00e0 la s\u00e9lection des 100 r\u00e9alisations les plus significatives et les plus marquantes de l\u2019ann\u00e9e 2016.<\/p>\n<p>Les r\u00e9sultats et synth\u00e8se des groupes de travail, portant sur les 100 r\u00e9alisations de l\u2019ann\u00e9e 2016, ont \u00e9t\u00e9 ensuite pr\u00e9sent\u00e9s et valid\u00e9s en pl\u00e9ni\u00e8re, \u00e0 la suite des d\u00e9bats et des \u00e9changes. A l\u2019issue des d\u00e9bats, Monsieur le Premier Ministre a fait ses remarques et observations finales.<\/p>\n<p>Compte rendu des sessions de la journ\u00e9e du Samedi 8 Avril 2017<\/p>\n<p>Synth\u00e8se des objectifs prioritaires et des actions phares de 2017.<\/p>\n<p>Des \u00e9changes et d\u00e9bats ont suivi les sessions de pr\u00e9sentations par les minist\u00e8res \u0153uvrant dans le cadre des diff\u00e9rents piliers du PNDES.<\/p>\n<p>Ces observations et commentaires ont permis aux Ministres de poser des questions, de faire des commentaires, et d\u2019apporter des \u00e9l\u00e9ments de r\u00e9ponses aux pr\u00e9occupations exprim\u00e9es.<\/p>\n<p>Les r\u00e9sultats consolid\u00e9s et la liste de 100 actions phares pr\u00e9vues pour l\u2019ann\u00e9e 2017, ont \u00e9t\u00e9 ensuite valid\u00e9s en pl\u00e9ni\u00e8re, au terme de ces d\u00e9bats et \u00e9changes.<\/p>\n<p>A l\u2019issue des d\u00e9bats, Monsieur le Premier Ministre a fait des remarques et des observations et donn\u00e9 des orientations sur les actions prioritaires pr\u00e9vus pour l\u2019ann\u00e9e 2017.<\/p>\n<p>C\u00e9r\u00e9monie de Cl\u00f4ture<\/p>\n<p>A l\u2019issue des travaux, Monsieur le Premier Ministre a remerci\u00e9 les membres du Gouvernement pour la qualit\u00e9 des pr\u00e9sentations et la richesse des \u00e9changes effectu\u00e9s pendant les deux journ\u00e9es.<\/p>\n<p>Il a relev\u00e9 que chaque Ministre a pu exposer et donner des \u00e9claircissements sur les r\u00e9alisations de 2016, et sur les chantiers phares pr\u00e9vus pour 2017, en se basant sur les objectifs strat\u00e9giques d\u00e9clin\u00e9s dans le PNDES.<\/p>\n<p>Chaque membre du Gouvernement poss\u00e8de ainsi une meilleure compr\u00e9hension des enjeux et des diff\u00e9rents plans d\u2019actions minist\u00e9riels et a pu se rendre compte du caract\u00e8re interminist\u00e9riel d\u2019un nombre important de mesures expos\u00e9es et qui requi\u00e8rent donc la mise en place de plateformes adapt\u00e9es de collaboration commune \u00e0 tous les niveaux hi\u00e9rarchiques.<\/p>\n<p>Monsieur le Premier Ministre a r\u00e9it\u00e9r\u00e9 sa volont\u00e9 de poursuivre l\u2019organisation de S\u00e9minaires gouvernementaux de ce type, en d\u00e9but d\u2019ann\u00e9e, afin de faire le bilan de l\u2019ann\u00e9e \u00e9coul\u00e9e et de dresser le programme de travail de l\u2019ann\u00e9e en cours, sur une base consensuelle ; puis en milieu d\u2019ann\u00e9e, d\u2019\u00e9valuer \u00e0 mi-parcours les performances gouvernementales, et de lever les handicaps qui peuvent se pr\u00e9senter en cours de route.<\/p>\n<p>Monsieur le Premier Ministre a f\u00e9licit\u00e9 les membres du Gouvernement pour les performances atteintes pour l\u2019ann\u00e9e 2016 et les a invit\u00e9 \u00e0 redoubler d\u2019effort pour l\u2019ann\u00e9e 2017 pour mieux r\u00e9pondre aux attentes pressantes des populations.<\/p>\n<p>Monsieur le Premier Ministre a invit\u00e9 les membres du Gouvernement a veiller \u00e0 la prise en charge de l\u2019int\u00e9gralit\u00e9 des actions pr\u00e9vues par les D\u00e9partements au titre de l\u2019ann\u00e9e 2017 pour faire face aux avanc\u00e9es et progr\u00e8s attendus par nos concitoyens dans tous les secteurs et compartiments de vie socio-\u00e9conomique de notre pays.<\/p>\n<p>Il a \u00e9galement demand\u00e9 aux membres du Gouvernement d\u2019assurer la bonne communication sur l\u2019action Gouvernementale en g\u00e9n\u00e9ral et en particulier de publier les 100 r\u00e9alisations phares de l\u2019ann\u00e9e 2016 ainsi que les 100 actions phares attendues au titre de l\u2019ann\u00e9e 2017.<\/p>\n<p>Monsieur le Premier Ministre a remerci\u00e9 les D\u00e9partements et le Comit\u00e9 d\u2019organisation pour la qualit\u00e9 du travail de pr\u00e9paration et pour leurs contributions significatives \u00e0 la r\u00e9ussite du s\u00e9minaire.<\/p>\n<p>Il a enfin remerci\u00e9 la presse pour sa mobilisation et son implication active pour relayer l\u2019information tout au long du d\u00e9roulement du s\u00e9minaire.<\/p>\n<p>Transmis par la Cellule de Communication du Gouvernement<\/p>\n","protected":false},"excerpt":{"rendered":"<p>Sous la Pr\u00e9sidence effective de Monsieur Mamady Youla, Premier Ministre, Chef du Gouvernement, un S\u00e9minaire gouvernemental s\u2019est d\u00e9roul\u00e9 dans la salle de conf\u00e9rence de l\u2019h\u00f4tel Noom \u00e0 Conakry, les 7 et 8 Avril 2017, sur le th\u00e8me : \u00ab Evaluation des acquis 2016 et pr\u00e9sentation des priorit\u00e9s et perspectives gouvernementales pour 2017 \u00bb. Le S\u00e9minaire [&hellip;]<\/p>\n","protected":false},"author":12,"featured_media":120,"comment_status":"open","ping_status":"open","sticky":false,"template":"","format":"standard","meta":{"_exactmetrics_skip_tracking":false,"_exactmetrics_sitenote_active":false,"_exactmetrics_sitenote_note":"","_exactmetrics_sitenote_category":0,"tdm_status":"","tdm_grid_status":"","footnotes":""},"categories":[1],"tags":[],"class_list":{"0":"post-118","1":"post","2":"type-post","3":"status-publish","4":"format-standard","5":"has-post-thumbnail","7":"category-non-classe"},"yoast_head":"<!-- This site is optimized with the Yoast SEO plugin v24.2 - https:\/\/yoast.com\/wordpress\/plugins\/seo\/ -->\n<title>SEMINAIRE GOUVERNEMENTAL DES 7 ET 8 AVRIL 2017: COMMUNIQUE FINAL | Guin\u00e9e Diversit\u00e9<\/title>\n<meta name=\"robots\" content=\"index, follow, max-snippet:-1, max-image-preview:large, max-video-preview:-1\" \/>\n<link rel=\"canonical\" href=\"https:\/\/guineediversite.com\/index.php\/2017\/04\/10\/seminaire-gouvernemental-des-7-et-8-avril-2017-communique-final\/\" \/>\n<meta property=\"og:locale\" content=\"fr_FR\" \/>\n<meta property=\"og:type\" content=\"article\" \/>\n<meta property=\"og:title\" content=\"SEMINAIRE GOUVERNEMENTAL DES 7 ET 8 AVRIL 2017: COMMUNIQUE FINAL | Guin\u00e9e Diversit\u00e9\" \/>\n<meta property=\"og:description\" content=\"Sous la Pr\u00e9sidence effective de Monsieur Mamady Youla, Premier Ministre, Chef du Gouvernement, un S\u00e9minaire gouvernemental s\u2019est d\u00e9roul\u00e9 dans la salle de conf\u00e9rence de l\u2019h\u00f4tel Noom \u00e0 Conakry, les 7 et 8 Avril 2017, sur le th\u00e8me : \u00ab Evaluation des acquis 2016 et pr\u00e9sentation des priorit\u00e9s et perspectives gouvernementales pour 2017 \u00bb. Le S\u00e9minaire [&hellip;]\" \/>\n<meta property=\"og:url\" content=\"https:\/\/guineediversite.com\/index.php\/2017\/04\/10\/seminaire-gouvernemental-des-7-et-8-avril-2017-communique-final\/\" \/>\n<meta property=\"og:site_name\" content=\"Guin\u00e9e Diversit\u00e9\" \/>\n<meta property=\"article:publisher\" content=\"https:\/\/www.facebook.com\/guineediversite\/\" \/>\n<meta property=\"article:published_time\" content=\"2017-04-10T10:00:08+00:00\" \/>\n<meta property=\"article:modified_time\" content=\"2017-04-10T20:16:31+00:00\" \/>\n<meta property=\"og:image\" content=\"https:\/\/guineediversite.com\/wp-content\/uploads\/2017\/04\/Th\u00e8mes-1.jpg\" \/>\n\t<meta property=\"og:image:width\" content=\"1077\" \/>\n\t<meta property=\"og:image:height\" content=\"718\" \/>\n\t<meta property=\"og:image:type\" content=\"image\/jpeg\" \/>\n<meta name=\"author\" content=\"Guin\u00e9e Diversit\u00e9\" \/>\n<meta name=\"twitter:card\" content=\"summary_large_image\" \/>\n<meta name=\"twitter:creator\" content=\"@GuineeDiversite\" \/>\n<meta name=\"twitter:site\" content=\"@GuineeDiversite\" \/>\n<meta name=\"twitter:label1\" content=\"\u00c9crit par\" \/>\n\t<meta name=\"twitter:data1\" content=\"Guin\u00e9e Diversit\u00e9\" \/>\n\t<meta name=\"twitter:label2\" content=\"Dur\u00e9e de lecture estim\u00e9e\" \/>\n\t<meta name=\"twitter:data2\" content=\"5 minutes\" \/>\n<script type=\"application\/ld+json\" class=\"yoast-schema-graph\">{\"@context\":\"https:\/\/schema.org\",\"@graph\":[{\"@type\":\"Article\",\"@id\":\"https:\/\/guineediversite.com\/index.php\/2017\/04\/10\/seminaire-gouvernemental-des-7-et-8-avril-2017-communique-final\/#article\",\"isPartOf\":{\"@id\":\"https:\/\/guineediversite.com\/index.php\/2017\/04\/10\/seminaire-gouvernemental-des-7-et-8-avril-2017-communique-final\/\"},\"author\":{\"name\":\"Guin\u00e9e Diversit\u00e9\",\"@id\":\"https:\/\/guineediversite.com\/#\/schema\/person\/afa08fb34e7fc6e1feafc892612bc836\"},\"headline\":\"SEMINAIRE GOUVERNEMENTAL DES 7 ET 8 AVRIL 2017: COMMUNIQUE FINAL\",\"datePublished\":\"2017-04-10T10:00:08+00:00\",\"dateModified\":\"2017-04-10T20:16:31+00:00\",\"mainEntityOfPage\":{\"@id\":\"https:\/\/guineediversite.com\/index.php\/2017\/04\/10\/seminaire-gouvernemental-des-7-et-8-avril-2017-communique-final\/\"},\"wordCount\":1034,\"commentCount\":0,\"publisher\":{\"@id\":\"https:\/\/guineediversite.com\/#organization\"},\"image\":{\"@id\":\"https:\/\/guineediversite.com\/index.php\/2017\/04\/10\/seminaire-gouvernemental-des-7-et-8-avril-2017-communique-final\/#primaryimage\"},\"thumbnailUrl\":\"https:\/\/guineediversite.com\/wp-content\/uploads\/2017\/04\/Th\u00e8mes-1.jpg\",\"inLanguage\":\"fr-FR\",\"potentialAction\":[{\"@type\":\"CommentAction\",\"name\":\"Comment\",\"target\":[\"https:\/\/guineediversite.com\/index.php\/2017\/04\/10\/seminaire-gouvernemental-des-7-et-8-avril-2017-communique-final\/#respond\"]}]},{\"@type\":\"WebPage\",\"@id\":\"https:\/\/guineediversite.com\/index.php\/2017\/04\/10\/seminaire-gouvernemental-des-7-et-8-avril-2017-communique-final\/\",\"url\":\"https:\/\/guineediversite.com\/index.php\/2017\/04\/10\/seminaire-gouvernemental-des-7-et-8-avril-2017-communique-final\/\",\"name\":\"SEMINAIRE GOUVERNEMENTAL DES 7 ET 8 AVRIL 2017: COMMUNIQUE FINAL | Guin\u00e9e Diversit\u00e9\",\"isPartOf\":{\"@id\":\"https:\/\/guineediversite.com\/#website\"},\"primaryImageOfPage\":{\"@id\":\"https:\/\/guineediversite.com\/index.php\/2017\/04\/10\/seminaire-gouvernemental-des-7-et-8-avril-2017-communique-final\/#primaryimage\"},\"image\":{\"@id\":\"https:\/\/guineediversite.com\/index.php\/2017\/04\/10\/seminaire-gouvernemental-des-7-et-8-avril-2017-communique-final\/#primaryimage\"},\"thumbnailUrl\":\"https:\/\/guineediversite.com\/wp-content\/uploads\/2017\/04\/Th\u00e8mes-1.jpg\",\"datePublished\":\"2017-04-10T10:00:08+00:00\",\"dateModified\":\"2017-04-10T20:16:31+00:00\",\"breadcrumb\":{\"@id\":\"https:\/\/guineediversite.com\/index.php\/2017\/04\/10\/seminaire-gouvernemental-des-7-et-8-avril-2017-communique-final\/#breadcrumb\"},\"inLanguage\":\"fr-FR\",\"potentialAction\":[{\"@type\":\"ReadAction\",\"target\":[\"https:\/\/guineediversite.com\/index.php\/2017\/04\/10\/seminaire-gouvernemental-des-7-et-8-avril-2017-communique-final\/\"]}]},{\"@type\":\"ImageObject\",\"inLanguage\":\"fr-FR\",\"@id\":\"https:\/\/guineediversite.com\/index.php\/2017\/04\/10\/seminaire-gouvernemental-des-7-et-8-avril-2017-communique-final\/#primaryimage\",\"url\":\"https:\/\/guineediversite.com\/wp-content\/uploads\/2017\/04\/Th\u00e8mes-1.jpg\",\"contentUrl\":\"https:\/\/guineediversite.com\/wp-content\/uploads\/2017\/04\/Th\u00e8mes-1.jpg\",\"width\":1077,\"height\":718},{\"@type\":\"BreadcrumbList\",\"@id\":\"https:\/\/guineediversite.com\/index.php\/2017\/04\/10\/seminaire-gouvernemental-des-7-et-8-avril-2017-communique-final\/#breadcrumb\",\"itemListElement\":[{\"@type\":\"ListItem\",\"position\":1,\"name\":\"Accueil\",\"item\":\"https:\/\/guineediversite.com\/\"},{\"@type\":\"ListItem\",\"position\":2,\"name\":\"SEMINAIRE GOUVERNEMENTAL DES 7 ET 8 AVRIL 2017: COMMUNIQUE FINAL\"}]},{\"@type\":\"WebSite\",\"@id\":\"https:\/\/guineediversite.com\/#website\",\"url\":\"https:\/\/guineediversite.com\/\",\"name\":\"Guin\u00e9e Diversit\u00e9\",\"description\":\"L&#039;Info dans toute sa diversit\u00e9\",\"publisher\":{\"@id\":\"https:\/\/guineediversite.com\/#organization\"},\"potentialAction\":[{\"@type\":\"SearchAction\",\"target\":{\"@type\":\"EntryPoint\",\"urlTemplate\":\"https:\/\/guineediversite.com\/?s={search_term_string}\"},\"query-input\":{\"@type\":\"PropertyValueSpecification\",\"valueRequired\":true,\"valueName\":\"search_term_string\"}}],\"inLanguage\":\"fr-FR\"},{\"@type\":\"Organization\",\"@id\":\"https:\/\/guineediversite.com\/#organization\",\"name\":\"Guin\u00e9e Diversit\u00e9\",\"url\":\"https:\/\/guineediversite.com\/\",\"logo\":{\"@type\":\"ImageObject\",\"inLanguage\":\"fr-FR\",\"@id\":\"https:\/\/guineediversite.com\/#\/schema\/logo\/image\/\",\"url\":\"https:\/\/guineediversite.com\/wp-content\/uploads\/2017\/04\/cropped-1jojlxEOMkX9Wyqfhe43D6kjPOGqBBKmx3EwWJqZ0cMrFF54yM49.png\",\"contentUrl\":\"https:\/\/guineediversite.com\/wp-content\/uploads\/2017\/04\/cropped-1jojlxEOMkX9Wyqfhe43D6kjPOGqBBKmx3EwWJqZ0cMrFF54yM49.png\",\"width\":186,\"height\":112,\"caption\":\"Guin\u00e9e Diversit\u00e9\"},\"image\":{\"@id\":\"https:\/\/guineediversite.com\/#\/schema\/logo\/image\/\"},\"sameAs\":[\"https:\/\/www.facebook.com\/guineediversite\/\",\"https:\/\/x.com\/GuineeDiversite\",\"https:\/\/www.youtube.com\/channel\/UC8sUY16qelG5ge6_D5SB83g\"]},{\"@type\":\"Person\",\"@id\":\"https:\/\/guineediversite.com\/#\/schema\/person\/afa08fb34e7fc6e1feafc892612bc836\",\"name\":\"Guin\u00e9e Diversit\u00e9\",\"image\":{\"@type\":\"ImageObject\",\"inLanguage\":\"fr-FR\",\"@id\":\"https:\/\/guineediversite.com\/#\/schema\/person\/image\/\",\"url\":\"https:\/\/secure.gravatar.com\/avatar\/50d5eb5b390f8b65ac30ac6f898eb83a?s=96&d=mm&r=g\",\"contentUrl\":\"https:\/\/secure.gravatar.com\/avatar\/50d5eb5b390f8b65ac30ac6f898eb83a?s=96&d=mm&r=g\",\"caption\":\"Guin\u00e9e Diversit\u00e9\"},\"url\":\"https:\/\/guineediversite.com\/index.php\/author\/guineediversite\/\"}]}<\/script>\n<!-- \/ Yoast SEO plugin. -->","yoast_head_json":{"title":"SEMINAIRE GOUVERNEMENTAL DES 7 ET 8 AVRIL 2017: COMMUNIQUE FINAL | Guin\u00e9e Diversit\u00e9","robots":{"index":"index","follow":"follow","max-snippet":"max-snippet:-1","max-image-preview":"max-image-preview:large","max-video-preview":"max-video-preview:-1"},"canonical":"https:\/\/guineediversite.com\/index.php\/2017\/04\/10\/seminaire-gouvernemental-des-7-et-8-avril-2017-communique-final\/","og_locale":"fr_FR","og_type":"article","og_title":"SEMINAIRE GOUVERNEMENTAL DES 7 ET 8 AVRIL 2017: COMMUNIQUE FINAL | Guin\u00e9e Diversit\u00e9","og_description":"Sous la Pr\u00e9sidence effective de Monsieur Mamady Youla, Premier Ministre, Chef du Gouvernement, un S\u00e9minaire gouvernemental s\u2019est d\u00e9roul\u00e9 dans la salle de conf\u00e9rence de l\u2019h\u00f4tel Noom \u00e0 Conakry, les 7 et 8 Avril 2017, sur le th\u00e8me : \u00ab Evaluation des acquis 2016 et pr\u00e9sentation des priorit\u00e9s et perspectives gouvernementales pour 2017 \u00bb. Le S\u00e9minaire [&hellip;]","og_url":"https:\/\/guineediversite.com\/index.php\/2017\/04\/10\/seminaire-gouvernemental-des-7-et-8-avril-2017-communique-final\/","og_site_name":"Guin\u00e9e Diversit\u00e9","article_publisher":"https:\/\/www.facebook.com\/guineediversite\/","article_published_time":"2017-04-10T10:00:08+00:00","article_modified_time":"2017-04-10T20:16:31+00:00","og_image":[{"width":1077,"height":718,"url":"https:\/\/guineediversite.com\/wp-content\/uploads\/2017\/04\/Th\u00e8mes-1.jpg","type":"image\/jpeg"}],"author":"Guin\u00e9e Diversit\u00e9","twitter_card":"summary_large_image","twitter_creator":"@GuineeDiversite","twitter_site":"@GuineeDiversite","twitter_misc":{"\u00c9crit par":"Guin\u00e9e Diversit\u00e9","Dur\u00e9e de lecture estim\u00e9e":"5 minutes"},"schema":{"@context":"https:\/\/schema.org","@graph":[{"@type":"Article","@id":"https:\/\/guineediversite.com\/index.php\/2017\/04\/10\/seminaire-gouvernemental-des-7-et-8-avril-2017-communique-final\/#article","isPartOf":{"@id":"https:\/\/guineediversite.com\/index.php\/2017\/04\/10\/seminaire-gouvernemental-des-7-et-8-avril-2017-communique-final\/"},"author":{"name":"Guin\u00e9e Diversit\u00e9","@id":"https:\/\/guineediversite.com\/#\/schema\/person\/afa08fb34e7fc6e1feafc892612bc836"},"headline":"SEMINAIRE GOUVERNEMENTAL DES 7 ET 8 AVRIL 2017: COMMUNIQUE FINAL","datePublished":"2017-04-10T10:00:08+00:00","dateModified":"2017-04-10T20:16:31+00:00","mainEntityOfPage":{"@id":"https:\/\/guineediversite.com\/index.php\/2017\/04\/10\/seminaire-gouvernemental-des-7-et-8-avril-2017-communique-final\/"},"wordCount":1034,"commentCount":0,"publisher":{"@id":"https:\/\/guineediversite.com\/#organization"},"image":{"@id":"https:\/\/guineediversite.com\/index.php\/2017\/04\/10\/seminaire-gouvernemental-des-7-et-8-avril-2017-communique-final\/#primaryimage"},"thumbnailUrl":"https:\/\/guineediversite.com\/wp-content\/uploads\/2017\/04\/Th\u00e8mes-1.jpg","inLanguage":"fr-FR","potentialAction":[{"@type":"CommentAction","name":"Comment","target":["https:\/\/guineediversite.com\/index.php\/2017\/04\/10\/seminaire-gouvernemental-des-7-et-8-avril-2017-communique-final\/#respond"]}]},{"@type":"WebPage","@id":"https:\/\/guineediversite.com\/index.php\/2017\/04\/10\/seminaire-gouvernemental-des-7-et-8-avril-2017-communique-final\/","url":"https:\/\/guineediversite.com\/index.php\/2017\/04\/10\/seminaire-gouvernemental-des-7-et-8-avril-2017-communique-final\/","name":"SEMINAIRE GOUVERNEMENTAL DES 7 ET 8 AVRIL 2017: COMMUNIQUE FINAL | Guin\u00e9e Diversit\u00e9","isPartOf":{"@id":"https:\/\/guineediversite.com\/#website"},"primaryImageOfPage":{"@id":"https:\/\/guineediversite.com\/index.php\/2017\/04\/10\/seminaire-gouvernemental-des-7-et-8-avril-2017-communique-final\/#primaryimage"},"image":{"@id":"https:\/\/guineediversite.com\/index.php\/2017\/04\/10\/seminaire-gouvernemental-des-7-et-8-avril-2017-communique-final\/#primaryimage"},"thumbnailUrl":"https:\/\/guineediversite.com\/wp-content\/uploads\/2017\/04\/Th\u00e8mes-1.jpg","datePublished":"2017-04-10T10:00:08+00:00","dateModified":"2017-04-10T20:16:31+00:00","breadcrumb":{"@id":"https:\/\/guineediversite.com\/index.php\/2017\/04\/10\/seminaire-gouvernemental-des-7-et-8-avril-2017-communique-final\/#breadcrumb"},"inLanguage":"fr-FR","potentialAction":[{"@type":"ReadAction","target":["https:\/\/guineediversite.com\/index.php\/2017\/04\/10\/seminaire-gouvernemental-des-7-et-8-avril-2017-communique-final\/"]}]},{"@type":"ImageObject","inLanguage":"fr-FR","@id":"https:\/\/guineediversite.com\/index.php\/2017\/04\/10\/seminaire-gouvernemental-des-7-et-8-avril-2017-communique-final\/#primaryimage","url":"https:\/\/guineediversite.com\/wp-content\/uploads\/2017\/04\/Th\u00e8mes-1.jpg","contentUrl":"https:\/\/guineediversite.com\/wp-content\/uploads\/2017\/04\/Th\u00e8mes-1.jpg","width":1077,"height":718},{"@type":"BreadcrumbList","@id":"https:\/\/guineediversite.com\/index.php\/2017\/04\/10\/seminaire-gouvernemental-des-7-et-8-avril-2017-communique-final\/#breadcrumb","itemListElement":[{"@type":"ListItem","position":1,"name":"Accueil","item":"https:\/\/guineediversite.com\/"},{"@type":"ListItem","position":2,"name":"SEMINAIRE GOUVERNEMENTAL DES 7 ET 8 AVRIL 2017: COMMUNIQUE FINAL"}]},{"@type":"WebSite","@id":"https:\/\/guineediversite.com\/#website","url":"https:\/\/guineediversite.com\/","name":"Guin\u00e9e Diversit\u00e9","description":"L&#039;Info dans toute sa diversit\u00e9","publisher":{"@id":"https:\/\/guineediversite.com\/#organization"},"potentialAction":[{"@type":"SearchAction","target":{"@type":"EntryPoint","urlTemplate":"https:\/\/guineediversite.com\/?s={search_term_string}"},"query-input":{"@type":"PropertyValueSpecification","valueRequired":true,"valueName":"search_term_string"}}],"inLanguage":"fr-FR"},{"@type":"Organization","@id":"https:\/\/guineediversite.com\/#organization","name":"Guin\u00e9e Diversit\u00e9","url":"https:\/\/guineediversite.com\/","logo":{"@type":"ImageObject","inLanguage":"fr-FR","@id":"https:\/\/guineediversite.com\/#\/schema\/logo\/image\/","url":"https:\/\/guineediversite.com\/wp-content\/uploads\/2017\/04\/cropped-1jojlxEOMkX9Wyqfhe43D6kjPOGqBBKmx3EwWJqZ0cMrFF54yM49.png","contentUrl":"https:\/\/guineediversite.com\/wp-content\/uploads\/2017\/04\/cropped-1jojlxEOMkX9Wyqfhe43D6kjPOGqBBKmx3EwWJqZ0cMrFF54yM49.png","width":186,"height":112,"caption":"Guin\u00e9e Diversit\u00e9"},"image":{"@id":"https:\/\/guineediversite.com\/#\/schema\/logo\/image\/"},"sameAs":["https:\/\/www.facebook.com\/guineediversite\/","https:\/\/x.com\/GuineeDiversite","https:\/\/www.youtube.com\/channel\/UC8sUY16qelG5ge6_D5SB83g"]},{"@type":"Person","@id":"https:\/\/guineediversite.com\/#\/schema\/person\/afa08fb34e7fc6e1feafc892612bc836","name":"Guin\u00e9e Diversit\u00e9","image":{"@type":"ImageObject","inLanguage":"fr-FR","@id":"https:\/\/guineediversite.com\/#\/schema\/person\/image\/","url":"https:\/\/secure.gravatar.com\/avatar\/50d5eb5b390f8b65ac30ac6f898eb83a?s=96&d=mm&r=g","contentUrl":"https:\/\/secure.gravatar.com\/avatar\/50d5eb5b390f8b65ac30ac6f898eb83a?s=96&d=mm&r=g","caption":"Guin\u00e9e Diversit\u00e9"},"url":"https:\/\/guineediversite.com\/index.php\/author\/guineediversite\/"}]}},"_links":{"self":[{"href":"https:\/\/guineediversite.com\/index.php\/wp-json\/wp\/v2\/posts\/118"}],"collection":[{"href":"https:\/\/guineediversite.com\/index.php\/wp-json\/wp\/v2\/posts"}],"about":[{"href":"https:\/\/guineediversite.com\/index.php\/wp-json\/wp\/v2\/types\/post"}],"author":[{"embeddable":true,"href":"https:\/\/guineediversite.com\/index.php\/wp-json\/wp\/v2\/users\/12"}],"replies":[{"embeddable":true,"href":"https:\/\/guineediversite.com\/index.php\/wp-json\/wp\/v2\/comments?post=118"}],"version-history":[{"count":0,"href":"https:\/\/guineediversite.com\/index.php\/wp-json\/wp\/v2\/posts\/118\/revisions"}],"wp:featuredmedia":[{"embeddable":true,"href":"https:\/\/guineediversite.com\/index.php\/wp-json\/wp\/v2\/media\/120"}],"wp:attachment":[{"href":"https:\/\/guineediversite.com\/index.php\/wp-json\/wp\/v2\/media?parent=118"}],"wp:term":[{"taxonomy":"category","embeddable":true,"href":"https:\/\/guineediversite.com\/index.php\/wp-json\/wp\/v2\/categories?post=118"},{"taxonomy":"post_tag","embeddable":true,"href":"https:\/\/guineediversite.com\/index.php\/wp-json\/wp\/v2\/tags?post=118"}],"curies":[{"name":"wp","href":"https:\/\/api.w.org\/{rel}","templated":true}]}}